{"id":446324,"date":"2019-10-15T00:01:06","date_gmt":"2019-10-15T05:01:06","guid":{"rendered":"https:\/\/www.diarioimagen.net\/?p=446324"},"modified":"2019-10-15T01:26:16","modified_gmt":"2019-10-15T06:26:16","slug":"fallece-una-mujer-durante-incendio-en-tlapaleria-en-ecatepec","status":"publish","type":"post","link":"https:\/\/www.diarioimagen.net\/?p=446324","title":{"rendered":"Fallece una mujer durante incendio en tlapaler\u00eda en Ecatepec"},"content":{"rendered":"<ul>\n<li><em><strong>En la colonia Reyes<\/strong><\/em><\/li>\n<\/ul>\n<p><strong>\u00a0<\/strong><\/p>\n<div id=\"attachment_446325\" style=\"width: 470px\" class=\"wp-caption aligncenter\"><img loading=\"lazy\" decoding=\"async\" aria-describedby=\"caption-attachment-446325\" class=\"size-large wp-image-446325\" src=\"https:\/\/www.diarioimagen.net\/wp-content\/uploads\/2019\/10\/INCENDIO15-por-460x268.jpg\" alt=\"\" width=\"460\" height=\"268\" srcset=\"https:\/\/www.diarioimagen.net\/wp-content\/uploads\/2019\/10\/INCENDIO15-por-460x268.jpg 460w, https:\/\/www.diarioimagen.net\/wp-content\/uploads\/2019\/10\/INCENDIO15-por-240x140.jpg 240w, https:\/\/www.diarioimagen.net\/wp-content\/uploads\/2019\/10\/INCENDIO15-por.jpg 480w\" sizes=\"auto, (max-width: 460px) 100vw, 460px\" \/><p id=\"caption-attachment-446325\" class=\"wp-caption-text\">El incendio en una tlapaler\u00eda ubicada en la colonia Reyes, Ecatepec, dej\u00f3 como saldo una persona muerta.<\/p><\/div>\n<p>&nbsp;<\/p>\n<p><strong>Ecatepec, Estado de M\u00e9xico<\/strong>.- La Coordinaci\u00f3n General de Protecci\u00f3n Civil del Estado de M\u00e9xico report\u00f3 que una mujer perdi\u00f3 la vida, debido a un incendio en una tlapaler\u00eda ubicada en la calle Alfredo B., esquina con Boulevard de Los Heraldos, en la colonia Reyes, Ecatepec.<\/p>\n<p>De acuerdo con reportes preliminares, la v\u00edctima se encontraba en el interior de este negocio cuando ocurri\u00f3 el incendio.<\/p>\n<p>En el lugar, personal de Protecci\u00f3n Civil municipal, bomberos y polic\u00edas municipales trabajaron para sofocar el fuego, y mantuvieron un cerco de seguridad con la finalidad de evitar m\u00e1s percances a los vecinos o transe\u00fantes, adem\u00e1s arribaron peritos de la Fiscal\u00eda de Justicia estatal para efectuar el proceso correspondiente.<\/p>\n","protected":false},"excerpt":{"rendered":"<p>Ecatepec.- La Coordinaci\u00f3n General de Protecci\u00f3n Civil del Estado de M\u00e9xico report\u00f3 que una mujer perdi\u00f3 la vida, debido a un incendio en una tlapaler\u00eda ubicada en la calle Alfredo B., esquina con Boulevard de Los Heraldos, en la colonia Reyes, Ecatepec.<\/p>\n","protected":false},"author":1,"featured_media":446325,"comment_status":"open","ping_status":"open","sticky":false,"template":"","format":"standard","meta":{"_monsterinsights_skip_tracking":false,"_monsterinsights_sitenote_active":false,"_monsterinsights_sitenote_note":"","_monsterinsights_sitenote_category":0,"footnotes":""},"categories":[5],"tags":[88165,88162,454,88164,88163],"class_list":["post-446324","post","type-post","status-publish","format-standard","has-post-thumbnail","hentry","category-estado-de-mexico","tag-boulevard-de-los-heraldos","tag-colonia-reyes","tag-ecatepec","tag-incendio-en-tlapaleria","tag-tlapaleria"],"_links":{"self":[{"href":"https:\/\/www.diarioimagen.net\/index.php?rest_route=\/wp\/v2\/posts\/446324","targetHints":{"allow":["GET"]}}],"collection":[{"href":"https:\/\/www.diarioimagen.net\/index.php?rest_route=\/wp\/v2\/posts"}],"about":[{"href":"https:\/\/www.diarioimagen.net\/index.php?rest_route=\/wp\/v2\/types\/post"}],"author":[{"embeddable":true,"href":"https:\/\/www.diarioimagen.net\/index.php?rest_route=\/wp\/v2\/users\/1"}],"replies":[{"embeddable":true,"href":"https:\/\/www.diarioimagen.net\/index.php?rest_route=%2Fwp%2Fv2%2Fcomments&post=446324"}],"version-history":[{"count":0,"href":"https:\/\/www.diarioimagen.net\/index.php?rest_route=\/wp\/v2\/posts\/446324\/revisions"}],"wp:featuredmedia":[{"embeddable":true,"href":"https:\/\/www.diarioimagen.net\/index.php?rest_route=\/wp\/v2\/media\/446325"}],"wp:attachment":[{"href":"https:\/\/www.diarioimagen.net\/index.php?rest_route=%2Fwp%2Fv2%2Fmedia&parent=446324"}],"wp:term":[{"taxonomy":"category","embeddable":true,"href":"https:\/\/www.diarioimagen.net\/index.php?rest_route=%2Fwp%2Fv2%2Fcategories&post=446324"},{"taxonomy":"post_tag","embeddable":true,"href":"https:\/\/www.diarioimagen.net\/index.php?rest_route=%2Fwp%2Fv2%2Ftags&post=446324"}],"curies":[{"name":"wp","href":"https:\/\/api.w.org\/{rel}","templated":true}]}}