{"id":446353,"date":"2019-10-15T00:03:05","date_gmt":"2019-10-15T05:03:05","guid":{"rendered":"https:\/\/www.diarioimagen.net\/?p=446353"},"modified":"2019-10-15T06:24:16","modified_gmt":"2019-10-15T11:24:16","slug":"inaugura-guerra-alvarez-la-12a-edicion-de-la-feria-nacional-del-libro-juridico","status":"publish","type":"post","link":"https:\/\/www.diarioimagen.net\/?p=446353","title":{"rendered":"Inaugura Guerra \u00c1lvarez la 12\u00aa edici\u00f3n de la Feria Nacional del Libro Jur\u00eddico"},"content":{"rendered":"<ul>\n<li><strong><em>El presidente del Poder Judicial de la CDMX dijo que los libros son tan esenciales como la mente misma, contribuyen a mejorar la impartici\u00f3n de justicia<\/em><\/strong><\/li>\n<li><strong><em>La comisionada ciudadana del Instituto de Transparencia de la CDMX, Elsa Bibiana Peralta Hern\u00e1ndez, record\u00f3 que las ferias de libros, tal y como hoy las conocemos, se realizan desde el siglo XV<\/em><\/strong><\/li>\n<\/ul>\n<p>&nbsp;<\/p>\n<div id=\"attachment_446437\" style=\"width: 470px\" class=\"wp-caption aligncenter\"><a href=\"https:\/\/www.diarioimagen.net\/?attachment_id=446437\" rel=\"attachment wp-att-446437\"><img loading=\"lazy\" decoding=\"async\" aria-describedby=\"caption-attachment-446437\" class=\"size-large wp-image-446437\" src=\"https:\/\/www.diarioimagen.net\/wp-content\/uploads\/2019\/10\/tribunal-3-460x259.jpg\" alt=\"\" width=\"460\" height=\"259\" srcset=\"https:\/\/www.diarioimagen.net\/wp-content\/uploads\/2019\/10\/tribunal-3-460x259.jpg 460w, https:\/\/www.diarioimagen.net\/wp-content\/uploads\/2019\/10\/tribunal-3-240x135.jpg 240w, https:\/\/www.diarioimagen.net\/wp-content\/uploads\/2019\/10\/tribunal-3-235x132.jpg 235w, https:\/\/www.diarioimagen.net\/wp-content\/uploads\/2019\/10\/tribunal-3-202x114.jpg 202w, https:\/\/www.diarioimagen.net\/wp-content\/uploads\/2019\/10\/tribunal-3-350x196.jpg 350w, https:\/\/www.diarioimagen.net\/wp-content\/uploads\/2019\/10\/tribunal-3-220x123.jpg 220w, https:\/\/www.diarioimagen.net\/wp-content\/uploads\/2019\/10\/tribunal-3-237x132.jpg 237w, https:\/\/www.diarioimagen.net\/wp-content\/uploads\/2019\/10\/tribunal-3.jpg 480w\" sizes=\"auto, (max-width: 460px) 100vw, 460px\" \/><\/a><p id=\"caption-attachment-446437\" class=\"wp-caption-text\">El titular del PJCDMX, Rafael Guerra \u00c1lvarez, inaugur\u00f3 la D\u00e9cimo Segunda edici\u00f3n de la Feria Nacional del Libro Jur\u00eddico, que tiene como objetivo el fomento a la lectura y a la cultura jur\u00eddica.<\/p><\/div>\n<p>&nbsp;<\/p>\n<p>El presidente del Poder Judicial de la Ciudad de M\u00e9xico (PJCDMX), magistrado Rafael Guerra \u00c1lvarez, inaugur\u00f3 la D\u00e9cimo Segunda edici\u00f3n de la Feria Nacional del Libro Jur\u00eddico, que tiene como objetivo el fomento a la lectura y de la cultura jur\u00eddica, como un medio para lograr una mejor impartici\u00f3n de justicia y fortalecer el nivel \u00e9tico y de conocimientos de los abogados litigantes y de los juzgadores.<\/p>\n<p>En la ceremonia de inauguraci\u00f3n, el magistrado presidente destac\u00f3 que ya sea entre los magistrados, jueces, secretarios de acuerdos, proyectistas, y en general el personal que labora en la administraci\u00f3n de justicia; los libros son tan esenciales como la mente misma. Por eso, agreg\u00f3, esta feria contribuye a contar con mejores servidores p\u00fablicos y a lograr la impartici\u00f3n de justicia libre e imparcial que merece la ciudadan\u00eda.<\/p>\n<p>Subray\u00f3 que el estudio y el ejercicio libre de la profesi\u00f3n contribuyen\u00a0 a lograr un mejor ejercicio de la funci\u00f3n judicial y a fortalecer los valores \u00e9ticos de esta profesi\u00f3n.<\/p>\n<p>Guerra \u00c1lvarez se pronunci\u00f3 a favor del libro impreso, como una herramienta indispensable para difundir la cultura y dijo que los libros deben de mantener su esencia material. \u201cEl libro impreso debe de seguir siendo un compa\u00f1ero de vida, presente en los momentos de incertidumbre, presente en las noches m\u00e1s oscuras a la luz de una vela, presente en las manos de toda persona de cualquier estrato o condici\u00f3n. El libro impreso nos permite trascender a donde el libro digital ni siquiera puede llegar\u201d, precis\u00f3.<\/p>\n<p>En la ceremonia estuvieron presentes el presidente del Tribunal Federal de Conciliaci\u00f3n y Arbitraje, Pl\u00e1cido Humberto Morales V\u00e1zquez; el presidente del Tribunal Electoral de la Ciudad de M\u00e9xico, Gustavo Anzaldo Hern\u00e1ndez, y la comisionada Ciudadana del Instituto de Transparencia, Acceso a la Informaci\u00f3n P\u00fablica, Protecci\u00f3n de Datos Personales y Rendici\u00f3n de Cuentas de la CDMX, Elsa Bibiana Peralta Hern\u00e1ndez; as\u00ed como el magistrado Antonio Mu\u00f1ozcano Eternod, Integrante de la Cuarta Sala Familiar del Tribunal Superior, y de la magistrada Aurora G\u00f3mez Aguilar, consejera de la Judicatura de la CDMX.<\/p>\n<p>Durante el evento, celebrado en la sede de los Juzgados Civiles del PJCDMX, el magistrado presidente del TFCA, Pl\u00e1cido Humberto Morales V\u00e1zquez, felicit\u00f3 a los organizadores de la exposici\u00f3n, porque dijo que el libro debe ser el gran compa\u00f1ero, que no se va a extinguir por m\u00e1s que avance el desarrollo cient\u00edfico, cibern\u00e9tico y tecnol\u00f3gico. Para quienes trabajan con el derecho y viven diariamente porque haya justicia, el libro debe ser el gran aliado, el consejero y el amigo.<\/p>\n<p>A su vez, Elsa Bibiana Peralta Hern\u00e1ndez, del Instituto de Transparencia, record\u00f3 que las ferias de libros, tal como hoy las conocemos, datan del siglo XV. Resalt\u00f3 que este tipo de actividades, aceran al p\u00fablico a la lectura, independientemente de la forma en que se consuman los textos, ya sea f\u00edsica o electr\u00f3nica. \u201cLos libros, en general, y los jur\u00eddicos, en particular, son el veh\u00edculo de la transmisi\u00f3n de ideas y del paradigma jur\u00eddico, que fomentan el estudio y la discusi\u00f3n del derecho y los temas que la realidad impone\u201d.<\/p>\n<p>Al t\u00e9rmino de la ceremonia de inauguraci\u00f3n, el magistrado Guerra \u00c1lvarez e invitados realizaron un recorrido por los stands, donde m\u00e1s de 35 instituciones y casas editoriales, presentan miles de textos en la materia, que a partir de este lunes y hasta el 25 de octubre, estar\u00e1n en Av. Ni\u00f1os H\u00e9roes n\u00famero 32, colonia Doctores, Alcald\u00eda Cuauht\u00e9moc.<\/p>\n<p>As\u00ed pudieron apreciar ejemplares de la Facultad de Derechos y del Instituto de Investigaciones Jur\u00eddicas de la Universidad Nacional Aut\u00f3noma de M\u00e9xico; del Instituto Electoral de la CDMX, del Tribunal Electoral de la CDMX, as\u00ed como de la Direcci\u00f3n Ejecutiva de Orientaci\u00f3n Ciudadana y Derechos Humanos, de la Suprema Corte de Justicia de la Naci\u00f3n, as\u00ed como del Poder Judicial de la CDMX.<\/p>\n<p>En la feria, organizada por la Direcci\u00f3n General de Anales de Jurisprudencia y Bolet\u00edn Judicial, a cargo del maestro Raciel Garrido Maldonado, se podr\u00e1 gozar de un amplio programa con m\u00e1s de 10 conferencias, 12 presentaciones de libros, siete conciertos, dos mesas redondas y, por primera vez, un bazar de libros gratuitos.<\/p>\n","protected":false},"excerpt":{"rendered":"<p>El presidente del Poder Judicial de la Ciudad de M\u00e9xico (PJCDMX), magistrado Rafael Guerra \u00c1lvarez, inaugur\u00f3 la D\u00e9cimo Segunda edici\u00f3n de la Feria Nacional del Libro Jur\u00eddico, que tiene como objetivo el fomento a la lectura y de la cultura jur\u00eddica, como un medio para lograr una mejor impartici\u00f3n de justicia y fortalecer el nivel \u00e9tico y de conocimientos de los abogados litigantes y de los juzgadores.<\/p>\n","protected":false},"author":3,"featured_media":446437,"comment_status":"open","ping_status":"open","sticky":false,"template":"","format":"standard","meta":{"_monsterinsights_skip_tracking":false,"_monsterinsights_sitenote_active":false,"_monsterinsights_sitenote_note":"","_monsterinsights_sitenote_category":0,"footnotes":""},"categories":[6],"tags":[88153,87380,79994],"class_list":["post-446353","post","type-post","status-publish","format-standard","has-post-thumbnail","hentry","category-cd-de-mexico","tag-feria-nacional-del-libro-juridico","tag-poder-judicial-de-la-ciudad-de-mexico","tag-rafael-guerra-alvarez"],"_links":{"self":[{"href":"https:\/\/www.diarioimagen.net\/index.php?rest_route=\/wp\/v2\/posts\/446353","targetHints":{"allow":["GET"]}}],"collection":[{"href":"https:\/\/www.diarioimagen.net\/index.php?rest_route=\/wp\/v2\/posts"}],"about":[{"href":"https:\/\/www.diarioimagen.net\/index.php?rest_route=\/wp\/v2\/types\/post"}],"author":[{"embeddable":true,"href":"https:\/\/www.diarioimagen.net\/index.php?rest_route=\/wp\/v2\/users\/3"}],"replies":[{"embeddable":true,"href":"https:\/\/www.diarioimagen.net\/index.php?rest_route=%2Fwp%2Fv2%2Fcomments&post=446353"}],"version-history":[{"count":0,"href":"https:\/\/www.diarioimagen.net\/index.php?rest_route=\/wp\/v2\/posts\/446353\/revisions"}],"wp:featuredmedia":[{"embeddable":true,"href":"https:\/\/www.diarioimagen.net\/index.php?rest_route=\/wp\/v2\/media\/446437"}],"wp:attachment":[{"href":"https:\/\/www.diarioimagen.net\/index.php?rest_route=%2Fwp%2Fv2%2Fmedia&parent=446353"}],"wp:term":[{"taxonomy":"category","embeddable":true,"href":"https:\/\/www.diarioimagen.net\/index.php?rest_route=%2Fwp%2Fv2%2Fcategories&post=446353"},{"taxonomy":"post_tag","embeddable":true,"href":"https:\/\/www.diarioimagen.net\/index.php?rest_route=%2Fwp%2Fv2%2Ftags&post=446353"}],"curies":[{"name":"wp","href":"https:\/\/api.w.org\/{rel}","templated":true}]}}