{"id":446369,"date":"2019-10-15T00:05:14","date_gmt":"2019-10-15T05:05:14","guid":{"rendered":"https:\/\/www.diarioimagen.net\/?p=446369"},"modified":"2019-10-15T06:34:12","modified_gmt":"2019-10-15T11:34:12","slug":"califican-de-exitoso-el-programa-de-mentores-academicos-de-uaem","status":"publish","type":"post","link":"https:\/\/www.diarioimagen.net\/?p=446369","title":{"rendered":"Califican de exitoso el Programa de Mentores Acad\u00e9micos de UAEM"},"content":{"rendered":"<ul>\n<li><em><strong>Fomenta solidaridad, generosidad y empat\u00eda<\/strong><\/em><\/li>\n<li><em><strong>Apoyaron a mil 587 estudiantes con asesor\u00edas en diversas \u00e1reas<\/strong><\/em><\/li>\n<\/ul>\n<p>&nbsp;<\/p>\n<div id=\"attachment_446446\" style=\"width: 470px\" class=\"wp-caption aligncenter\"><a href=\"https:\/\/www.diarioimagen.net\/?attachment_id=446446\" rel=\"attachment wp-att-446446\"><img loading=\"lazy\" decoding=\"async\" aria-describedby=\"caption-attachment-446446\" class=\"size-large wp-image-446446\" src=\"https:\/\/www.diarioimagen.net\/wp-content\/uploads\/2019\/10\/UAEM-10-460x259.jpg\" alt=\"\" width=\"460\" height=\"259\" srcset=\"https:\/\/www.diarioimagen.net\/wp-content\/uploads\/2019\/10\/UAEM-10-460x259.jpg 460w, https:\/\/www.diarioimagen.net\/wp-content\/uploads\/2019\/10\/UAEM-10-240x135.jpg 240w, https:\/\/www.diarioimagen.net\/wp-content\/uploads\/2019\/10\/UAEM-10-235x132.jpg 235w, https:\/\/www.diarioimagen.net\/wp-content\/uploads\/2019\/10\/UAEM-10-202x114.jpg 202w, https:\/\/www.diarioimagen.net\/wp-content\/uploads\/2019\/10\/UAEM-10-350x196.jpg 350w, https:\/\/www.diarioimagen.net\/wp-content\/uploads\/2019\/10\/UAEM-10-220x123.jpg 220w, https:\/\/www.diarioimagen.net\/wp-content\/uploads\/2019\/10\/UAEM-10-237x132.jpg 237w, https:\/\/www.diarioimagen.net\/wp-content\/uploads\/2019\/10\/UAEM-10.jpg 480w\" sizes=\"auto, (max-width: 460px) 100vw, 460px\" \/><\/a><p id=\"caption-attachment-446446\" class=\"wp-caption-text\">El secretario de Docencia de la UAEM, Marco Antonio Luna Pichardo, detall\u00f3 que los mentores participaron en 32 organismos acad\u00e9micos, 27 de estudios profesionales y cinco de nivel medio superior.<\/p><\/div>\n<p>&nbsp;<\/p>\n<p><strong>Toluca, Estado de M\u00e9xico<\/strong>.\u2013 Durante el primer semestre de 2019 un total de 181 alumnos de la Universidad Aut\u00f3noma del Estado de M\u00e9xico participaron como mentores acad\u00e9micos y apoyaron a mil 587 estudiantes con asesor\u00edas en diversas \u00e1reas del conocimiento.<\/p>\n<p>En el marco de la entrega de reconocimientos a estos universitarios, el secretario de Docencia de la UAEM, Marco Antonio Luna Pichardo, detall\u00f3 que los mentores participaron en 32 organismos acad\u00e9micos, 27 de estudios profesionales y cinco de nivel medio superior.<\/p>\n<p>Indic\u00f3 que del total de alumnos asesorados, mil 267 aprobaron la materia en la que recibieron mentor\u00eda, lo que refleja 80 por ciento de efectividad; asimismo, refiri\u00f3 que los estudiantes otorgaron entre una y 14 asesor\u00edas.<\/p>\n<p>Luna Pichardo puntualiz\u00f3 que el Programa de Asesor\u00eda Disciplinar por Mentores Acad\u00e9micos inici\u00f3 en 2013, tanto en nivel medio superior como en los estudios profesionales. En su arranque, apunt\u00f3, participaron 50 mentores en cinco espacios acad\u00e9micos, quienes atendieron a 60 alumnos en siete unidades de aprendizaje.<\/p>\n<p>Ante la directora de Apoyo Acad\u00e9mico a Estudiantes y Egresados, Claudia Adriana Rodr\u00edguez Guadarrama, enfatiz\u00f3 que este programa fomenta valores caracter\u00edsticos de las universidades p\u00fablicas como la solidaridad, la generosidad y la empat\u00eda.<\/p>\n<p>En el Plantel \u201cLic. Adolfo L\u00f3pez Mateos\u201d de la Escuela Preparatoria, Marco Antonio Luna Pichardo manifest\u00f3 que los mentores recibir\u00e1n un apoyo econ\u00f3mico de acuerdo con el n\u00famero de asesor\u00edas que brindaron. Abund\u00f3 que las instituciones de educaci\u00f3n deben proporcionar una educaci\u00f3n inclusiva, equitativa y de calidad.<\/p>\n<p>Por su parte, el director de este espacio acad\u00e9mico, Camerino Ju\u00e1rez Toledo, asever\u00f3 que la docencia promueve que los j\u00f3venes adquieran una concepci\u00f3n universal y human\u00edstica del mundo. Los mentores acad\u00e9micos, dijo, abonan a que los j\u00f3venes fortalezcan sus competencias y adquieran posturas cr\u00edticas y reflexivas.<\/p>\n","protected":false},"excerpt":{"rendered":"<p>Durante el primer semestre de 2019 un total de 181 alumnos de la Universidad Aut\u00f3noma del Estado de M\u00e9xico participaron como mentores acad\u00e9micos y apoyaron a mil 587 estudiantes con asesor\u00edas en diversas \u00e1reas del conocimiento.<\/p>\n","protected":false},"author":3,"featured_media":446446,"comment_status":"open","ping_status":"open","sticky":false,"template":"","format":"standard","meta":{"_monsterinsights_skip_tracking":false,"_monsterinsights_sitenote_active":false,"_monsterinsights_sitenote_note":"","_monsterinsights_sitenote_category":0,"footnotes":""},"categories":[5],"tags":[43675,8203,452,1491],"class_list":["post-446369","post","type-post","status-publish","format-standard","has-post-thumbnail","hentry","category-estado-de-mexico","tag-estado-de-mexico","tag-menores","tag-toluca","tag-uaem"],"_links":{"self":[{"href":"https:\/\/www.diarioimagen.net\/index.php?rest_route=\/wp\/v2\/posts\/446369","targetHints":{"allow":["GET"]}}],"collection":[{"href":"https:\/\/www.diarioimagen.net\/index.php?rest_route=\/wp\/v2\/posts"}],"about":[{"href":"https:\/\/www.diarioimagen.net\/index.php?rest_route=\/wp\/v2\/types\/post"}],"author":[{"embeddable":true,"href":"https:\/\/www.diarioimagen.net\/index.php?rest_route=\/wp\/v2\/users\/3"}],"replies":[{"embeddable":true,"href":"https:\/\/www.diarioimagen.net\/index.php?rest_route=%2Fwp%2Fv2%2Fcomments&post=446369"}],"version-history":[{"count":0,"href":"https:\/\/www.diarioimagen.net\/index.php?rest_route=\/wp\/v2\/posts\/446369\/revisions"}],"wp:featuredmedia":[{"embeddable":true,"href":"https:\/\/www.diarioimagen.net\/index.php?rest_route=\/wp\/v2\/media\/446446"}],"wp:attachment":[{"href":"https:\/\/www.diarioimagen.net\/index.php?rest_route=%2Fwp%2Fv2%2Fmedia&parent=446369"}],"wp:term":[{"taxonomy":"category","embeddable":true,"href":"https:\/\/www.diarioimagen.net\/index.php?rest_route=%2Fwp%2Fv2%2Fcategories&post=446369"},{"taxonomy":"post_tag","embeddable":true,"href":"https:\/\/www.diarioimagen.net\/index.php?rest_route=%2Fwp%2Fv2%2Ftags&post=446369"}],"curies":[{"name":"wp","href":"https:\/\/api.w.org\/{rel}","templated":true}]}}