{"id":446377,"date":"2019-10-15T00:02:58","date_gmt":"2019-10-15T05:02:58","guid":{"rendered":"https:\/\/www.diarioimagen.net\/?p=446377"},"modified":"2019-10-15T08:36:15","modified_gmt":"2019-10-15T13:36:15","slug":"en-huixquilucan-entregan-uniformes-a-ninos-y-jovenes","status":"publish","type":"post","link":"https:\/\/www.diarioimagen.net\/?p=446377","title":{"rendered":"En Huixquilucan entregan uniformes a ni\u00f1os y j\u00f3venes"},"content":{"rendered":"<ul>\n<li><strong><em>Fomentan la pr\u00e1ctica deportiva<\/em><\/strong><\/li>\n<\/ul>\n<p>&nbsp;<\/p>\n<div id=\"attachment_446459\" style=\"width: 470px\" class=\"wp-caption aligncenter\"><a href=\"https:\/\/www.diarioimagen.net\/?attachment_id=446459\" rel=\"attachment wp-att-446459\"><img loading=\"lazy\" decoding=\"async\" aria-describedby=\"caption-attachment-446459\" class=\"size-large wp-image-446459\" src=\"https:\/\/www.diarioimagen.net\/wp-content\/uploads\/2019\/10\/HUIXQUILUCAN-3-460x311.jpg\" alt=\"\" width=\"460\" height=\"311\" srcset=\"https:\/\/www.diarioimagen.net\/wp-content\/uploads\/2019\/10\/HUIXQUILUCAN-3-460x311.jpg 460w, https:\/\/www.diarioimagen.net\/wp-content\/uploads\/2019\/10\/HUIXQUILUCAN-3-240x162.jpg 240w, https:\/\/www.diarioimagen.net\/wp-content\/uploads\/2019\/10\/HUIXQUILUCAN-3.jpg 700w\" sizes=\"auto, (max-width: 460px) 100vw, 460px\" \/><\/a><p id=\"caption-attachment-446459\" class=\"wp-caption-text\">El titular del Instituto Municipal del Deporte, Germ\u00e1n Anaya Viteri, inform\u00f3 que gracias a los recursos asignados a su \u00e1rea, se han impartido m\u00e1s de 3 mil 500 clases gratuitas.<\/p><\/div>\n<p>&nbsp;<\/p>\n<p><strong>Huixquilucan, Estado de M\u00e9xico<\/strong>.- Al asegurar que seguir\u00e1\u00a0 trabajando muy fuerte en el fortalecimiento del deporte, Enrique Vargas del Villar, presidente municipal de Huixquilucan, entreg\u00f3\u00a0 450 uniformes e implementos deportivos a ni\u00f1os y j\u00f3venes que recientemente participaron en los cursos de verano.<\/p>\n<p>El alcalde record\u00f3 que en el municipio se han realizado eventos deportivos importantes y \u00e9stos seguir\u00e1n teniendo lugar como lo es la carrera de katrinas, que se realizar\u00e1 el pr\u00f3ximo 27 de octubre en la cabecera municipal con mil 200 participantes inscritos.<\/p>\n<p>Detall\u00f3, que su administraci\u00f3n ha apoyado a deportistas de alto rendimiento por lo que propondr\u00e1 para el pr\u00f3ximo a\u00f1o becas deportivas municipales y con ello seguir impulsando la activaci\u00f3n f\u00edsica.<\/p>\n<p>El titular del Instituto Municipal del deporte, Germ\u00e1n Anaya Viteri, inform\u00f3 que gracias a los recursos asignados a su \u00e1rea, se han impartido m\u00e1s de 3 mil 500 clases gratuitas de tenis, mini tenis, zumba, karate, f\u00fatbol, patinaje y rugby entre otras.<\/p>\n<p>El entrenador Alfonso Flores Hermenegildo, agradeci\u00f3 a nombre de\u00a0 los beneficiarios por los uniformes entregados ya que estos fomentan la pr\u00e1ctica de alg\u00fan deporte entre la ni\u00f1ez y juventud, los aleja de vicios y una vida sedentaria as\u00ed como fortalece la uni\u00f3n familiar.<\/p>\n","protected":false},"excerpt":{"rendered":"<p>Al asegurar que seguir\u00e1\u00a0 trabajando muy fuerte en el fortalecimiento del deporte, Enrique Vargas del Villar, presidente municipal de Huixquilucan, entreg\u00f3\u00a0 450 uniformes e implementos deportivos a ni\u00f1os y j\u00f3venes que recientemente participaron en los cursos de verano.<\/p>\n","protected":false},"author":3,"featured_media":446459,"comment_status":"open","ping_status":"open","sticky":false,"template":"","format":"standard","meta":{"_monsterinsights_skip_tracking":false,"_monsterinsights_sitenote_active":false,"_monsterinsights_sitenote_note":"","_monsterinsights_sitenote_category":0,"footnotes":""},"categories":[5],"tags":[43675,1097,260,67782],"class_list":["post-446377","post","type-post","status-publish","format-standard","has-post-thumbnail","hentry","category-estado-de-mexico","tag-estado-de-mexico","tag-huixquilucan","tag-jovenes","tag-uniformes"],"_links":{"self":[{"href":"https:\/\/www.diarioimagen.net\/index.php?rest_route=\/wp\/v2\/posts\/446377","targetHints":{"allow":["GET"]}}],"collection":[{"href":"https:\/\/www.diarioimagen.net\/index.php?rest_route=\/wp\/v2\/posts"}],"about":[{"href":"https:\/\/www.diarioimagen.net\/index.php?rest_route=\/wp\/v2\/types\/post"}],"author":[{"embeddable":true,"href":"https:\/\/www.diarioimagen.net\/index.php?rest_route=\/wp\/v2\/users\/3"}],"replies":[{"embeddable":true,"href":"https:\/\/www.diarioimagen.net\/index.php?rest_route=%2Fwp%2Fv2%2Fcomments&post=446377"}],"version-history":[{"count":0,"href":"https:\/\/www.diarioimagen.net\/index.php?rest_route=\/wp\/v2\/posts\/446377\/revisions"}],"wp:featuredmedia":[{"embeddable":true,"href":"https:\/\/www.diarioimagen.net\/index.php?rest_route=\/wp\/v2\/media\/446459"}],"wp:attachment":[{"href":"https:\/\/www.diarioimagen.net\/index.php?rest_route=%2Fwp%2Fv2%2Fmedia&parent=446377"}],"wp:term":[{"taxonomy":"category","embeddable":true,"href":"https:\/\/www.diarioimagen.net\/index.php?rest_route=%2Fwp%2Fv2%2Fcategories&post=446377"},{"taxonomy":"post_tag","embeddable":true,"href":"https:\/\/www.diarioimagen.net\/index.php?rest_route=%2Fwp%2Fv2%2Ftags&post=446377"}],"curies":[{"name":"wp","href":"https:\/\/api.w.org\/{rel}","templated":true}]}}