{"id":446568,"date":"2019-10-16T00:04:34","date_gmt":"2019-10-16T05:04:34","guid":{"rendered":"https:\/\/www.diarioimagen.net\/?p=446568"},"modified":"2019-10-16T09:11:04","modified_gmt":"2019-10-16T14:11:04","slug":"promueven-convivencia-familiar-con-carrera-atletica-en-cuautitlan","status":"publish","type":"post","link":"https:\/\/www.diarioimagen.net\/?p=446568","title":{"rendered":"Promueven convivencia familiar con carrera atl\u00e9tica en Cuautitl\u00e1n"},"content":{"rendered":"<ul>\n<li><strong><em>Gran activaci\u00f3n f\u00edsica<\/em><\/strong><\/li>\n<\/ul>\n<p>&nbsp;<\/p>\n<div id=\"attachment_446636\" style=\"width: 470px\" class=\"wp-caption aligncenter\"><a href=\"https:\/\/www.diarioimagen.net\/?attachment_id=446636\" rel=\"attachment wp-att-446636\"><img loading=\"lazy\" decoding=\"async\" aria-describedby=\"caption-attachment-446636\" class=\"size-large wp-image-446636\" src=\"https:\/\/www.diarioimagen.net\/wp-content\/uploads\/2019\/10\/cuautitlan-1-460x259.jpg\" alt=\"\" width=\"460\" height=\"259\" srcset=\"https:\/\/www.diarioimagen.net\/wp-content\/uploads\/2019\/10\/cuautitlan-1-460x259.jpg 460w, https:\/\/www.diarioimagen.net\/wp-content\/uploads\/2019\/10\/cuautitlan-1-240x135.jpg 240w, https:\/\/www.diarioimagen.net\/wp-content\/uploads\/2019\/10\/cuautitlan-1-235x132.jpg 235w, https:\/\/www.diarioimagen.net\/wp-content\/uploads\/2019\/10\/cuautitlan-1-202x114.jpg 202w, https:\/\/www.diarioimagen.net\/wp-content\/uploads\/2019\/10\/cuautitlan-1-350x196.jpg 350w, https:\/\/www.diarioimagen.net\/wp-content\/uploads\/2019\/10\/cuautitlan-1-220x123.jpg 220w, https:\/\/www.diarioimagen.net\/wp-content\/uploads\/2019\/10\/cuautitlan-1-237x132.jpg 237w, https:\/\/www.diarioimagen.net\/wp-content\/uploads\/2019\/10\/cuautitlan-1.jpg 480w\" sizes=\"auto, (max-width: 460px) 100vw, 460px\" \/><\/a><p id=\"caption-attachment-446636\" class=\"wp-caption-text\">En su primera emisi\u00f3n esta carrera fue realizada en coordinaci\u00f3n con el Instituto de Cultura F\u00edsica y Deporte, contando con la participaci\u00f3n de m\u00e1s 300 corredores.<\/p><\/div>\n<p>&nbsp;<\/p>\n<p><strong>Cuautitl\u00e1n, Estado de M\u00e9xico<\/strong>.- Con el objetivo de promover la participaci\u00f3n de las familias en actividades deportivas, mejorar las relaciones interpersonales y fomentar la activaci\u00f3n f\u00edsica, se llev\u00f3 a cabo la Carrera Atl\u00e9tica 5k 2019 organizada por el gobierno de Cuautitl\u00e1n, en las principales avenidas del municipio.<\/p>\n<p>En su primera emisi\u00f3n esta carrera fue realizada en coordinaci\u00f3n con el Instituto de Cultura F\u00edsica y Deporte, contando con la participaci\u00f3n de m\u00e1s 300 corredores provenientes de diversos municipios y de la Ciudad de M\u00e9xico, quienes arrancaron la competencia en punto de las 8 de la ma\u00f1ana.<\/p>\n<p>Los corredores de las categor\u00edas femenil libre, varonil libre y juvenil (hasta los 17 a\u00f1os), adem\u00e1s de los corredores en sillas de ruedas, salieron de la avenida prolongaci\u00f3n Morelos, hacia la meta en el Estadio municipal Los Pinos donde se realiz\u00f3 la premiaci\u00f3n a los tres primeros lugares de cada categor\u00eda, acompa\u00f1ados de familiares y amigos.<\/p>\n<p>Los ganadores de la categor\u00eda Femenil libre son: 1\u00ba lslas Lozano Ema; 2\u00ba Rivero Rivero Noem\u00ed; 3\u00ba lozano Orozco Jazm\u00edn; Varonil libre: Mireles Romero Francisco; Le\u00f3n Morales Eduardo; 3\u00ba Alejandro Alejandre S\u00e1nchez;\u00a0 Juvenil: 1\u00ba Arcega Arellano Axel; 2\u00ba Emanuel D\u00edaz Fuentes;3\u00ba\u00a0 Magdalena Carrera Pineda, adem\u00e1s de los corredores en sillas de ruedas: 1\u00ba Antonio Cruz; 2\u00ba V\u00edctor Rend\u00f3n y 3\u00ba Guadalupe M\u00e9ndez.<\/p>\n<p>Durante el desarrollo de la carrera se aplic\u00f3 un operativo de seguridad y vigilancia por elementos de la direcci\u00f3n de Seguridad P\u00fablica y Tr\u00e1nsito Municipal, en coordinaci\u00f3n con otras \u00e1reas del gobierno local, por lo que en todo momento se observ\u00f3 gran participaci\u00f3n ciudadana y civilidad\u00a0 en las avenidas y calles por donde pasaron los corredores.<\/p>\n<p>El comit\u00e9 organizador inform\u00f3 al t\u00e9rmino de la justa deportiva que no se presentaron incidentes y ya se planea la pr\u00f3xima carrera atl\u00e9tica en Cuautitl\u00e1n, en la cual dijeron, se espera un mayor n\u00famero de corredores provenientes de municipios vecinos y otras entidades\u00a0 del pa\u00eds.<\/p>\n","protected":false},"excerpt":{"rendered":"<p>Con el objetivo de promover la participaci\u00f3n de las familias en actividades deportivas, mejorar las relaciones interpersonales y fomentar la activaci\u00f3n f\u00edsica, se llev\u00f3 a cabo la Carrera Atl\u00e9tica 5k 2019 organizada por el gobierno de Cuautitl\u00e1n, en las principales avenidas del municipio.<\/p>\n","protected":false},"author":3,"featured_media":446636,"comment_status":"open","ping_status":"open","sticky":false,"template":"","format":"standard","meta":{"_monsterinsights_skip_tracking":false,"_monsterinsights_sitenote_active":false,"_monsterinsights_sitenote_note":"","_monsterinsights_sitenote_category":0,"footnotes":""},"categories":[5],"tags":[67022,681,43675],"class_list":["post-446568","post","type-post","status-publish","format-standard","has-post-thumbnail","hentry","category-estado-de-mexico","tag-carrera-atletica","tag-cuautitlan","tag-estado-de-mexico"],"_links":{"self":[{"href":"https:\/\/www.diarioimagen.net\/index.php?rest_route=\/wp\/v2\/posts\/446568","targetHints":{"allow":["GET"]}}],"collection":[{"href":"https:\/\/www.diarioimagen.net\/index.php?rest_route=\/wp\/v2\/posts"}],"about":[{"href":"https:\/\/www.diarioimagen.net\/index.php?rest_route=\/wp\/v2\/types\/post"}],"author":[{"embeddable":true,"href":"https:\/\/www.diarioimagen.net\/index.php?rest_route=\/wp\/v2\/users\/3"}],"replies":[{"embeddable":true,"href":"https:\/\/www.diarioimagen.net\/index.php?rest_route=%2Fwp%2Fv2%2Fcomments&post=446568"}],"version-history":[{"count":0,"href":"https:\/\/www.diarioimagen.net\/index.php?rest_route=\/wp\/v2\/posts\/446568\/revisions"}],"wp:featuredmedia":[{"embeddable":true,"href":"https:\/\/www.diarioimagen.net\/index.php?rest_route=\/wp\/v2\/media\/446636"}],"wp:attachment":[{"href":"https:\/\/www.diarioimagen.net\/index.php?rest_route=%2Fwp%2Fv2%2Fmedia&parent=446568"}],"wp:term":[{"taxonomy":"category","embeddable":true,"href":"https:\/\/www.diarioimagen.net\/index.php?rest_route=%2Fwp%2Fv2%2Fcategories&post=446568"},{"taxonomy":"post_tag","embeddable":true,"href":"https:\/\/www.diarioimagen.net\/index.php?rest_route=%2Fwp%2Fv2%2Ftags&post=446568"}],"curies":[{"name":"wp","href":"https:\/\/api.w.org\/{rel}","templated":true}]}}