{"id":446570,"date":"2019-10-16T00:02:42","date_gmt":"2019-10-16T05:02:42","guid":{"rendered":"https:\/\/www.diarioimagen.net\/?p=446570"},"modified":"2019-10-16T09:11:52","modified_gmt":"2019-10-16T14:11:52","slug":"avanzan-acciones-en-favor-de-asociaciones-en-atizapan","status":"publish","type":"post","link":"https:\/\/www.diarioimagen.net\/?p=446570","title":{"rendered":"Avanzan acciones en favor de asociaciones en Atizap\u00e1n"},"content":{"rendered":"<ul>\n<li><strong><em>Emprenden programa de Incubamiento<\/em><\/strong><\/li>\n<\/ul>\n<p>&nbsp;<\/p>\n<div id=\"attachment_446639\" style=\"width: 470px\" class=\"wp-caption aligncenter\"><a href=\"https:\/\/www.diarioimagen.net\/?attachment_id=446639\" rel=\"attachment wp-att-446639\"><img loading=\"lazy\" decoding=\"async\" aria-describedby=\"caption-attachment-446639\" class=\"size-large wp-image-446639\" src=\"https:\/\/www.diarioimagen.net\/wp-content\/uploads\/2019\/10\/ATIZAP\u00c1N-2-460x259.jpg\" alt=\"\" width=\"460\" height=\"259\" srcset=\"https:\/\/www.diarioimagen.net\/wp-content\/uploads\/2019\/10\/ATIZAP\u00c1N-2-460x259.jpg 460w, https:\/\/www.diarioimagen.net\/wp-content\/uploads\/2019\/10\/ATIZAP\u00c1N-2-240x135.jpg 240w, https:\/\/www.diarioimagen.net\/wp-content\/uploads\/2019\/10\/ATIZAP\u00c1N-2-235x132.jpg 235w, https:\/\/www.diarioimagen.net\/wp-content\/uploads\/2019\/10\/ATIZAP\u00c1N-2-202x114.jpg 202w, https:\/\/www.diarioimagen.net\/wp-content\/uploads\/2019\/10\/ATIZAP\u00c1N-2-350x196.jpg 350w, https:\/\/www.diarioimagen.net\/wp-content\/uploads\/2019\/10\/ATIZAP\u00c1N-2-220x123.jpg 220w, https:\/\/www.diarioimagen.net\/wp-content\/uploads\/2019\/10\/ATIZAP\u00c1N-2-237x132.jpg 237w, https:\/\/www.diarioimagen.net\/wp-content\/uploads\/2019\/10\/ATIZAP\u00c1N-2.jpg 480w\" sizes=\"auto, (max-width: 460px) 100vw, 460px\" \/><\/a><p id=\"caption-attachment-446639\" class=\"wp-caption-text\">Destacan la importancia de la participaci\u00f3n de las Organizaciones de la Sociedad Civil (OSC\u2019s ) para atender necesidades de la poblaci\u00f3n.<\/p><\/div>\n<p>&nbsp;<\/p>\n<p><strong>Atizap\u00e1n, Estado de M\u00e9xico<\/strong>.- Autoridades de los gobiernos estatal y de Atizap\u00e1n de Zaragoza se reunieron con m\u00e1s de 40 Asociaciones Civiles en el \u201cForo \u00a1ASI VAMOS! Avance de los ODS desde las OSC\u2019s del Estado de M\u00e9xico\u201d, para impulsar su participaci\u00f3n en favor de la poblaci\u00f3n y concretar su relaci\u00f3n con los tres niveles de gobierno.<\/p>\n<p>El Director de Desarrollo Econ\u00f3mico, Alfonso C\u00e1rdenas Zepeda, se\u00f1al\u00f3 que la administraci\u00f3n municipal, encabezada por la alcaldesa Ruth Olvera Nieto, emprende el programa de Incubamiento de Asociaciones Civiles y cooperativas, de las cuales al menos siete ya recibieron su acta constitutiva y cinco se encuentran en proceso.<\/p>\n<p>\u201cA trav\u00e9s de la Direcci\u00f3n de Desarrollo Econ\u00f3mico municipal se gestiona apoyo para su constituci\u00f3n ante Notario a un bajo costo, adem\u00e1s de asesor\u00eda y capacitaci\u00f3n para convertirse en donataria autorizada.<\/p>\n<p>\u201cLa convocatoria est\u00e1 abierta a cualquier grupo de ciudadanos interesados en constituir una A.C. o Cooperativa con domicilio en Atizap\u00e1n de Zaragoza\u201d.<\/p>\n<p>El funcionario local apunt\u00f3 que estas organizaciones son muy importantes para la sociedad porque contribuyen en la generaci\u00f3n de empleo, adem\u00e1s de apoyar y acotar a los gobiernos en la implementaci\u00f3n de pol\u00edticas p\u00fablicas.<\/p>\n<p>En ese sentido, destac\u00f3 que entre los perfiles de las asociaciones y cooperativas de Atizap\u00e1n reci\u00e9n constituidas cultural, asistencial, de identidad y arraigo, ecol\u00f3gicas, derechos humanos y desarrollo econ\u00f3mico y seguridad.<\/p>\n<p>Durante un desayuno realizado en el Club de Golf La Hacienda, el Subsecretario de Desarrollo Pol\u00edtico del gobierno del Estado de M\u00e9xico, mencion\u00f3 la importancia de la participaci\u00f3n de las Organizaciones de la Sociedad Civil (OSC\u2019s ) para atender a la poblaci\u00f3n que lo requiera y destac\u00f3 que se esencialmente se busca brindarles acciones de divulgaci\u00f3n para la construcci\u00f3n de Equidad de G\u00e9nero en la entidad.<\/p>\n<p>Se cont\u00f3 con la participaci\u00f3n de representantes de Fundacion Cri-Cri, Pilares de la Familia y M\u00e1s Ciudadan\u00eda, quienes expusieron su trabajo y la satisfacci\u00f3n que ofrece trabajar para un bien com\u00fan.<\/p>\n","protected":false},"excerpt":{"rendered":"<p>Autoridades de los gobiernos estatal y de Atizap\u00e1n de Zaragoza se reunieron con m\u00e1s de 40 Asociaciones Civiles en el \u201cForo \u00a1ASI VAMOS! Avance de los ODS desde las OSC\u2019s del Estado de M\u00e9xico\u201d, para impulsar su participaci\u00f3n en favor de la poblaci\u00f3n y concretar su relaci\u00f3n con los tres niveles de gobierno.<\/p>\n","protected":false},"author":3,"featured_media":446639,"comment_status":"open","ping_status":"open","sticky":false,"template":"","format":"standard","meta":{"_monsterinsights_skip_tracking":false,"_monsterinsights_sitenote_active":false,"_monsterinsights_sitenote_note":"","_monsterinsights_sitenote_category":0,"footnotes":""},"categories":[5],"tags":[46009,88213,969,43675],"class_list":["post-446570","post","type-post","status-publish","format-standard","has-post-thumbnail","hentry","category-estado-de-mexico","tag-acciones","tag-asociaciones","tag-atizapan","tag-estado-de-mexico"],"_links":{"self":[{"href":"https:\/\/www.diarioimagen.net\/index.php?rest_route=\/wp\/v2\/posts\/446570","targetHints":{"allow":["GET"]}}],"collection":[{"href":"https:\/\/www.diarioimagen.net\/index.php?rest_route=\/wp\/v2\/posts"}],"about":[{"href":"https:\/\/www.diarioimagen.net\/index.php?rest_route=\/wp\/v2\/types\/post"}],"author":[{"embeddable":true,"href":"https:\/\/www.diarioimagen.net\/index.php?rest_route=\/wp\/v2\/users\/3"}],"replies":[{"embeddable":true,"href":"https:\/\/www.diarioimagen.net\/index.php?rest_route=%2Fwp%2Fv2%2Fcomments&post=446570"}],"version-history":[{"count":0,"href":"https:\/\/www.diarioimagen.net\/index.php?rest_route=\/wp\/v2\/posts\/446570\/revisions"}],"wp:featuredmedia":[{"embeddable":true,"href":"https:\/\/www.diarioimagen.net\/index.php?rest_route=\/wp\/v2\/media\/446639"}],"wp:attachment":[{"href":"https:\/\/www.diarioimagen.net\/index.php?rest_route=%2Fwp%2Fv2%2Fmedia&parent=446570"}],"wp:term":[{"taxonomy":"category","embeddable":true,"href":"https:\/\/www.diarioimagen.net\/index.php?rest_route=%2Fwp%2Fv2%2Fcategories&post=446570"},{"taxonomy":"post_tag","embeddable":true,"href":"https:\/\/www.diarioimagen.net\/index.php?rest_route=%2Fwp%2Fv2%2Ftags&post=446570"}],"curies":[{"name":"wp","href":"https:\/\/api.w.org\/{rel}","templated":true}]}}