{"id":446572,"date":"2019-10-16T00:03:53","date_gmt":"2019-10-16T05:03:53","guid":{"rendered":"https:\/\/www.diarioimagen.net\/?p=446572"},"modified":"2019-10-16T09:24:43","modified_gmt":"2019-10-16T14:24:43","slug":"gloria-en-deporte-de-aguas-abiertas-para-naucalpan","status":"publish","type":"post","link":"https:\/\/www.diarioimagen.net\/?p=446572","title":{"rendered":"Gloria en deporte de aguas Abiertas para Naucalpan"},"content":{"rendered":"<p><a href=\"https:\/\/www.diarioimagen.net\/?attachment_id=446649\" rel=\"attachment wp-att-446649\"><img loading=\"lazy\" decoding=\"async\" class=\"aligncenter size-large wp-image-446649\" src=\"https:\/\/www.diarioimagen.net\/wp-content\/uploads\/2019\/10\/NAUCALPAN-4-460x259.jpg\" alt=\"\" width=\"460\" height=\"259\" srcset=\"https:\/\/www.diarioimagen.net\/wp-content\/uploads\/2019\/10\/NAUCALPAN-4-460x259.jpg 460w, https:\/\/www.diarioimagen.net\/wp-content\/uploads\/2019\/10\/NAUCALPAN-4-240x135.jpg 240w, https:\/\/www.diarioimagen.net\/wp-content\/uploads\/2019\/10\/NAUCALPAN-4-235x132.jpg 235w, https:\/\/www.diarioimagen.net\/wp-content\/uploads\/2019\/10\/NAUCALPAN-4-202x114.jpg 202w, https:\/\/www.diarioimagen.net\/wp-content\/uploads\/2019\/10\/NAUCALPAN-4-350x196.jpg 350w, https:\/\/www.diarioimagen.net\/wp-content\/uploads\/2019\/10\/NAUCALPAN-4-220x123.jpg 220w, https:\/\/www.diarioimagen.net\/wp-content\/uploads\/2019\/10\/NAUCALPAN-4-237x132.jpg 237w, https:\/\/www.diarioimagen.net\/wp-content\/uploads\/2019\/10\/NAUCALPAN-4.jpg 480w\" sizes=\"auto, (max-width: 460px) 100vw, 460px\" \/><\/a><\/p>\n<p>&nbsp;<\/p>\n<p><strong>Naucalpan, Estado de M\u00e9xico.- <\/strong>Naucalpan cuenta con exponentes del deporte que han logrado haza\u00f1as a nivel internacional, como el nadador de aguas abiertas Graco Morl\u00e1n Luna. Luego de 9 a\u00f1os en piscinas de la demarcaci\u00f3n, Graco salt\u00f3 a las aguas abiertas en 2011, un desaf\u00edo que requer\u00eda nuevas habilidades f\u00edsicas y mentales.<\/p>\n<p>Ocho a\u00f1os despu\u00e9s, est\u00e1 a punto de ganar la Doble Triple Corona.El nombre de la distinci\u00f3n se encierra en tres palabras, pero para obtenerla se requieren m\u00e1s 200 kil\u00f3metros de nado en aguas cuya temperatura, corriente y fauna no juegan a favor.<\/p>\n","protected":false},"excerpt":{"rendered":"<p>Naucalpan cuenta con exponentes del deporte que han logrado haza\u00f1as a nivel internacional, como el nadador de aguas abiertas Graco Morl\u00e1n Luna. Luego de 9 a\u00f1os en piscinas de la demarcaci\u00f3n, Graco salt\u00f3 a las aguas abiertas en 2011, un desaf\u00edo que requer\u00eda nuevas habilidades f\u00edsicas y mentales.<\/p>\n","protected":false},"author":3,"featured_media":446649,"comment_status":"open","ping_status":"open","sticky":false,"template":"","format":"standard","meta":{"_monsterinsights_skip_tracking":false,"_monsterinsights_sitenote_active":false,"_monsterinsights_sitenote_note":"","_monsterinsights_sitenote_category":0,"footnotes":""},"categories":[5],"tags":[43675,970],"class_list":["post-446572","post","type-post","status-publish","format-standard","has-post-thumbnail","hentry","category-estado-de-mexico","tag-estado-de-mexico","tag-naucalpan"],"_links":{"self":[{"href":"https:\/\/www.diarioimagen.net\/index.php?rest_route=\/wp\/v2\/posts\/446572","targetHints":{"allow":["GET"]}}],"collection":[{"href":"https:\/\/www.diarioimagen.net\/index.php?rest_route=\/wp\/v2\/posts"}],"about":[{"href":"https:\/\/www.diarioimagen.net\/index.php?rest_route=\/wp\/v2\/types\/post"}],"author":[{"embeddable":true,"href":"https:\/\/www.diarioimagen.net\/index.php?rest_route=\/wp\/v2\/users\/3"}],"replies":[{"embeddable":true,"href":"https:\/\/www.diarioimagen.net\/index.php?rest_route=%2Fwp%2Fv2%2Fcomments&post=446572"}],"version-history":[{"count":0,"href":"https:\/\/www.diarioimagen.net\/index.php?rest_route=\/wp\/v2\/posts\/446572\/revisions"}],"wp:featuredmedia":[{"embeddable":true,"href":"https:\/\/www.diarioimagen.net\/index.php?rest_route=\/wp\/v2\/media\/446649"}],"wp:attachment":[{"href":"https:\/\/www.diarioimagen.net\/index.php?rest_route=%2Fwp%2Fv2%2Fmedia&parent=446572"}],"wp:term":[{"taxonomy":"category","embeddable":true,"href":"https:\/\/www.diarioimagen.net\/index.php?rest_route=%2Fwp%2Fv2%2Fcategories&post=446572"},{"taxonomy":"post_tag","embeddable":true,"href":"https:\/\/www.diarioimagen.net\/index.php?rest_route=%2Fwp%2Fv2%2Ftags&post=446572"}],"curies":[{"name":"wp","href":"https:\/\/api.w.org\/{rel}","templated":true}]}}