{"id":446726,"date":"2019-10-17T00:13:10","date_gmt":"2019-10-17T05:13:10","guid":{"rendered":"https:\/\/www.diarioimagen.net\/?p=446726"},"modified":"2019-10-18T01:01:29","modified_gmt":"2019-10-18T06:01:29","slug":"garantiza-lopez-obrador-seguridad-y-paz-para-q-roo","status":"publish","type":"post","link":"https:\/\/www.diarioimagen.net\/?p=446726","title":{"rendered":"Garantiza L\u00f3pez Obrador seguridad y paz para Q. Roo"},"content":{"rendered":"<h2>Derecho de r\u00e9plica<\/h2>\n<h5>Jos\u00e9 Luis Monta\u00f1ez<\/h5>\n<p>&nbsp;<\/p>\n<ul>\n<li><strong><em>Alistan inversi\u00f3n millonaria, la m\u00e1s grande en los \u00faltimos 30 a\u00f1os<\/em><\/strong><\/li>\n<\/ul>\n<p>&nbsp;<\/p>\n<div id=\"attachment_446796\" style=\"width: 470px\" class=\"wp-caption aligncenter\"><a href=\"https:\/\/www.diarioimagen.net\/?attachment_id=446796\" rel=\"attachment wp-att-446796\"><img loading=\"lazy\" decoding=\"async\" aria-describedby=\"caption-attachment-446796\" class=\"size-large wp-image-446796\" src=\"https:\/\/www.diarioimagen.net\/wp-content\/uploads\/2019\/10\/Derecho-460x259.jpg\" alt=\"\" width=\"460\" height=\"259\" srcset=\"https:\/\/www.diarioimagen.net\/wp-content\/uploads\/2019\/10\/Derecho-460x259.jpg 460w, https:\/\/www.diarioimagen.net\/wp-content\/uploads\/2019\/10\/Derecho-240x135.jpg 240w, https:\/\/www.diarioimagen.net\/wp-content\/uploads\/2019\/10\/Derecho-235x132.jpg 235w, https:\/\/www.diarioimagen.net\/wp-content\/uploads\/2019\/10\/Derecho-202x114.jpg 202w, https:\/\/www.diarioimagen.net\/wp-content\/uploads\/2019\/10\/Derecho-350x196.jpg 350w, https:\/\/www.diarioimagen.net\/wp-content\/uploads\/2019\/10\/Derecho-220x123.jpg 220w, https:\/\/www.diarioimagen.net\/wp-content\/uploads\/2019\/10\/Derecho-237x132.jpg 237w, https:\/\/www.diarioimagen.net\/wp-content\/uploads\/2019\/10\/Derecho.jpg 480w\" sizes=\"auto, (max-width: 460px) 100vw, 460px\" \/><\/a><p id=\"caption-attachment-446796\" class=\"wp-caption-text\">El presidente Andr\u00e9s Manuel L\u00f3pez Obrador durante su conferencia ma\u00f1anera, ofreci\u00f3 avances en materia de turismo y garantiz\u00f3 seguridad para destinos de Quintana Roo.<\/p><\/div>\n<p>&nbsp;<\/p>\n<p>El presidente Andr\u00e9s Manuel L\u00f3pez Obrador present\u00f3 este mi\u00e9rcoles durante su conferencia ma\u00f1anera, un informe sobre el crecimiento que ha tenido el turismo en el pa\u00eds y, entre otras cosas, declar\u00f3 que se garantizar\u00e1 la seguridad en zonas tur\u00edsticas, como lo es Quintana Roo, destino d\u00f3nde preparan una inversi\u00f3n millonaria, se dice, la m\u00e1s grande en los \u00faltimos 30 a\u00f1os.<\/p>\n<p>Al ser cuestionado sobre la violencia en destinos como Canc\u00fan y Acapulco, donde se han visto grandes afectaciones en materia de turismo, asever\u00f3 que garantizar la paz en el pa\u00eds es una asignatura pendiente y que su gobierno no tiene nada que ocultar y no va a maquillar cifras.<\/p>\n<p>\u201cNo se va a ocultar la realidad, eso es un error, hay que informar con apego a la verdad. Se ir\u00e1 avanzando, un signo de que hay confianza y de que se resolver\u00e1n los problemas, como la inseguridad en los destinos tur\u00edsticos, son las inversiones. Si no existiese confianza no se estar\u00edan comprometiendo los recursos\u201d, afirm\u00f3.<\/p>\n<p>En lo que se refiere a Acapulco, destaca que su gobierno trabaja en coordinaci\u00f3n con el gobierno estatal, \u201cSe est\u00e1 trabajando en El Renacimiento con una inversi\u00f3n de 600 millones de pesos, en Acapulco, mejorando las colonias populares y se va a repetir la inversi\u00f3n, es decir se van a destinar 600 millones m\u00e1s, s\u00f3lo Acapulco, estamos hablando de mil 200 millones de pesos. Eso nunca se hab\u00eda hecho, para atender a la poblaci\u00f3n que vive en las colonias marginadas, en las colonias populares de Acapulco\u201d. Y afirm\u00f3 que lo mismo se har\u00e1 en Solidaridad, en Quintana Roo, con una inversi\u00f3n de alrededor de 600 millones de pesos.<\/p>\n<p style=\"text-align: center;\"><strong>Mil mdd para el Grand Island Canc\u00fan <\/strong><\/p>\n<p>Respaldando los comentarios del Presidente, empresarios mexicanos presentaron Grand Island Canc\u00fan, proyecto de infraestructura tur\u00edstica en la zona hotelera de Canc\u00fan, donde se pretende colocar una inversi\u00f3n aproximada de mil millones d\u00f3lares.<\/p>\n<p>Uno de los empresarios explic\u00f3 que el proyecto hotelero constar\u00e1 de 3 mil habitaciones, as\u00ed como la construcci\u00f3n de un Centro de Convenciones, el m\u00e1s grande de Canc\u00fan, el cual ver\u00eda su apertura en 2022, con un espacio disponible de 10 mil metros cuadrados.<\/p>\n<p>Asimismo, estim\u00f3 que durante su construcci\u00f3n se generar\u00e1n 7 mil 500 empleos y durante su operaci\u00f3n ser\u00e1n alrededor de m\u00e1s de 12 mil empleos directos e indirectos, dando una totalidad de 20 mil empleos mientras el proyecto se mantenga de pie. Se presume que el complejo iniciar\u00e1 operaciones en dos fases: la primera en 2022 y la segunda, en 2024.<\/p>\n<p>L\u00f3pez Obrador, por su parte, indic\u00f3 que el turismo es un sector estrat\u00e9gico que genera y distribuye riqueza, por lo que ayuda a reactivar la econom\u00eda.<\/p>\n<p>Asegur\u00f3 que la reactivaci\u00f3n del turismo en Quintana Roo impuls\u00f3 un crecimiento econ\u00f3mico permanente y que en 30 a\u00f1os, el crecimiento alcanza entre 8 y 10 por ciento cada a\u00f1o. En tanto se dice que este proyecto denominado Grand Island Canc\u00fan es el m\u00e1s ambicioso y de mayor inversi\u00f3n en los \u00faltimos 30 a\u00f1os.<\/p>\n<p style=\"text-align: center;\"><strong>Tren Maya avanza para captar mayor turismo<\/strong><\/p>\n<p>El presidente L\u00f3pez Obrador asegur\u00f3 que uno de los objetivos principales con la llegada del Tren Maya es atraer a turistas extranjeros para que visiten Canc\u00fan y la Riviera Maya. El inter\u00e9s es que extiendan su estancia en M\u00e9xico, para lo cual contin\u00faan trabajando en materia de seguridad y nuevas ofertas tur\u00edsticas en el destino.<\/p>\n<p>Reconoci\u00f3 que hay competencia: \u201cEn el caso del turismo, como en todo, hay mucha competencia sobre a d\u00f3nde ir de vacaciones, pero Canc\u00fan y la Riviera Maya se sostienen como el mejor destino tur\u00edstico de playa del mundo. El Tren Maya aprovechar\u00e1 el turismo que llega a Canc\u00fan, que los turistas puedan conocer no solo el mar, sino tambi\u00e9n las zonas arqueol\u00f3gicas m\u00e1s interesantes del mundo\u201d, afirm\u00f3.<\/p>\n<p>Y a\u00f1adi\u00f3: \u201cPara eso es el Tren Maya, para que el que llegue a Canc\u00fan pueda introducirse a Campeche, Chiapas, Yucat\u00e1n y de regreso a Quintana Roo. Ese es el objetivo, que est\u00e9n m\u00e1s tiempo los turistas en nuestro pa\u00eds\u201d.<\/p>\n<p style=\"text-align: center;\"><strong>Ya preparan paquetes tur\u00edsticos<\/strong><\/p>\n<p>Se espera que el 13 de diciembre ya se tenga concluido el proyecto de ingenier\u00eda b\u00e1sica, mismo que permitir\u00e1 lanzar convocatorias y hacer licitaciones para que participen las empresas interesadas.<\/p>\n<p>En septiembre, al reunirse con senadores, Miguel Torruco Marqu\u00e9s, secretario de Turismo, indic\u00f3 que se trabaja con el Fondo Nacional de Fomento al Turismo (Fonatur) en la preparaci\u00f3n de lo que ser\u00e1n los paquetes tur\u00edsticos para el Tren Maya, el cual contar\u00e1 con 16 estaciones y 190 atractivos de alto impacto en materia tur\u00edstica. \u201cYa estamos trabajando en lo que ser\u00e1n los paquetes, sobre todo para que, en coordinaci\u00f3n con Fonatur, en el momento que sea adecuado hacer las promociones previas en las ferias para atraer turistas y que haya m\u00e1s derrama\u201d, coment\u00f3.<\/p>\n<p>Las autoridades y cuerpos de especialistas han considerado tambi\u00e9n la posibilidad de que el Tren Maya tenga doble v\u00eda desde la ciudad de M\u00e9rida hasta Canc\u00fan, lo cual califican como muy ben\u00e9fico para cumplir con los tres prop\u00f3sitos del tren, que son el transporte de carga, pasajeros y turistas, inform\u00f3 Fonatur a principios de este mes a trav\u00e9s de un comunicado de prensa.<\/p>\n<p style=\"text-align: center;\"><strong>La salida de Romero Deschamps, una vil burla a la justicia<\/strong><\/p>\n<p>La renuncia de Carlos Romero Deschamps a su cargo en la Secretar\u00eda General del Sindicato de Trabajadores Petroleros de la Rep\u00fablica Mexicana (STPRM) es una completa y vil burla a la justicia, dado que tras m\u00e1s de 26 a\u00f1os de dirigencia,dejar\u00e1 en su lugar de manera interina a Manuel Lim\u00f3n Hern\u00e1ndez, secretario del Interior, Actas y Acuerdos del sindicato y su ex tesorero de 2007 a 2018. De este modo, Romero Deschamps se va y no, pues Lim\u00f3n Hern\u00e1ndez ha sido de su c\u00edrculo cercano durante m\u00e1s de 15 a\u00f1os.<\/p>\n<p>La renuncia del controvertido l\u00edder se acept\u00f3 durante una reuni\u00f3n a puerta cerrada del Comit\u00e9 Ejecutivo Nacional y de los 36 secretarios seccionales del STPRM que dur\u00f3 poco m\u00e1s de dos horas. Lim\u00f3n Hern\u00e1ndez, que fue tesorero del sindicato entre 2007 y 2018, ocupar\u00e1 el cargo mientras se convocan elecciones para elegir a un nuevo dirigente, para lo cual se da un plazo de 90 d\u00edas. El secretario del Interior, Actas y Acuerdos del sindicato petrolero es quien, de acuerdo a los estatutos, deb\u00eda asumir el liderazgo en lugar de Romero Deschamps.<\/p>\n<p style=\"text-align: center;\"><strong>Lim\u00f3n Hern\u00e1ndez tambi\u00e9n fue investigado<\/strong><\/p>\n<p>Lim\u00f3n Hern\u00e1ndez, uno de los personajes m\u00e1s cercanos al ahora ex l\u00edder petrolero y como su segundo al mando, fue tambi\u00e9n investigado por el financiamiento irregular a la campa\u00f1a presidencial del PRI en 2000.<\/p>\n<p>Entonces fung\u00eda como presidente del Consejo General de Vigilancia del STPRM, instancia facultada para fiscalizar los recursos del sindicato y que, de acuerdo con los impulsores del desafuero de Romero Deschamps y Ricardo Aldana Prieto (tesorero del sindicato), debi\u00f3 percatarse de los movimientos financieros hacia la campa\u00f1a de Francisco Labastida.<\/p>\n<p>Incluso, la disidencia del sindicato petrolero busc\u00f3 desaforar a Lim\u00f3n Hern\u00e1ndez en un intento de desactivarlo como el relevo natural de Romero Deschamps en el STPRM.<\/p>\n<p>Lim\u00f3n Hern\u00e1ndez es actualmente diputado pri\u00edsta plurinominal por la tercera circunscripci\u00f3n y entre 1995 y 1996, secretario general de Vigilancia del Comit\u00e9 Ejecutivo General.<\/p>\n<p>En 2007 se convirti\u00f3 en tesorero hasta 20018 y actualmente era secretario del Interior.<\/p>\n<p style=\"text-align: center;\"><strong>AMLO confirm\u00f3 denuncias contra el ex l\u00edder petrolero<\/strong><\/p>\n<p>Este mi\u00e9rcoles, el presidente L\u00f3pez Obrador inform\u00f3 que su gobierno present\u00f3 dos denuncias en contra Romero Deschamps ante la Fiscal\u00eda General de la Rep\u00fablica (FGR) relacionadas con los ingresos del pol\u00edtico pri\u00edsta.<\/p>\n<p>\u201cHay dos denuncias que se enviaron a la FGR, no es como sostienen que se congelaron cuentas, pero si se enviaron los denuncias a la Fiscal\u00eda, que es la que se tiene la investigaci\u00f3n de este asunto\u201d.<\/p>\n<p>Durante su conferencia matutina L\u00f3pez Obrador dijo que las investigaciones est\u00e1n relacionadas con los ingresos, obtenci\u00f3n de recursos o avisos detectados por la Unidad de Inteligencia Financiera de la Secretar\u00eda Hacienda.<\/p>\n<p>Aunque asegur\u00f3 no tener problemas con nadie, el Presidente expres\u00f3 que no acostumbra reunirse con l\u00edderes sindicalesporque trata de ser cuidadoso, \u201cpero me gusta m\u00e1s reunirme con la gente, me siento feliz con eso\u201d. El Presidente asegur\u00f3 que el l\u00edder petrolero tampoco solicit\u00f3 un encuentro con \u00e9l.<\/p>\n","protected":false},"excerpt":{"rendered":"<p><span style=\"color: #005497;\">Jos\u00e9 Luis Monta\u00f1ez<\/span><br \/>\n<br \/>\nEl presidente Andr\u00e9s Manuel L\u00f3pez Obrador present\u00f3 este mi\u00e9rcoles durante su conferencia ma\u00f1anera, un informe sobre el crecimiento que ha tenido el turismo en el pa\u00eds y, entre otras cosas, declar\u00f3 que se garantizar\u00e1 la seguridad en zonas tur\u00edsticas, como lo es Quintana Roo, destino d\u00f3nde preparan una inversi\u00f3n millonaria, se dice, la m\u00e1s grande en los \u00faltimos 30 a\u00f1os.<\/p>\n","protected":false},"author":3,"featured_media":446796,"comment_status":"open","ping_status":"open","sticky":false,"template":"","format":"standard","meta":{"_monsterinsights_skip_tracking":false,"_monsterinsights_sitenote_active":false,"_monsterinsights_sitenote_note":"","_monsterinsights_sitenote_category":0,"footnotes":""},"categories":[11622],"tags":[47840,54579,43674,4470],"class_list":["post-446726","post","type-post","status-publish","format-standard","has-post-thumbnail","hentry","category-jose-luis-montanez-aguilar","tag-derecho-de-replica","tag-jose-luis-montanez","tag-opinion","tag-paz"],"_links":{"self":[{"href":"https:\/\/www.diarioimagen.net\/index.php?rest_route=\/wp\/v2\/posts\/446726","targetHints":{"allow":["GET"]}}],"collection":[{"href":"https:\/\/www.diarioimagen.net\/index.php?rest_route=\/wp\/v2\/posts"}],"about":[{"href":"https:\/\/www.diarioimagen.net\/index.php?rest_route=\/wp\/v2\/types\/post"}],"author":[{"embeddable":true,"href":"https:\/\/www.diarioimagen.net\/index.php?rest_route=\/wp\/v2\/users\/3"}],"replies":[{"embeddable":true,"href":"https:\/\/www.diarioimagen.net\/index.php?rest_route=%2Fwp%2Fv2%2Fcomments&post=446726"}],"version-history":[{"count":0,"href":"https:\/\/www.diarioimagen.net\/index.php?rest_route=\/wp\/v2\/posts\/446726\/revisions"}],"wp:featuredmedia":[{"embeddable":true,"href":"https:\/\/www.diarioimagen.net\/index.php?rest_route=\/wp\/v2\/media\/446796"}],"wp:attachment":[{"href":"https:\/\/www.diarioimagen.net\/index.php?rest_route=%2Fwp%2Fv2%2Fmedia&parent=446726"}],"wp:term":[{"taxonomy":"category","embeddable":true,"href":"https:\/\/www.diarioimagen.net\/index.php?rest_route=%2Fwp%2Fv2%2Fcategories&post=446726"},{"taxonomy":"post_tag","embeddable":true,"href":"https:\/\/www.diarioimagen.net\/index.php?rest_route=%2Fwp%2Fv2%2Ftags&post=446726"}],"curies":[{"name":"wp","href":"https:\/\/api.w.org\/{rel}","templated":true}]}}