{"id":446762,"date":"2019-10-17T00:03:29","date_gmt":"2019-10-17T05:03:29","guid":{"rendered":"https:\/\/www.diarioimagen.net\/?p=446762"},"modified":"2019-10-17T04:32:40","modified_gmt":"2019-10-17T09:32:40","slug":"tlalnepantla-presenta-cartelera-cultural-sobre-equidad-de-genero","status":"publish","type":"post","link":"https:\/\/www.diarioimagen.net\/?p=446762","title":{"rendered":"Tlalnepantla presenta cartelera cultural sobre equidad de g\u00e9nero"},"content":{"rendered":"<ul>\n<li><strong><em>Tres magnos eventos en el municipio<\/em><\/strong><\/li>\n<\/ul>\n<p>&nbsp;<\/p>\n<div id=\"attachment_446834\" style=\"width: 470px\" class=\"wp-caption aligncenter\"><a href=\"https:\/\/www.diarioimagen.net\/?attachment_id=446834\" rel=\"attachment wp-att-446834\"><img loading=\"lazy\" decoding=\"async\" aria-describedby=\"caption-attachment-446834\" class=\"size-large wp-image-446834\" src=\"https:\/\/www.diarioimagen.net\/wp-content\/uploads\/2019\/10\/TLALNEPANTLA-3-460x259.jpg\" alt=\"\" width=\"460\" height=\"259\" srcset=\"https:\/\/www.diarioimagen.net\/wp-content\/uploads\/2019\/10\/TLALNEPANTLA-3-460x259.jpg 460w, https:\/\/www.diarioimagen.net\/wp-content\/uploads\/2019\/10\/TLALNEPANTLA-3-240x135.jpg 240w, https:\/\/www.diarioimagen.net\/wp-content\/uploads\/2019\/10\/TLALNEPANTLA-3-235x132.jpg 235w, https:\/\/www.diarioimagen.net\/wp-content\/uploads\/2019\/10\/TLALNEPANTLA-3-202x114.jpg 202w, https:\/\/www.diarioimagen.net\/wp-content\/uploads\/2019\/10\/TLALNEPANTLA-3-350x196.jpg 350w, https:\/\/www.diarioimagen.net\/wp-content\/uploads\/2019\/10\/TLALNEPANTLA-3-220x123.jpg 220w, https:\/\/www.diarioimagen.net\/wp-content\/uploads\/2019\/10\/TLALNEPANTLA-3-237x132.jpg 237w, https:\/\/www.diarioimagen.net\/wp-content\/uploads\/2019\/10\/TLALNEPANTLA-3.jpg 480w\" sizes=\"auto, (max-width: 460px) 100vw, 460px\" \/><\/a><p id=\"caption-attachment-446834\" class=\"wp-caption-text\">Del 31 de octubre al 3 de noviembre, se llevar\u00e1 a cabo \u201cMictlalnepantla 2019\u201d, que busca reforzar nuestra tradicional fiesta de D\u00eda de Muertos.<\/p><\/div>\n<p>&nbsp;<\/p>\n<p><strong>Tlalnepantla, Estado de M\u00e9xico<\/strong>.- En Tlalnepantla se realizar\u00e1n tres magnos eventos culturales con el prop\u00f3sito de brindar a la ciudadan\u00eda actividades de sano esparcimiento, promover la equidad de g\u00e9nero y fortalecer el tejido social: la \u2018XV Muestra Internacional de Mujeres en el Cine y la Televisi\u00f3n\u2019, la \u2018Feria Artesanal Gastron\u00f3mica Queretana\u2019 y \u2018Mictlalnepantla 2019\u2019, que se llevar\u00e1n a cabo durante octubre y noviembre.<\/p>\n<p>En conferencia de medios, Raciel P\u00e9rez Cruz, Presidente Municipal indic\u00f3 que el Gobierno de Tlalnepantla promueve la cultura como una pol\u00edtica p\u00fablica, por lo que trabaja de manera coordinada con instituciones como Facultad de Estudios Superiores (FES) Acatl\u00e1n, Instituto Nacional de Antropolog\u00eda e Historia (INAH) y el Instituto Mexicano de Cinematograf\u00eda (IMCINE).<\/p>\n<p>Se\u00f1al\u00f3 que la participaci\u00f3n de Tlalnepantla como sede de la Muestra Internacional de Mujeres en el Cine y la Televisi\u00f3n, no tuvo ning\u00fan costo para la administraci\u00f3n, \u201crecibimos una invitaci\u00f3n, nuestra ciudad ha provocado mucho inter\u00e9s en los sectores culturales, empresariales y deportivos, por eso hoy somos parte de esta cartelera, que tiene el prop\u00f3sito de sensibilizar al espectador y convertirlo en un actor activo que pueda conmoverse, identificarse y encontrar un camino para erradicar la violencia de g\u00e9nero\u201d.<\/p>\n<p>Siddhartha Garc\u00eda Garc\u00eda, titular del Instituto Municipal de la Cultura y las Artes manifest\u00f3 que la \u2018Feria Artesanal \u00a0Gastron\u00f3mica Queretana\u2019 se realizar\u00e1 el 19 y 20 de octubre en la Plaza C\u00edvica Dr. Gustavo Baz Prada, frente al teatro Algarab\u00eda.<\/p>\n<p>Los asistentes podr\u00e1n disfrutar de gastronom\u00eda, artesan\u00edas, un taller para hacer una mu\u00f1eca otom\u00ed y la presentaci\u00f3n del libro \u2018Cosmovisi\u00f3n otom\u00ed, una forma de mirar, sentir y contar el mundo\u2019 en la que se narran leyendas antiguas y cuentos tradicionales, traducido al \u00f1a\u00f1\u00fa, espa\u00f1ol, alem\u00e1n y holand\u00e9s, adem\u00e1s de una muestra art\u00edstica en acr\u00edlico. Las actividades culturales tendr\u00e1n como tem\u00e1tica la m\u00fasica de La Huasteca, con la participaci\u00f3n de agrupaciones como el Tr\u00edo Amanecer Huasteco y el Tr\u00edo Ruise\u00f1or.<\/p>\n<p>Del 31 de octubre al 3 de noviembre, se llevar\u00e1 a cabo \u201cMictlalnepantla 2019\u201d, que busca reforzar nuestra tradicional fiesta de d\u00eda de muertos; se realizar\u00e1n diversas actividades, como una exposici\u00f3n de 32 ofrendas elaboradas por personal de las diferentes dependencias de la administraci\u00f3n, un desfile de catrinas, organizado en coordinaci\u00f3n con la FES Acatl\u00e1n, en el que participar\u00e1 un contingente de calaveras gigantes y un perro X\u00f3lotl, adem\u00e1s de la presentaci\u00f3n de la obra de teatro \u2018La Llorona\u2019.<\/p>\n","protected":false},"excerpt":{"rendered":"<p>En Tlalnepantla se realizar\u00e1n tres magnos eventos culturales con el prop\u00f3sito de brindar a la ciudadan\u00eda actividades de sano esparcimiento, promover la equidad de g\u00e9nero y fortalecer el tejido social: la \u2018XV Muestra Internacional de Mujeres en el Cine y la Televisi\u00f3n\u2019, la \u2018Feria Artesanal Gastron\u00f3mica Queretana\u2019 y \u2018Mictlalnepantla 2019\u2019, que se llevar\u00e1n a cabo durante octubre y noviembre.<\/p>\n","protected":false},"author":3,"featured_media":446834,"comment_status":"open","ping_status":"open","sticky":false,"template":"","format":"standard","meta":{"_monsterinsights_skip_tracking":false,"_monsterinsights_sitenote_active":false,"_monsterinsights_sitenote_note":"","_monsterinsights_sitenote_category":0,"footnotes":""},"categories":[5],"tags":[74993,43675,25269,169],"class_list":["post-446762","post","type-post","status-publish","format-standard","has-post-thumbnail","hentry","category-estado-de-mexico","tag-equidad","tag-estado-de-mexico","tag-genero","tag-tlalnepantla"],"_links":{"self":[{"href":"https:\/\/www.diarioimagen.net\/index.php?rest_route=\/wp\/v2\/posts\/446762","targetHints":{"allow":["GET"]}}],"collection":[{"href":"https:\/\/www.diarioimagen.net\/index.php?rest_route=\/wp\/v2\/posts"}],"about":[{"href":"https:\/\/www.diarioimagen.net\/index.php?rest_route=\/wp\/v2\/types\/post"}],"author":[{"embeddable":true,"href":"https:\/\/www.diarioimagen.net\/index.php?rest_route=\/wp\/v2\/users\/3"}],"replies":[{"embeddable":true,"href":"https:\/\/www.diarioimagen.net\/index.php?rest_route=%2Fwp%2Fv2%2Fcomments&post=446762"}],"version-history":[{"count":0,"href":"https:\/\/www.diarioimagen.net\/index.php?rest_route=\/wp\/v2\/posts\/446762\/revisions"}],"wp:featuredmedia":[{"embeddable":true,"href":"https:\/\/www.diarioimagen.net\/index.php?rest_route=\/wp\/v2\/media\/446834"}],"wp:attachment":[{"href":"https:\/\/www.diarioimagen.net\/index.php?rest_route=%2Fwp%2Fv2%2Fmedia&parent=446762"}],"wp:term":[{"taxonomy":"category","embeddable":true,"href":"https:\/\/www.diarioimagen.net\/index.php?rest_route=%2Fwp%2Fv2%2Fcategories&post=446762"},{"taxonomy":"post_tag","embeddable":true,"href":"https:\/\/www.diarioimagen.net\/index.php?rest_route=%2Fwp%2Fv2%2Ftags&post=446762"}],"curies":[{"name":"wp","href":"https:\/\/api.w.org\/{rel}","templated":true}]}}