{"id":446766,"date":"2019-10-17T00:01:59","date_gmt":"2019-10-17T05:01:59","guid":{"rendered":"https:\/\/www.diarioimagen.net\/?p=446766"},"modified":"2019-10-17T04:41:19","modified_gmt":"2019-10-17T09:41:19","slug":"tultepec-se-hara-presente-en-el-decimo-tercer-desfile-de-alebrijes-monumentales","status":"publish","type":"post","link":"https:\/\/www.diarioimagen.net\/?p=446766","title":{"rendered":"Tultepec se har\u00e1 presente en el D\u00e9cimo Tercer desfile de alebrijes monumentales"},"content":{"rendered":"<p><a href=\"https:\/\/www.diarioimagen.net\/?attachment_id=446841\" rel=\"attachment wp-att-446841\"><img loading=\"lazy\" decoding=\"async\" class=\"aligncenter size-large wp-image-446841\" src=\"https:\/\/www.diarioimagen.net\/wp-content\/uploads\/2019\/10\/TULTEPEC-17-460x306.jpg\" alt=\"\" width=\"460\" height=\"306\" srcset=\"https:\/\/www.diarioimagen.net\/wp-content\/uploads\/2019\/10\/TULTEPEC-17-460x306.jpg 460w, https:\/\/www.diarioimagen.net\/wp-content\/uploads\/2019\/10\/TULTEPEC-17-240x159.jpg 240w, https:\/\/www.diarioimagen.net\/wp-content\/uploads\/2019\/10\/TULTEPEC-17.jpg 700w\" sizes=\"auto, (max-width: 460px) 100vw, 460px\" \/><\/a><\/p>\n<p>&nbsp;<\/p>\n<p><strong>Tultepec, Estado de M\u00e9xico.- <\/strong>\u00a0M\u00e1s de una docena de artesanos cartoneros de Tultepec formar\u00e1n parte del D\u00e9cimo Tercer Desfile y Concurso de Alebrijes Monumentales del Museo de Arte Popular, que se celebrar\u00e1 este s\u00e1bado 19 de octubre a partir de las 12:00 horas, sobre la Avenida Paseo de la Reforma y otras importantes avenidas en la Ciudad de M\u00e9xico.<\/p>\n<p>De acuerdo con el Museo de Arte Popular, el recorrido iniciar\u00e1 en el Z\u00f3calo capitalino y continuar\u00e1 por la Avenida 5 de Mayo, luego por Avenida Ju\u00e1rez para llegar a Paseo de la Reforma hasta llegar al \u00c1ngel de la Independencia.<\/p>\n<p>Por lo general los alebrijes monumentales est\u00e1n elaborados de materiales tradicionales como carrizo, papel peri\u00f3dico, de archivo o papel de estraza con pintura acr\u00edlica sin el uso de moldes, con incrustaciones de papel mach\u00e9, que en Tultepec tambi\u00e9n es usado por los artesanos en toros y catrinas.<\/p>\n","protected":false},"excerpt":{"rendered":"<p>M\u00e1s de una docena de artesanos cartoneros de Tultepec formar\u00e1n parte del D\u00e9cimo Tercer Desfile y Concurso de Alebrijes Monumentales del Museo de Arte Popular, que se celebrar\u00e1 este s\u00e1bado 19 de octubre a partir de las 12:00 horas, sobre la Avenida Paseo de la Reforma y otras importantes avenidas en la Ciudad de M\u00e9xico.<\/p>\n","protected":false},"author":3,"featured_media":446841,"comment_status":"open","ping_status":"open","sticky":false,"template":"","format":"standard","meta":{"_monsterinsights_skip_tracking":false,"_monsterinsights_sitenote_active":false,"_monsterinsights_sitenote_note":"","_monsterinsights_sitenote_category":0,"footnotes":""},"categories":[5],"tags":[88239,43675,3802],"class_list":["post-446766","post","type-post","status-publish","format-standard","has-post-thumbnail","hentry","category-estado-de-mexico","tag-alebrijes","tag-estado-de-mexico","tag-tultepec"],"_links":{"self":[{"href":"https:\/\/www.diarioimagen.net\/index.php?rest_route=\/wp\/v2\/posts\/446766","targetHints":{"allow":["GET"]}}],"collection":[{"href":"https:\/\/www.diarioimagen.net\/index.php?rest_route=\/wp\/v2\/posts"}],"about":[{"href":"https:\/\/www.diarioimagen.net\/index.php?rest_route=\/wp\/v2\/types\/post"}],"author":[{"embeddable":true,"href":"https:\/\/www.diarioimagen.net\/index.php?rest_route=\/wp\/v2\/users\/3"}],"replies":[{"embeddable":true,"href":"https:\/\/www.diarioimagen.net\/index.php?rest_route=%2Fwp%2Fv2%2Fcomments&post=446766"}],"version-history":[{"count":0,"href":"https:\/\/www.diarioimagen.net\/index.php?rest_route=\/wp\/v2\/posts\/446766\/revisions"}],"wp:featuredmedia":[{"embeddable":true,"href":"https:\/\/www.diarioimagen.net\/index.php?rest_route=\/wp\/v2\/media\/446841"}],"wp:attachment":[{"href":"https:\/\/www.diarioimagen.net\/index.php?rest_route=%2Fwp%2Fv2%2Fmedia&parent=446766"}],"wp:term":[{"taxonomy":"category","embeddable":true,"href":"https:\/\/www.diarioimagen.net\/index.php?rest_route=%2Fwp%2Fv2%2Fcategories&post=446766"},{"taxonomy":"post_tag","embeddable":true,"href":"https:\/\/www.diarioimagen.net\/index.php?rest_route=%2Fwp%2Fv2%2Ftags&post=446766"}],"curies":[{"name":"wp","href":"https:\/\/api.w.org\/{rel}","templated":true}]}}