{"id":446804,"date":"2019-10-17T00:03:13","date_gmt":"2019-10-17T05:03:13","guid":{"rendered":"https:\/\/www.diarioimagen.net\/?p=446804"},"modified":"2019-10-17T04:15:34","modified_gmt":"2019-10-17T09:15:34","slug":"olga-sanchez-cordero-acelerada","status":"publish","type":"post","link":"https:\/\/www.diarioimagen.net\/?p=446804","title":{"rendered":"Olga S\u00e1nchez Cordero, acelerada"},"content":{"rendered":"<h2>Espacio Electoral<\/h2>\n<h5>Eleazar Flores<\/h5>\n<p>&nbsp;<\/p>\n<p>\u00bfY LA POL\u00cdTICA INTERIOR?-. La septuagenaria Olga S\u00e1nchez Cordero, primera mujer secretaria de Gobernaci\u00f3n, est\u00e1 preocupada por todo menos por lo que le incumbe, pues se apura a declarar que M\u00e9xico est\u00e1 listo para tener a una Presidenta y hasta da nombres encabezando a Sheinbaum.<\/p>\n<p>La declaraci\u00f3n la hace Olguita a Alberto Rodr\u00edguez de la agencia Notimex, a escasos diez meses y medio del inicio de este gobierno, eso s\u00ed, descart\u00e1ndose por cuestiones de edad. Menos mal.<\/p>\n<p>FUNCIONES-. La secretar\u00eda de Gobernaci\u00f3n tiene como funci\u00f3n primigenia cuidar de la \u201cpol\u00edtica interior del pa\u00eds\u201d y de acuerdo a la Ley Org\u00e1nica del gobierno federal, una de las muchas funciones de la Segob es acreditar la nacionalidad de todos los mexicanos o extranjeros que deseen nacionalizarse, como ha sucedido desde siempre.<\/p>\n<p>Por cuestiones laborales fui testigo de muchas entregas de \u201ccartas de nacionalizaci\u00f3n\u201d a personas de otros pa\u00edses. De entre \u00e9stas sobresal\u00edan deportistas y artistas cuyos nombres encabezaban las notas de peri\u00f3dicos del d\u00eda siguiente. Para los artistas era m\u00e1s sobresaliente y para deportistas, futbolistas de preferencia, para despu\u00e9s aspirar a considerarse como posibles seleccionados.<\/p>\n<p>Pero resulta que el martes pasado quien entreg\u00f3 cartas de naturalizaci\u00f3n a extranjeros que lo hab\u00edan solicitado con anticipaci\u00f3n, -pues el procedimiento se lleva su tiempo-, fue el secretario de Relaciones Exteriores Marcelo Ebrard Casaub\u00f3n. \u00bfY la Segob.?<\/p>\n<p>MUCHAS ASPIRANTES-.Pero volviendo a la secretaria de Gobernaci\u00f3n Olga S\u00e1nchez Cordero, -cuyo salario prometi\u00f3 donarlo pues su pensi\u00f3n de magistrada jubilada es m\u00e1s que generosa-, la alta funcionaria cit\u00f3 nombres de posibles aspirantes a la presidencia de la rep\u00fablica, adem\u00e1s de la que apunt\u00f3 primero Claudia Sheinbaum, que por lo visto es la favorita de muchos de la 4T.<\/p>\n<p>De entre esas mujeres valiosas la se\u00f1ora S\u00e1nchez cit\u00f3 a puras \u201cmorenas\u201d como las secretarias de Bienestar Ana Luc\u00eda Albores e Irma Er\u00e9ndira Sandoval de la Funci\u00f3n P\u00fablica. De buena memoria, Olguita record\u00f3 que otras mujeres ya han buscado dicho cargo sin alcanzarlo, refiri\u00e9ndose a la panista Josefina V\u00e1zquez Mota y a Patricia Mercado.<\/p>\n<p>Aclar\u00f3 la ex ministra jubilada, senadora con licencia y alta funcionaria de la 4t que ella no se est\u00e1 apuntando para la candidatura presidencial pues \u201ctengo 72 a\u00f1os, tendr\u00eda m\u00e1s en cuatro a\u00f1os y terminar\u00eda de 82\u201d. Lo preocupante es que la secretaria haya dado una entrevista a la agencia del estado, no a un medio privado que podr\u00eda ser peri\u00f3dico, radiodifusora o televisora.<\/p>\n<p>Ojal\u00e1 y la se\u00f1ora S\u00e1nchez no salga ma\u00f1ana con que le \u201csacaron de contexto\u201d sus palabras como sucedi\u00f3 el lunes cuando declar\u00f3 que la violencia, con derramamiento de sangre y p\u00e9rdida de vidas era lo de todos los d\u00edas.<\/p>\n<p><a href=\"mailto:elefa44@gmail.com\" target=\"_blank\" rel=\"noopener noreferrer\"><em>elefa44@gmail.com<\/em><\/a><\/p>\n","protected":false},"excerpt":{"rendered":"<p><span style=\"color: #005497;\"><strong>Eleazar Flores<\/strong><\/span><\/p>\n","protected":false},"author":3,"featured_media":0,"comment_status":"open","ping_status":"open","sticky":false,"template":"","format":"standard","meta":{"_monsterinsights_skip_tracking":false,"_monsterinsights_sitenote_active":false,"_monsterinsights_sitenote_note":"","_monsterinsights_sitenote_category":0,"footnotes":""},"categories":[81743],"tags":[81744,81776,43674],"class_list":["post-446804","post","type-post","status-publish","format-standard","hentry","category-eleazar-flores","tag-eleazar-flores","tag-espacio-electoral","tag-opinion"],"_links":{"self":[{"href":"https:\/\/www.diarioimagen.net\/index.php?rest_route=\/wp\/v2\/posts\/446804","targetHints":{"allow":["GET"]}}],"collection":[{"href":"https:\/\/www.diarioimagen.net\/index.php?rest_route=\/wp\/v2\/posts"}],"about":[{"href":"https:\/\/www.diarioimagen.net\/index.php?rest_route=\/wp\/v2\/types\/post"}],"author":[{"embeddable":true,"href":"https:\/\/www.diarioimagen.net\/index.php?rest_route=\/wp\/v2\/users\/3"}],"replies":[{"embeddable":true,"href":"https:\/\/www.diarioimagen.net\/index.php?rest_route=%2Fwp%2Fv2%2Fcomments&post=446804"}],"version-history":[{"count":0,"href":"https:\/\/www.diarioimagen.net\/index.php?rest_route=\/wp\/v2\/posts\/446804\/revisions"}],"wp:attachment":[{"href":"https:\/\/www.diarioimagen.net\/index.php?rest_route=%2Fwp%2Fv2%2Fmedia&parent=446804"}],"wp:term":[{"taxonomy":"category","embeddable":true,"href":"https:\/\/www.diarioimagen.net\/index.php?rest_route=%2Fwp%2Fv2%2Fcategories&post=446804"},{"taxonomy":"post_tag","embeddable":true,"href":"https:\/\/www.diarioimagen.net\/index.php?rest_route=%2Fwp%2Fv2%2Ftags&post=446804"}],"curies":[{"name":"wp","href":"https:\/\/api.w.org\/{rel}","templated":true}]}}