{"id":446903,"date":"2019-10-18T00:05:58","date_gmt":"2019-10-18T05:05:58","guid":{"rendered":"https:\/\/www.diarioimagen.net\/?p=446903"},"modified":"2019-10-18T04:41:24","modified_gmt":"2019-10-18T09:41:24","slug":"la-autonomia-de-la-uaem-es-compromiso-inquebrantable-con-la-sociedad-barrera","status":"publish","type":"post","link":"https:\/\/www.diarioimagen.net\/?p=446903","title":{"rendered":"La autonom\u00eda de la UAEM es compromiso inquebrantable con la sociedad: Barrera"},"content":{"rendered":"<ul>\n<li><em><strong>Piedra angular de la misi\u00f3n educativa<\/strong><\/em><\/li>\n<li><em><strong>Ceremonia de cancelaci\u00f3n de estampilla postal conmemorativa<\/strong><\/em><\/li>\n<\/ul>\n<p>&nbsp;<\/p>\n<div id=\"attachment_446999\" style=\"width: 470px\" class=\"wp-caption aligncenter\"><a href=\"https:\/\/www.diarioimagen.net\/?attachment_id=446999\" rel=\"attachment wp-att-446999\"><img loading=\"lazy\" decoding=\"async\" aria-describedby=\"caption-attachment-446999\" class=\"size-large wp-image-446999\" src=\"https:\/\/www.diarioimagen.net\/wp-content\/uploads\/2019\/10\/UAEM-13-460x259.jpg\" alt=\"\" width=\"460\" height=\"259\" srcset=\"https:\/\/www.diarioimagen.net\/wp-content\/uploads\/2019\/10\/UAEM-13-460x259.jpg 460w, https:\/\/www.diarioimagen.net\/wp-content\/uploads\/2019\/10\/UAEM-13-240x135.jpg 240w, https:\/\/www.diarioimagen.net\/wp-content\/uploads\/2019\/10\/UAEM-13-235x132.jpg 235w, https:\/\/www.diarioimagen.net\/wp-content\/uploads\/2019\/10\/UAEM-13-202x114.jpg 202w, https:\/\/www.diarioimagen.net\/wp-content\/uploads\/2019\/10\/UAEM-13-350x196.jpg 350w, https:\/\/www.diarioimagen.net\/wp-content\/uploads\/2019\/10\/UAEM-13-220x123.jpg 220w, https:\/\/www.diarioimagen.net\/wp-content\/uploads\/2019\/10\/UAEM-13-237x132.jpg 237w, https:\/\/www.diarioimagen.net\/wp-content\/uploads\/2019\/10\/UAEM-13.jpg 480w\" sizes=\"auto, (max-width: 460px) 100vw, 460px\" \/><\/a><p id=\"caption-attachment-446999\" class=\"wp-caption-text\">El rector Alfredo Barrera Baca presidi\u00f3 la ceremonia de cancelaci\u00f3n de la estampilla postal conmemorativa al 75 aniversario de la autonom\u00eda de la UAEM.<\/p><\/div>\n<p>&nbsp;<\/p>\n<p><strong>Toluca, Estado de M\u00e9xico<\/strong>.\u2013 La autonom\u00eda universitaria hace posible que la libertad para ense\u00f1ar, investigar y examinar ideas sea la piedra angular de la misi\u00f3n educativa de la Universidad Aut\u00f3noma del Estado de M\u00e9xico, afirm\u00f3 el rector Alfredo Barrera Baca.<\/p>\n<p>Al presidir la ceremonia de cancelaci\u00f3n de la estampilla postal conmemorativa al 75 aniversario de la autonom\u00eda de la UAEM, detall\u00f3 que \u201cla autonom\u00eda es indispensable para el pensamiento creativo, es la condici\u00f3n para el conocimiento y la verdad, es el razonamiento a trav\u00e9s del cual mejoramos nuestra comprensi\u00f3n de nosotros mismos y nuestras instituciones\u201d.<\/p>\n<p>En el Aula Magna \u201cLic. Adolfo L\u00f3pez Mateos\u201d del Edificio de Rector\u00eda, indic\u00f3 que la m\u00e1xima casa de estudios mexiquense ha sido fuente y refugio del pensamiento universal en el arte, las ciencias y las humanidades.<\/p>\n<p>\u201cNuestra autonom\u00eda no es ut\u00f3pica y s\u00ed experiencia viva y convicci\u00f3n sin l\u00edmites; es voluntad comprometida con la raz\u00f3n, compromiso inquebrantable con la sociedad que nos eleva y sostiene para descubrir, ense\u00f1ar y servir\u201d.<\/p>\n<p>El rector Alfredo Barrera Baca refiri\u00f3 que la comunidad universitaria conmemora la autonom\u00eda de la instituci\u00f3n, ya que en este hecho \u201cconfluyen los grandes anhelos de la sociedad mexiquense\u201d.<\/p>\n<p>Ante el encargado de la Gerencia Postal en el Estado de M\u00e9xico, Juan Carlos Mendoza Hern\u00e1ndez, resalt\u00f3 que mediante la cancelaci\u00f3n de estampillas, el Sistema Postal Mexicano ha registrado acontecimientos que explican la historia y fortalecen la identidad al pa\u00eds.<\/p>\n<p>Acompa\u00f1ado del secretario de Difusi\u00f3n Cultural de esta casa de estudios, Edgar Miranda Ortiz, as\u00ed como el cronista universitario, Inocente Pe\u00f1aloza Garc\u00eda, el rector consider\u00f3 un privilegio para la Aut\u00f3noma mexiquense integrarse a la tradici\u00f3n y afici\u00f3n por coleccionar y clasificar sellos, sobres y documentos postales, as\u00ed como ser parte, por quinta ocasi\u00f3n, del acervo oficial del Sistema Postal Mexicano.<\/p>\n<p>Cabe destacar que la estampilla postal est\u00e1 conformada por cuatro im\u00e1genes en las que se puede apreciar el Edificio de Rector\u00eda durante la \u00e9poca del Instituto Cient\u00edfico y Literario, la letra original del himno universitario, as\u00ed como el jard\u00edn que se encuentra en la parte posterior de Rector\u00eda y el Monumento a la Autonom\u00eda.<\/p>\n","protected":false},"excerpt":{"rendered":"<p>La autonom\u00eda universitaria hace posible que la libertad para ense\u00f1ar, investigar y examinar ideas sea la piedra angular de la misi\u00f3n educativa de la Universidad Aut\u00f3noma del Estado de M\u00e9xico, afirm\u00f3 el rector Alfredo Barrera Baca.<\/p>\n","protected":false},"author":3,"featured_media":446999,"comment_status":"open","ping_status":"open","sticky":false,"template":"","format":"standard","meta":{"_monsterinsights_skip_tracking":false,"_monsterinsights_sitenote_active":false,"_monsterinsights_sitenote_note":"","_monsterinsights_sitenote_category":0,"footnotes":""},"categories":[5],"tags":[43675,452,1491,85196],"class_list":["post-446903","post","type-post","status-publish","format-standard","has-post-thumbnail","hentry","category-estado-de-mexico","tag-estado-de-mexico","tag-toluca","tag-uaem","tag-inquebrantable"],"_links":{"self":[{"href":"https:\/\/www.diarioimagen.net\/index.php?rest_route=\/wp\/v2\/posts\/446903","targetHints":{"allow":["GET"]}}],"collection":[{"href":"https:\/\/www.diarioimagen.net\/index.php?rest_route=\/wp\/v2\/posts"}],"about":[{"href":"https:\/\/www.diarioimagen.net\/index.php?rest_route=\/wp\/v2\/types\/post"}],"author":[{"embeddable":true,"href":"https:\/\/www.diarioimagen.net\/index.php?rest_route=\/wp\/v2\/users\/3"}],"replies":[{"embeddable":true,"href":"https:\/\/www.diarioimagen.net\/index.php?rest_route=%2Fwp%2Fv2%2Fcomments&post=446903"}],"version-history":[{"count":0,"href":"https:\/\/www.diarioimagen.net\/index.php?rest_route=\/wp\/v2\/posts\/446903\/revisions"}],"wp:featuredmedia":[{"embeddable":true,"href":"https:\/\/www.diarioimagen.net\/index.php?rest_route=\/wp\/v2\/media\/446999"}],"wp:attachment":[{"href":"https:\/\/www.diarioimagen.net\/index.php?rest_route=%2Fwp%2Fv2%2Fmedia&parent=446903"}],"wp:term":[{"taxonomy":"category","embeddable":true,"href":"https:\/\/www.diarioimagen.net\/index.php?rest_route=%2Fwp%2Fv2%2Fcategories&post=446903"},{"taxonomy":"post_tag","embeddable":true,"href":"https:\/\/www.diarioimagen.net\/index.php?rest_route=%2Fwp%2Fv2%2Ftags&post=446903"}],"curies":[{"name":"wp","href":"https:\/\/api.w.org\/{rel}","templated":true}]}}