{"id":446928,"date":"2019-10-18T00:04:23","date_gmt":"2019-10-18T05:04:23","guid":{"rendered":"https:\/\/www.diarioimagen.net\/?p=446928"},"modified":"2019-10-18T04:37:51","modified_gmt":"2019-10-18T09:37:51","slug":"acuerdos-para-concretar-programas-en-beneficio-de-la-juventud-tultitlense","status":"publish","type":"post","link":"https:\/\/www.diarioimagen.net\/?p=446928","title":{"rendered":"Acuerdos para concretar programas en beneficio de la juventud tultitlense"},"content":{"rendered":"<ul>\n<li><strong><em>Primera sesi\u00f3n del consejo municipal<\/em><\/strong><\/li>\n<\/ul>\n<p>&nbsp;<\/p>\n<div id=\"attachment_446993\" style=\"width: 470px\" class=\"wp-caption aligncenter\"><a href=\"https:\/\/www.diarioimagen.net\/?attachment_id=446993\" rel=\"attachment wp-att-446993\"><img loading=\"lazy\" decoding=\"async\" aria-describedby=\"caption-attachment-446993\" class=\"size-large wp-image-446993\" src=\"https:\/\/www.diarioimagen.net\/wp-content\/uploads\/2019\/10\/TULTITLAN-460x259.jpg\" alt=\"\" width=\"460\" height=\"259\" srcset=\"https:\/\/www.diarioimagen.net\/wp-content\/uploads\/2019\/10\/TULTITLAN-460x259.jpg 460w, https:\/\/www.diarioimagen.net\/wp-content\/uploads\/2019\/10\/TULTITLAN-240x135.jpg 240w, https:\/\/www.diarioimagen.net\/wp-content\/uploads\/2019\/10\/TULTITLAN-235x132.jpg 235w, https:\/\/www.diarioimagen.net\/wp-content\/uploads\/2019\/10\/TULTITLAN-202x114.jpg 202w, https:\/\/www.diarioimagen.net\/wp-content\/uploads\/2019\/10\/TULTITLAN-350x196.jpg 350w, https:\/\/www.diarioimagen.net\/wp-content\/uploads\/2019\/10\/TULTITLAN-220x123.jpg 220w, https:\/\/www.diarioimagen.net\/wp-content\/uploads\/2019\/10\/TULTITLAN-237x132.jpg 237w, https:\/\/www.diarioimagen.net\/wp-content\/uploads\/2019\/10\/TULTITLAN.jpg 480w\" sizes=\"auto, (max-width: 460px) 100vw, 460px\" \/><\/a><p id=\"caption-attachment-446993\" class=\"wp-caption-text\">Con la instalaci\u00f3n del consejo se busca vincular a la sociedad civil con el gobierno municipal para beneficiar a la juventud,<\/p><\/div>\n<p>&nbsp;<\/p>\n<p><strong>Tultitl\u00e1n, Estado de M\u00e9xico<\/strong>.- De manera oficial, el Consejo Municipal de la Juventud de Tultitl\u00e1n llev\u00f3 a cabo su instalaci\u00f3n y primera sesi\u00f3n, en ella, la presidenta municipal Elena Garc\u00eda Mart\u00ednez, en conjunto con los titulares de las direcciones de Desarrollo Econ\u00f3mico, el Instituto Municipal de Cultura F\u00edsica y Deporte (IMCUFIDET), Seguridad Ciudadana, Vialidad y Protecci\u00f3n Civil, el Instituto Municipal para el Desarrollo de la Familia (DIF), la Defensor\u00eda Municipal de Derechos Humanos, Direcci\u00f3n de Educaci\u00f3n, Cultura y Turismo y la Preceptor\u00eda Juvenil, realizaron los primeros acuerdos para concretar diversos programas, actividades, as\u00ed como l\u00edneas estrat\u00e9gicas en beneficio de la juventud tultitlense.<\/p>\n<p>En su mensaje, la alcaldesa municipal en su calidad de presidenta del Consejo Municipal de la Juventud, se\u00f1al\u00f3 que\u00a0 con dicho consejo se busca vincular a la sociedad civil con el gobierno municipal para beneficiar a la juventud, contribuyendo a la creaci\u00f3n, gesti\u00f3n y difusi\u00f3n de los programas, proyectos as\u00ed como de los asuntos prioritarios que sean de inter\u00e9s para este importante sector de la poblaci\u00f3n.<\/p>\n<p>\u201cQueremos reconocer a la juventud tultitlense, es por ello que tenemos la disponibilidad y el inter\u00e9s de velar por la seguridad y sobre todo por el futuro de quienes en pocos a\u00f1os ser\u00e1n quienes est\u00e9n al frente de este gran municipio\u201d.<\/p>\n<p>Mientras tanto Julio Daniel Cervantes, director de INTUJUVE y quien funge como secretario t\u00e9cnico en \u00e9ste afirm\u00f3 que \u201ces un momento muy importante, porque daremos la oportunidad de que miles de j\u00f3venes se sientan apoyados e incentivados,\u00a0 de expresarse y sobre todo de superarse y ser reconocidos\u201d.<\/p>\n<p>Cabe resaltar que el primer acuerdo que fue autorizado con unanimidad ser\u00e1 la entrega del Premio Municipal de la Juventud donde se basar\u00e1n en tres categor\u00edas que son: desempe\u00f1o acad\u00e9mico, desempe\u00f1o art\u00edstico y desempe\u00f1o deportivo.<\/p>\n<p>De esta manera, se ratifica el compromiso de impulsar a la juventud tultitlense, de escuchar a este sector tan importante para la actual gesti\u00f3n.<\/p>\n","protected":false},"excerpt":{"rendered":"<p>De manera oficial, el Consejo Municipal de la Juventud de Tultitl\u00e1n llev\u00f3 a cabo su instalaci\u00f3n y primera sesi\u00f3n, en ella, la presidenta municipal Elena Garc\u00eda Mart\u00ednez, en conjunto con los titulares de las direcciones de Desarrollo Econ\u00f3mico, el Instituto Municipal de Cultura F\u00edsica y Deporte (IMCUFIDET), Seguridad Ciudadana, Vialidad y Protecci\u00f3n Civil, el Instituto Municipal para el Desarrollo de la Familia (DIF), la Defensor\u00eda Municipal de Derechos Humanos, Direcci\u00f3n de Educaci\u00f3n, Cultura y Turismo y la Preceptor\u00eda Juvenil, realizaron los primeros acuerdos para concretar diversos programas, actividades, as\u00ed como l\u00edneas estrat\u00e9gicas en beneficio de la juventud tultitlense.\u00a0<\/p>\n","protected":false},"author":3,"featured_media":446993,"comment_status":"open","ping_status":"open","sticky":false,"template":"","format":"standard","meta":{"_monsterinsights_skip_tracking":false,"_monsterinsights_sitenote_active":false,"_monsterinsights_sitenote_note":"","_monsterinsights_sitenote_category":0,"footnotes":""},"categories":[5],"tags":[34028,43675,1403,578],"class_list":["post-446928","post","type-post","status-publish","format-standard","has-post-thumbnail","hentry","category-estado-de-mexico","tag-beneficio","tag-estado-de-mexico","tag-juventud","tag-tultitlan"],"_links":{"self":[{"href":"https:\/\/www.diarioimagen.net\/index.php?rest_route=\/wp\/v2\/posts\/446928","targetHints":{"allow":["GET"]}}],"collection":[{"href":"https:\/\/www.diarioimagen.net\/index.php?rest_route=\/wp\/v2\/posts"}],"about":[{"href":"https:\/\/www.diarioimagen.net\/index.php?rest_route=\/wp\/v2\/types\/post"}],"author":[{"embeddable":true,"href":"https:\/\/www.diarioimagen.net\/index.php?rest_route=\/wp\/v2\/users\/3"}],"replies":[{"embeddable":true,"href":"https:\/\/www.diarioimagen.net\/index.php?rest_route=%2Fwp%2Fv2%2Fcomments&post=446928"}],"version-history":[{"count":0,"href":"https:\/\/www.diarioimagen.net\/index.php?rest_route=\/wp\/v2\/posts\/446928\/revisions"}],"wp:featuredmedia":[{"embeddable":true,"href":"https:\/\/www.diarioimagen.net\/index.php?rest_route=\/wp\/v2\/media\/446993"}],"wp:attachment":[{"href":"https:\/\/www.diarioimagen.net\/index.php?rest_route=%2Fwp%2Fv2%2Fmedia&parent=446928"}],"wp:term":[{"taxonomy":"category","embeddable":true,"href":"https:\/\/www.diarioimagen.net\/index.php?rest_route=%2Fwp%2Fv2%2Fcategories&post=446928"},{"taxonomy":"post_tag","embeddable":true,"href":"https:\/\/www.diarioimagen.net\/index.php?rest_route=%2Fwp%2Fv2%2Ftags&post=446928"}],"curies":[{"name":"wp","href":"https:\/\/api.w.org\/{rel}","templated":true}]}}