{"id":447082,"date":"2019-10-21T00:01:01","date_gmt":"2019-10-21T05:01:01","guid":{"rendered":"https:\/\/www.diarioimagen.net\/?p=447082"},"modified":"2019-10-21T06:05:08","modified_gmt":"2019-10-21T11:05:08","slug":"zach-fyne-international-sales-marketing-manager-de-park-city-presento-los-atractivos-que-ofrece-ese-destino-en-utah-estados-unidos","status":"publish","type":"post","link":"https:\/\/www.diarioimagen.net\/?p=447082","title":{"rendered":"Zach Fyne, International Sales Marketing Manager de <em>Park City<\/em> present\u00f3 los atractivos que ofrece ese destino en Utah, Estados Unidos"},"content":{"rendered":"<h2>De cinco estrellas<\/h2>\n<h5>Victoria Gonz\u00e1lez Prado<\/h5>\n<p>&nbsp;<\/p>\n<ul>\n<li><strong>BienFest 2019<\/strong><em><strong>, reunir\u00e1 herramientas educativas, productos saludables y enfocados en el bienestar\u2026 9 y 10 de noviembre<\/strong><\/em><\/li>\n<\/ul>\n<p>&nbsp;<\/p>\n<div id=\"attachment_447151\" style=\"width: 470px\" class=\"wp-caption aligncenter\"><a href=\"https:\/\/www.diarioimagen.net\/?attachment_id=447151\" rel=\"attachment wp-att-447151\"><img loading=\"lazy\" decoding=\"async\" aria-describedby=\"caption-attachment-447151\" class=\"wp-image-447151 size-large\" src=\"https:\/\/www.diarioimagen.net\/wp-content\/uploads\/2019\/10\/turismo-6-460x259.jpg\" alt=\"\" width=\"460\" height=\"259\" srcset=\"https:\/\/www.diarioimagen.net\/wp-content\/uploads\/2019\/10\/turismo-6-460x259.jpg 460w, https:\/\/www.diarioimagen.net\/wp-content\/uploads\/2019\/10\/turismo-6-240x135.jpg 240w, https:\/\/www.diarioimagen.net\/wp-content\/uploads\/2019\/10\/turismo-6-235x132.jpg 235w, https:\/\/www.diarioimagen.net\/wp-content\/uploads\/2019\/10\/turismo-6-202x114.jpg 202w, https:\/\/www.diarioimagen.net\/wp-content\/uploads\/2019\/10\/turismo-6-350x196.jpg 350w, https:\/\/www.diarioimagen.net\/wp-content\/uploads\/2019\/10\/turismo-6-220x123.jpg 220w, https:\/\/www.diarioimagen.net\/wp-content\/uploads\/2019\/10\/turismo-6-237x132.jpg 237w, https:\/\/www.diarioimagen.net\/wp-content\/uploads\/2019\/10\/turismo-6.jpg 480w\" sizes=\"auto, (max-width: 460px) 100vw, 460px\" \/><\/a><p id=\"caption-attachment-447151\" class=\"wp-caption-text\">Zach Fyne.<\/p><\/div>\n<p>&nbsp;<\/p>\n<p><strong>Zach Fyne<\/strong>, <em>International Sales Marketing Manager<\/em> de Park City asegur\u00f3: \u201cM\u00e9xico es el segundo mercado m\u00e1s importante despu\u00e9s de Australia, por lo que invit\u00f3 a los amantes del esqu\u00ed, la aventura, gastronom\u00eda y compras a visitar Park City, que brinda en invierno y verano m\u00faltiples atractivos.<\/p>\n<p>Park City, Utah, Estados Unidos, que se ha convertido el principal atractivo para los mexicanos. Esta ubicado a 35 minutos de Salt Lake City, por lo que \u201cse ha colocado en la mira de los viajeros mexicanos debido a su cercan\u00eda, paisajes, oferta gastron\u00f3mica gourmet y aventura\u201d.<\/p>\n<p>Resalt\u00f3 que \u201clos mexicanos se han enamorado de Park City por ser destino familiar ideal pasar las vacaciones decembrinas conde encontrar\u00e1n actividades para toda la familia: \u201cchefs de alto nivel en distintos restaurantes <em>gourmet<\/em>, cenar en <em>Viking\u00a0 Yurt<\/em>, para los ni\u00f1os tirolesas, trineos jalados por perros o compras\u201d.<\/p>\n<p>El destino cuenta con resorts \u00fanicos \u2014<em>Park City Mountain<\/em> y <em>Deer Valley <\/em>\u2014que brinda actividades como <em>esqu\u00ed, snowshoeing, tubing<\/em> y otras.\u00a0 Asimismo, <strong>Zach<\/strong> se refiri\u00f3 a los blancos paisajes de las monta\u00f1as <em>Wasatch,<\/em> los colores del <em>Egyptian Theatre<\/em>, la vista de <em>Main Street<\/em>\u00a0 y m\u00e1s\u2026<\/p>\n<p><strong>Zach<\/strong>, se\u00f1al\u00f3: \u201cdesplazarse por la ciudad es muy sencillo hay autobuses de pasajeros gratuitos para visitar distintos puntos. Los hoteles tambi\u00e9n ofrecen transporte gratuito al centro de la ciudad y puedes utilizar las <em>apps<\/em> de movilidad.<\/p>\n<p>Adem\u00e1s, tiene historia relacionada con su pasado minero. La primera pista de esqu\u00ed fue construida sobre escombros de una mina de plata en 1930. Hay museos llenos de artefactos y testimonios de los pobladores, puedes practicar yoga en cr\u00e1ter t\u00e9rmico y recorridos de leyendas alrededor del pueblo. Destacan los festivales como:<em> Sundance Film Festival<\/em> \u201323 enero-2 febrero 2020\u2014, el 2020 FIS <em>Freestyle Word Cup <\/em>en Deer Valley del 6 al 8 febrero 2020.<\/p>\n<p><strong>Zach Fyne<\/strong> asegur\u00f3 que Park City cuenta con m\u00e1s de 100 alojamientos \u00fanicos en su estil. En diciembre pr\u00f3ximo abrir\u00e1n dos nuevas opciones: <em>Park City Mountain<\/em>, el resort m\u00e1s grande de Estados Unidos que abrir\u00e1 en noviembre\u00a0 y <em>Deer Valley Resort<\/em>, calificado como n\u00famero uno por <em>Sky Magazine, <\/em>abrir\u00e1 en diciembre.<\/p>\n<p>Otras novedades son: <em>The Lodge at the Blu Sky<\/em>, con mil 415 hect\u00e1reas de alojamiento y actividades recreativas, abri\u00f3 en mayo pasado y su restaurante emblema Yuta ofrece deliciosos platillos. Tambi\u00e9n, una experiencia de ginebra en <em>Alpine Distilling.<\/em><\/p>\n<p><em>Woodward Park C<\/em>ity, la primera estaci\u00f3n de esqu\u00ed y deportes de acci\u00f3n todo en uno contar\u00e1 con un campus totalmente integrado y de vanguardia, completo con lugares de deportes de acci\u00f3n bajo techo y al aire libre para la aventura durante todo el a\u00f1o. abrir\u00e1 los 365 d\u00edas del a\u00f1o a partir de esta temporada de invierno.<\/p>\n<p>\u2730\u2730\u2730\u2730\u2730 Grupo Bien Ahora junto con Ifahto y la comunidad de salud de M\u00e9xico organizan la quinta versi\u00f3n de <em>BienFest 2019<\/em> \u20149 y 10 de noviembre\u2014, reunir\u00e1 herramientas educativas, productos saludables y enfocados en el bienestar, as\u00ed como a los especialistas m\u00e1s reconocidos en el \u00e1mbito de la salud.<\/p>\n<p>Conocer\u00e1s m\u00e1s sobre tu cuerpo y c\u00f3mo ayudarte a mantenerlo en \u00f3ptimas condiciones mediante experiencias de los m\u00e1s de 100 expositores que se presentar\u00e1n en \u00e1reas de alimentos, belleza, productos org\u00e1nicos y salud integral. Se ha convocado a chefs, nutri\u00f3logos, <em>health coaches<\/em>, m\u00e9dicos y celebridades que buscan emprender h\u00e1bitos personalizados de acuerdo a tu perfil: edad, g\u00e9nero, estatura, etc\u00e9tera. Aprender\u00e1s las claves del \u00e9xito para llevar dieta balanceada. Los expertos, compartir\u00e1n sus secretos y si participas en las conferencias\u00a0 obtendr\u00e1s herramientas para cuidarte f\u00edsica y mentalmente.<\/p>\n<p>En <em>BienFest<\/em> tendr\u00e1s los mejores productos para que realices un <em>detox. <\/em>Los <em>health coaches<\/em> y m\u00e9dicos te asesorar\u00e1n si deseas realizar alg\u00fan tipo de actividad f\u00edsica. Las rutinas estar\u00e1n personalizadas, bas\u00e1ndose en tu ritmo de vida y masa corporal, con las mejores dietas y consejos para darle a tu cuerpo energ\u00eda. Podr\u00e1s participar en clases de yoga, ejercicio funcional, entrenamiento de intervalos HITT y <em>spinning<\/em>, entre otros.<\/p>\n<p>Por otra parte, en el <em>BienFest <\/em>se entregar\u00e1n los Bien Premios a personas, marcas y organizaciones que trabajan y se esfuerzan para impulsar el bienestar en el pa\u00eds<strong>.<\/strong> Las categor\u00edas de los premios son 30 y se dividen en cinco \u00e1reas:\u00a0productos alimenticios, moda y belleza, estilo de vida y deportes, especialistas y personalidades, empresas y organizaciones.<\/p>\n<p>Los premios tiene como prop\u00f3sito crear conciencia de c\u00f3mo vivir en bienestar, al dar visibilidad a los productos, servicios y expertos que lo promueven; curadur\u00eda de los mejores productos y servicios enfocados en el bienestar; apoyar en desarrollo de la industria del bienestar en el pa\u00eds; reconocer y agradecer a todos los que participan en el movimiento del <em>BienFest<\/em> .<\/p>\n<p>El festival cuenta con el respaldo de patrocinadores alineados con su visi\u00f3n, como Farmacia San Pablo, <em>Swiss Just<\/em>, Amai Natural, Aires del Campo, Lenovo, <em>Medicor, Good Day<\/em> y <em>Kangen M\u00e9xico. <\/em><\/p>\n<p><em>BienFest 2019<\/em> tendr\u00e1 lugar desde las 9 de la ma\u00f1ana en el Sal\u00f3n Candiles del Hospital Espa\u00f1ol en Ej\u00e9rcito Nacional 613, Granada, El costo de entrada ser\u00e1 de 300 pesos por d\u00eda o 400 pesos dos d\u00edas. Los menores de edad no pagan.<\/p>\n<p><em><span class=\"Apple-converted-space\"><a href=\"mailto:victoriagprado@gmail.com\" target=\"_blank\" rel=\"noopener noreferrer\">victoriagprado@gmail.com<\/a><br \/>\nTwitter: <a href=\"https:\/\/twitter.com\/victoriagprado\" target=\"_blank\" rel=\"noopener noreferrer\">@victoriagprado<\/a><\/span><\/em><\/p>\n","protected":false},"excerpt":{"rendered":"<p><strong>Zach Fyne<\/strong>, <em>International Sales Marketing Manager<\/em> de Park City asegur\u00f3: \u201cM\u00e9xico es el segundo mercado m\u00e1s importante despu\u00e9s de Australia, por lo que invit\u00f3 a los amantes del esqu\u00ed, la aventura, gastronom\u00eda y compras a visitar Park City, que brinda en invierno y verano m\u00faltiples atractivos.<\/p>\n","protected":false},"author":3,"featured_media":447151,"comment_status":"open","ping_status":"open","sticky":false,"template":"","format":"standard","meta":{"_monsterinsights_skip_tracking":false,"_monsterinsights_sitenote_active":false,"_monsterinsights_sitenote_note":"","_monsterinsights_sitenote_category":0,"footnotes":""},"categories":[11],"tags":[107,43674,106],"class_list":["post-447082","post","type-post","status-publish","format-standard","has-post-thumbnail","hentry","category-turismo","tag-de-cinco-estrellas","tag-opinion","tag-victoria-gonzalez-prado"],"_links":{"self":[{"href":"https:\/\/www.diarioimagen.net\/index.php?rest_route=\/wp\/v2\/posts\/447082","targetHints":{"allow":["GET"]}}],"collection":[{"href":"https:\/\/www.diarioimagen.net\/index.php?rest_route=\/wp\/v2\/posts"}],"about":[{"href":"https:\/\/www.diarioimagen.net\/index.php?rest_route=\/wp\/v2\/types\/post"}],"author":[{"embeddable":true,"href":"https:\/\/www.diarioimagen.net\/index.php?rest_route=\/wp\/v2\/users\/3"}],"replies":[{"embeddable":true,"href":"https:\/\/www.diarioimagen.net\/index.php?rest_route=%2Fwp%2Fv2%2Fcomments&post=447082"}],"version-history":[{"count":0,"href":"https:\/\/www.diarioimagen.net\/index.php?rest_route=\/wp\/v2\/posts\/447082\/revisions"}],"wp:featuredmedia":[{"embeddable":true,"href":"https:\/\/www.diarioimagen.net\/index.php?rest_route=\/wp\/v2\/media\/447151"}],"wp:attachment":[{"href":"https:\/\/www.diarioimagen.net\/index.php?rest_route=%2Fwp%2Fv2%2Fmedia&parent=447082"}],"wp:term":[{"taxonomy":"category","embeddable":true,"href":"https:\/\/www.diarioimagen.net\/index.php?rest_route=%2Fwp%2Fv2%2Fcategories&post=447082"},{"taxonomy":"post_tag","embeddable":true,"href":"https:\/\/www.diarioimagen.net\/index.php?rest_route=%2Fwp%2Fv2%2Ftags&post=447082"}],"curies":[{"name":"wp","href":"https:\/\/api.w.org\/{rel}","templated":true}]}}