{"id":447096,"date":"2019-10-21T00:01:10","date_gmt":"2019-10-21T05:01:10","guid":{"rendered":"https:\/\/www.diarioimagen.net\/?p=447096"},"modified":"2019-10-21T07:46:24","modified_gmt":"2019-10-21T12:46:24","slug":"tlalnepantla-llevara-jornadas-medicas-a-tres-comunidades","status":"publish","type":"post","link":"https:\/\/www.diarioimagen.net\/?p=447096","title":{"rendered":"Tlalnepantla llevar\u00e1 jornadas m\u00e9dicas a tres comunidades"},"content":{"rendered":"<p><a href=\"https:\/\/www.diarioimagen.net\/?attachment_id=447165\" rel=\"attachment wp-att-447165\"><img loading=\"lazy\" decoding=\"async\" class=\"aligncenter size-large wp-image-447165\" src=\"https:\/\/www.diarioimagen.net\/wp-content\/uploads\/2019\/10\/TLALNEPANTLA-4-460x259.jpg\" alt=\"\" width=\"460\" height=\"259\" srcset=\"https:\/\/www.diarioimagen.net\/wp-content\/uploads\/2019\/10\/TLALNEPANTLA-4-460x259.jpg 460w, https:\/\/www.diarioimagen.net\/wp-content\/uploads\/2019\/10\/TLALNEPANTLA-4-240x135.jpg 240w, https:\/\/www.diarioimagen.net\/wp-content\/uploads\/2019\/10\/TLALNEPANTLA-4-235x132.jpg 235w, https:\/\/www.diarioimagen.net\/wp-content\/uploads\/2019\/10\/TLALNEPANTLA-4-202x114.jpg 202w, https:\/\/www.diarioimagen.net\/wp-content\/uploads\/2019\/10\/TLALNEPANTLA-4-350x196.jpg 350w, https:\/\/www.diarioimagen.net\/wp-content\/uploads\/2019\/10\/TLALNEPANTLA-4-220x123.jpg 220w, https:\/\/www.diarioimagen.net\/wp-content\/uploads\/2019\/10\/TLALNEPANTLA-4-237x132.jpg 237w, https:\/\/www.diarioimagen.net\/wp-content\/uploads\/2019\/10\/TLALNEPANTLA-4.jpg 480w\" sizes=\"auto, (max-width: 460px) 100vw, 460px\" \/><\/a><\/p>\n<p>&nbsp;<\/p>\n<p><strong>Tlalnepantla, Estado de M\u00e9xico.-<\/strong> El Gobierno de Tlalnepantla realizar\u00e1 tres jornadas m\u00e9dicas en diversas comunidades del municipio del 22 al 24 de octubre, en las que ofrecer\u00e1 consultas generales y odontol\u00f3gicas, toma de glucosa, colesterol y triglic\u00e9ridos, as\u00ed como servicios para las mascotas.<\/p>\n<p>El Instituto Municipal de Salud inform\u00f3 que el martes 22 ofrecer\u00e1 servicios m\u00e9dicos, asesor\u00edas psicol\u00f3gicas y nutricionales; cortes de cabello, atenci\u00f3n para perros y gatos, en avenida V\u00eda Adolfo L\u00f3pez Mateos esquina Convento de la Concepci\u00f3n, fraccionamiento Bosques de M\u00e9xico.<\/p>\n<p>El 23 de octubre realizar\u00e1 una jornada para las mascotas con aplicaci\u00f3n de vacunas antirr\u00e1bicas, desparasitaci\u00f3n y esterilizaci\u00f3n canina y felina, en avenida San Isidro, esquina Cerro Tres Mar\u00edas, en San Isidro Ixhuatepec.<\/p>\n","protected":false},"excerpt":{"rendered":"<p>El Gobierno de Tlalnepantla realizar\u00e1 tres jornadas m\u00e9dicas en diversas comunidades del municipio del 22 al 24 de octubre, en las que ofrecer\u00e1 consultas generales y odontol\u00f3gicas, toma de glucosa, colesterol y triglic\u00e9ridos, as\u00ed como servicios para las mascotas.<\/p>\n","protected":false},"author":3,"featured_media":447165,"comment_status":"open","ping_status":"open","sticky":false,"template":"","format":"standard","meta":{"_monsterinsights_skip_tracking":false,"_monsterinsights_sitenote_active":false,"_monsterinsights_sitenote_note":"","_monsterinsights_sitenote_category":0,"footnotes":""},"categories":[5],"tags":[20966,67403,169,88285],"class_list":["post-447096","post","type-post","status-publish","format-standard","has-post-thumbnail","hentry","category-estado-de-mexico","tag-comunidades","tag-estado-de-mexic","tag-tlalnepantla","tag-tres"],"_links":{"self":[{"href":"https:\/\/www.diarioimagen.net\/index.php?rest_route=\/wp\/v2\/posts\/447096","targetHints":{"allow":["GET"]}}],"collection":[{"href":"https:\/\/www.diarioimagen.net\/index.php?rest_route=\/wp\/v2\/posts"}],"about":[{"href":"https:\/\/www.diarioimagen.net\/index.php?rest_route=\/wp\/v2\/types\/post"}],"author":[{"embeddable":true,"href":"https:\/\/www.diarioimagen.net\/index.php?rest_route=\/wp\/v2\/users\/3"}],"replies":[{"embeddable":true,"href":"https:\/\/www.diarioimagen.net\/index.php?rest_route=%2Fwp%2Fv2%2Fcomments&post=447096"}],"version-history":[{"count":0,"href":"https:\/\/www.diarioimagen.net\/index.php?rest_route=\/wp\/v2\/posts\/447096\/revisions"}],"wp:featuredmedia":[{"embeddable":true,"href":"https:\/\/www.diarioimagen.net\/index.php?rest_route=\/wp\/v2\/media\/447165"}],"wp:attachment":[{"href":"https:\/\/www.diarioimagen.net\/index.php?rest_route=%2Fwp%2Fv2%2Fmedia&parent=447096"}],"wp:term":[{"taxonomy":"category","embeddable":true,"href":"https:\/\/www.diarioimagen.net\/index.php?rest_route=%2Fwp%2Fv2%2Fcategories&post=447096"},{"taxonomy":"post_tag","embeddable":true,"href":"https:\/\/www.diarioimagen.net\/index.php?rest_route=%2Fwp%2Fv2%2Ftags&post=447096"}],"curies":[{"name":"wp","href":"https:\/\/api.w.org\/{rel}","templated":true}]}}