{"id":447112,"date":"2019-10-21T00:04:51","date_gmt":"2019-10-21T05:04:51","guid":{"rendered":"https:\/\/www.diarioimagen.net\/?p=447112"},"modified":"2019-10-21T02:24:21","modified_gmt":"2019-10-21T07:24:21","slug":"culiacan-una-amarga-derrota","status":"publish","type":"post","link":"https:\/\/www.diarioimagen.net\/?p=447112","title":{"rendered":"Culiac\u00e1n, una amarga derrota"},"content":{"rendered":"<h2>Punto por punto<\/h2>\n<h5>Augusto Corro<\/h5>\n<p>&nbsp;<\/p>\n<p>El c\u00famulo de errores en la captura y liberaci\u00f3n del capo Ovidio Guzm\u00e1n dejaron en rid\u00edculo a los m\u00e1ximos responsables de la seguridad en nuestro pa\u00eds. Las autoridades sufrieron una amarga y humillante derrota.<\/p>\n<p>En Culiac\u00e1n, Sinaloa, se vivieron horas de angustia ante el alarde de fuerza de los narcotraficantes que sobrepas\u00f3 el poder de las autoridades.<\/p>\n<p>Durante ese tiempo se llenaron las redes sociales de escenas violentas, de p\u00e1nico, con un vac\u00edo total de informaci\u00f3n oficial sobre los hechos.<\/p>\n<p>La comunicaci\u00f3n, una de las grandes fallas de este gobierno, empez\u00f3 a fluir con una dosis considerable de mentiras.<\/p>\n<p>Primero dijeron, que Ovidio, el hijo de Joaqu\u00edn Guzm\u00e1n, El Chapo, no hab\u00eda sido detenido cuando ya las fotograf\u00edas comprobaban lo contrario.<\/p>\n<p>Las autoridades, tras horas de permanecer calladas, aceptaron que se trat\u00f3 de un operativo para capturar al heredero de El Chapo.<\/p>\n<p>La salvaje respuesta de los narcos oblig\u00f3 a los captores a soltar a su presa; pero el da\u00f1o ya estaba hecho: los habitantes se encontraban aterrorizados.<\/p>\n<p>Culiac\u00e1n fue sumido en el caos y la desesperaci\u00f3n. La tarde y noche del jueves, la capital de Sinaloa vivi\u00f3 momentos de angustia. La gente pernoct\u00f3 donde\u00a0 pudo protegerse.<\/p>\n<p style=\"text-align: center;\"><strong>Ignorancia e ineptitud<\/strong><\/p>\n<p>No son nuevos los hechos violentos de la narcodelincuencia cuando se trata de defender a sus capos.<\/p>\n<p>Los bloqueos como los registrados se dieron ya en otras ciudades, aunque quiz\u00e1s no con la intensidad de lo ocurrido en Culiac\u00e1n.<\/p>\n<p>\u00bfNo sab\u00edan los encargados de la seguridad en M\u00e9xico no sab\u00edan del peligro latente que existe en una entidad controlada por los se\u00f1ores del narco?<\/p>\n<p>En Sinaloa, tierra de narcotraficantes, con lo registrado el jueves se confirm\u00f3 que quienes mandan en esa entidad son los dirigentes de la delincuencia organizada.<\/p>\n<p>\u00bfC\u00f3mo mantener el floreciente negocio de las drogas si no es con la ayuda de las autoridades locales?<\/p>\n<p>Todo mundo sabe que en esa regi\u00f3n la polic\u00eda, si es que la hay, act\u00faa en contubernio con los criminales. Desde hace varios sexenios, Sinaloa es una de los estados donde los narcotraficantes son due\u00f1os de vidas y haciendas.<\/p>\n<p>\u00bfLos responsables del gabinete de seguridad no conoc\u00edan esa historia? Parece que no, pues enviaron al matadero a sus subalternos. \u00bfC\u00f3mo ordenar la detenci\u00f3n de un capo, como Ovidio, sin la fuerza suficiente para lograr con \u00e9xito el objeto de la misi\u00f3n?<\/p>\n<p>No es suficiente que las autoridades reconozcan su derrota en el operativo de la captura del hijo de El Chapo. No hay pretexto que\u00a0 valga.<\/p>\n<p style=\"text-align: center;\"><strong>Los Errores<\/strong><\/p>\n<p>\u00bfA qui\u00e9n se le ocurri\u00f3 enviar a un grupo de elementos torpes a una misi\u00f3n tan peligrosa? Son muchos los pretextos para justificar ese terrible error.<\/p>\n<p>Las investigaciones sobre la derrota de la fuerza p\u00fablica en Culiac\u00e1n tendr\u00e1n que arrojar la verdad de lo ocurrido.<\/p>\n<p>No convence la declaraci\u00f3n de que se opt\u00f3 por dejar en libertad a Ovidio para evitar un derramamiento de sangre. Quiz\u00e1s las autoridades tengan un poco de raz\u00f3n.<\/p>\n<p>Pero s\u00ed de salvar vidas se trataba, la operaci\u00f3n de captura del capo debi\u00f3 efectuarse en otro horario y en condiciones \u00f3ptimas de seguridad para los sinaloenses. Ocurri\u00f3 lo contrario.<\/p>\n<p>Ante la magnitud del evento, era necesaria la participaci\u00f3n de la mayor fuerza p\u00fablica y de la mejor informaci\u00f3n para ofrecer resultados positivos.<\/p>\n<p>Ya se vio que la delincuencia organizada actu\u00f3 con el arrojo y la disciplina como un cuerpo de paramilitares con objetivos claros.<\/p>\n<p>\u00bfY las autoridades no escucharon alguna advertencia de los servicios de inteligencia sobre el riesgo que se corr\u00eda de no llevar la fuerza suficiente para enfrentar al C\u00e1rtel de Sinaloa en sus dominios, en un narco-estado?<\/p>\n<p>Las autoridades informaron que el operativo fallido dej\u00f3 ocho muertos, entre ellos cinco gatilleros, un civil, un elemento de la guardia y un reo del penal de Aguaruto. Otros quince elementos de distintas corporaciones resultaron heridos.<\/p>\n<p>Se contabilizaron 19 bloqueos y el ataque al centro de vigilancia de la Secretar\u00eda de Seguridad P\u00fablica, a las instalaciones de la Novena Zona Militar y al complejo habitacional del Ej\u00e9rcito.<\/p>\n<p>Se inform\u00f3, adem\u00e1s, de la fuga de alrededor de 20 internos del penal de Aguaruto, en Culiac\u00e1n.<\/p>\n<p style=\"text-align: center;\"><strong>Opini\u00f3n de las autoridades<\/strong><\/p>\n<p>El viernes en la ma\u00f1ana, en conferencia de prensa, los secretarios de Seguridad y Protecci\u00f3n Ciudadana, Alfonso Durazo, y de la Defensa Nacional, Luis Crescencio Sandoval, dijeron que el operativo para capturar al hijo de El Chapo \u201cfue precipitado, mal planeado y, al final de cuentas, fallido\u201d.<\/p>\n<p>Reconocieron que adem\u00e1s de no medir las consecuencias de la misi\u00f3n, \u201clos elementos de la Guardia Nacional no ten\u00edan en su poder la orden de cateo que les permitiera ingresar al inmueble donde se encontraba (Ovidio), lo cual deriv\u00f3 en que, en su espera, fueran agredidos \u201cpor una fuerza mayor\u201d y se iniciaran balaceras y bloqueos. Esto no solo afect\u00f3 a la poblaci\u00f3n civil, sino que tambi\u00e9n llev\u00f3 a dar marcha atr\u00e1s al arresto de Guzm\u00e1n\u201d.<\/p>\n<p>Lo ocurrido en Culiac\u00e1n debe analizarse a fondo y un buscar un aprendizaje de los errores. Fue deprimente la actuaci\u00f3n de la fuerza p\u00fablica. \u00bfQu\u00e9 tienen que hacer las autoridades para borrar esa imagen deprimente que enviaron con la fallida captura de Ovidio?<\/p>\n<p>Para empezar, el presidente Andr\u00e9s Manuel L\u00f3pez Obrador y los funcionarios de su Gabinete de Seguridad tendr\u00e1n que decidir si se contin\u00faa con la misma estrategia de lucha contra la delincuencia organizada, o se aplican otros m\u00e9todos para combatirla.<\/p>\n<p>A la fecha no ha cambiado a\u00fan el estilo de enfrentar a la delincuencia organizada. Las masacres contin\u00faan en entidades donde existe mayor presencia del crimen organizado: Tamaulipas, Michoac\u00e1n, Guanajuato, Veracruz, Guerrero, etc.<\/p>\n<p>En el presente, las autoridades deben regresar a Sinaloa y recapturar a Ovidio para que empiece volver la confianza de la gente.<\/p>\n<p>La inseguridad se extendi\u00f3 por todo el pa\u00eds. Los errores como el ocurrido en Culiac\u00e1n por parte de la fuerza p\u00fablica no nos auguran tiempos de paz.<\/p>\n<p><span class=\"Apple-converted-space\"><em><u><a href=\"mailto:aco2742@hotmail.com\" target=\"_blank\" rel=\"noopener noreferrer\">aco2742@hotmail.com<\/a><\/u><\/em><\/span><\/p>\n","protected":false},"excerpt":{"rendered":"<p><span style=\"color: #005497;\"><strong>Augusto Corro<\/strong><\/span><\/p>\n","protected":false},"author":3,"featured_media":0,"comment_status":"open","ping_status":"open","sticky":false,"template":"","format":"standard","meta":{"_monsterinsights_skip_tracking":false,"_monsterinsights_sitenote_active":false,"_monsterinsights_sitenote_note":"","_monsterinsights_sitenote_category":0,"footnotes":""},"categories":[157],"tags":[43686,43674,11515],"class_list":["post-447112","post","type-post","status-publish","format-standard","hentry","category-augusto-corro","tag-augusto-corro","tag-opinion","tag-punto-por-punto"],"_links":{"self":[{"href":"https:\/\/www.diarioimagen.net\/index.php?rest_route=\/wp\/v2\/posts\/447112","targetHints":{"allow":["GET"]}}],"collection":[{"href":"https:\/\/www.diarioimagen.net\/index.php?rest_route=\/wp\/v2\/posts"}],"about":[{"href":"https:\/\/www.diarioimagen.net\/index.php?rest_route=\/wp\/v2\/types\/post"}],"author":[{"embeddable":true,"href":"https:\/\/www.diarioimagen.net\/index.php?rest_route=\/wp\/v2\/users\/3"}],"replies":[{"embeddable":true,"href":"https:\/\/www.diarioimagen.net\/index.php?rest_route=%2Fwp%2Fv2%2Fcomments&post=447112"}],"version-history":[{"count":0,"href":"https:\/\/www.diarioimagen.net\/index.php?rest_route=\/wp\/v2\/posts\/447112\/revisions"}],"wp:attachment":[{"href":"https:\/\/www.diarioimagen.net\/index.php?rest_route=%2Fwp%2Fv2%2Fmedia&parent=447112"}],"wp:term":[{"taxonomy":"category","embeddable":true,"href":"https:\/\/www.diarioimagen.net\/index.php?rest_route=%2Fwp%2Fv2%2Fcategories&post=447112"},{"taxonomy":"post_tag","embeddable":true,"href":"https:\/\/www.diarioimagen.net\/index.php?rest_route=%2Fwp%2Fv2%2Ftags&post=447112"}],"curies":[{"name":"wp","href":"https:\/\/api.w.org\/{rel}","templated":true}]}}