{"id":447252,"date":"2019-10-22T00:05:46","date_gmt":"2019-10-22T05:05:46","guid":{"rendered":"https:\/\/www.diarioimagen.net\/?p=447252"},"modified":"2019-10-22T04:42:31","modified_gmt":"2019-10-22T09:42:31","slug":"celebra-uaem-semana-internacional-de-acceso-abierto","status":"publish","type":"post","link":"https:\/\/www.diarioimagen.net\/?p=447252","title":{"rendered":"Celebra UAEM Semana Internacional de Acceso Abierto"},"content":{"rendered":"<ul>\n<li><strong><em>Se promueve en el mundo el derecho a la informaci\u00f3n cient\u00edfica<\/em><\/strong><\/li>\n<\/ul>\n<p>&nbsp;<\/p>\n<div id=\"attachment_447331\" style=\"width: 470px\" class=\"wp-caption aligncenter\"><img loading=\"lazy\" decoding=\"async\" aria-describedby=\"caption-attachment-447331\" class=\"size-large wp-image-447331\" src=\"https:\/\/www.diarioimagen.net\/wp-content\/uploads\/2019\/10\/UAEM-15-460x259.jpg\" alt=\"\" width=\"460\" height=\"259\" srcset=\"https:\/\/www.diarioimagen.net\/wp-content\/uploads\/2019\/10\/UAEM-15-460x259.jpg 460w, https:\/\/www.diarioimagen.net\/wp-content\/uploads\/2019\/10\/UAEM-15-240x135.jpg 240w, https:\/\/www.diarioimagen.net\/wp-content\/uploads\/2019\/10\/UAEM-15-235x132.jpg 235w, https:\/\/www.diarioimagen.net\/wp-content\/uploads\/2019\/10\/UAEM-15-202x114.jpg 202w, https:\/\/www.diarioimagen.net\/wp-content\/uploads\/2019\/10\/UAEM-15-350x196.jpg 350w, https:\/\/www.diarioimagen.net\/wp-content\/uploads\/2019\/10\/UAEM-15-220x123.jpg 220w, https:\/\/www.diarioimagen.net\/wp-content\/uploads\/2019\/10\/UAEM-15-237x132.jpg 237w, https:\/\/www.diarioimagen.net\/wp-content\/uploads\/2019\/10\/UAEM-15.jpg 480w\" sizes=\"auto, (max-width: 460px) 100vw, 460px\" \/><p id=\"caption-attachment-447331\" class=\"wp-caption-text\">La directora ejecutiva de la Redalyc, Arianna Becerril Garc\u00eda, destac\u00f3 que el acceso abierto salva vidas.<\/p><\/div>\n<p>&nbsp;<\/p>\n<p><strong>Toluca, Estado de M\u00e9xico<\/strong>.\u2013 La Universidad Aut\u00f3noma del Estado de M\u00e9xico se suma a la Semana Internacional de Acceso Abierto, cuya celebraci\u00f3n promueve en todo el mundo, el derecho a la informaci\u00f3n cient\u00edfica y su acceso de forma gratuita, afirm\u00f3 la directora ejecutiva de la Red de Revistas Cient\u00edficas de Am\u00e9rica Latina y El Caribe, Espa\u00f1a y Portugal (Redalyc), Arianna Becerril Garc\u00eda.<\/p>\n<p>Durante la inauguraci\u00f3n de este evento, que comprende la realizaci\u00f3n de conferencias y ponencias, Becerril Garc\u00eda destac\u00f3 que el acceso abierto salva vidas, pues, por ejemplo, gracias a \u00e9l, un profesionista del \u00e1rea de la salud tiene acceso libre y gratuito a la literatura cient\u00edfica apropiada y actualizada que le permitir\u00e1 tomar las mejores decisiones en su quehacer cotidiano.<\/p>\n<p>En este marco, el director de la Facultad de Ciencias Pol\u00edticas y Sociales de la UAEM, Marco Aurelio Cienfuegos Terr\u00f3n, se\u00f1al\u00f3 que el acceso abierto elimina las barreras econ\u00f3micas, legales y tecnol\u00f3gicas para que todo usuario pueda acceder libremente al conocimiento.<\/p>\n<p>\u201cEl acceso abierto posibilita que los autores de dicho conocimiento adquieran mayor visibilidad y puedan ser m\u00e1s citados en investigaciones cient\u00edficas\u201d, asever\u00f3 el servidor universitario.<\/p>\n<p>Acompa\u00f1ada de la directora de la Oficina de Conocimiento Abierto de la UAEM, Edith Hern\u00e1ndez Garc\u00eda, la directora de Estudios y Proyectos Especiales de la Secretar\u00eda de Planeaci\u00f3n y Desarrollo Institucional de la UAEM, Mar\u00eda Jos\u00e9 Bern\u00e1ldez Aguilar, subray\u00f3 que las instituciones de educaci\u00f3n superior deben promover la gratuidad del acceso al conocimiento, que representa un derecho humano.<\/p>\n<p>Resalt\u00f3 que hace 16 a\u00f1os, mediante la creaci\u00f3n de Redalyc, la Universidad Aut\u00f3noma del Estado de M\u00e9xico fue pionera en la democratizaci\u00f3n del acceso abierto en nuestro pa\u00eds.<\/p>\n<p>Cabe mencionar que durante la Semana Internacional de Acceso Abierto se abordar\u00e1n temas como la democratizaci\u00f3n del conocimiento, importancia de la infraestructura tecnol\u00f3gica en el acceso abierto, apuesta colaborativa por la preservaci\u00f3n del conocimiento cient\u00edfico como bien com\u00fan y nuevas tecnolog\u00edas para la educaci\u00f3n del futuro.<\/p>\n","protected":false},"excerpt":{"rendered":"<p>La Universidad Aut\u00f3noma del Estado de M\u00e9xico se suma a la Semana Internacional de Acceso Abierto, cuya celebraci\u00f3n promueve en todo el mundo, el derecho a la informaci\u00f3n cient\u00edfica y su acceso de forma gratuita, afirm\u00f3 la directora ejecutiva de la Red de Revistas Cient\u00edficas de Am\u00e9rica Latina y El Caribe, Espa\u00f1a y Portugal (Redalyc), Arianna Becerril Garc\u00eda.<\/p>\n","protected":false},"author":3,"featured_media":447331,"comment_status":"open","ping_status":"open","sticky":false,"template":"","format":"standard","meta":{"_monsterinsights_skip_tracking":false,"_monsterinsights_sitenote_active":false,"_monsterinsights_sitenote_note":"","_monsterinsights_sitenote_category":0,"footnotes":""},"categories":[5],"tags":[43675,452,1491],"class_list":["post-447252","post","type-post","status-publish","format-standard","has-post-thumbnail","hentry","category-estado-de-mexico","tag-estado-de-mexico","tag-toluca","tag-uaem"],"_links":{"self":[{"href":"https:\/\/www.diarioimagen.net\/index.php?rest_route=\/wp\/v2\/posts\/447252","targetHints":{"allow":["GET"]}}],"collection":[{"href":"https:\/\/www.diarioimagen.net\/index.php?rest_route=\/wp\/v2\/posts"}],"about":[{"href":"https:\/\/www.diarioimagen.net\/index.php?rest_route=\/wp\/v2\/types\/post"}],"author":[{"embeddable":true,"href":"https:\/\/www.diarioimagen.net\/index.php?rest_route=\/wp\/v2\/users\/3"}],"replies":[{"embeddable":true,"href":"https:\/\/www.diarioimagen.net\/index.php?rest_route=%2Fwp%2Fv2%2Fcomments&post=447252"}],"version-history":[{"count":0,"href":"https:\/\/www.diarioimagen.net\/index.php?rest_route=\/wp\/v2\/posts\/447252\/revisions"}],"wp:featuredmedia":[{"embeddable":true,"href":"https:\/\/www.diarioimagen.net\/index.php?rest_route=\/wp\/v2\/media\/447331"}],"wp:attachment":[{"href":"https:\/\/www.diarioimagen.net\/index.php?rest_route=%2Fwp%2Fv2%2Fmedia&parent=447252"}],"wp:term":[{"taxonomy":"category","embeddable":true,"href":"https:\/\/www.diarioimagen.net\/index.php?rest_route=%2Fwp%2Fv2%2Fcategories&post=447252"},{"taxonomy":"post_tag","embeddable":true,"href":"https:\/\/www.diarioimagen.net\/index.php?rest_route=%2Fwp%2Fv2%2Ftags&post=447252"}],"curies":[{"name":"wp","href":"https:\/\/api.w.org\/{rel}","templated":true}]}}