{"id":447269,"date":"2019-10-22T00:01:33","date_gmt":"2019-10-22T05:01:33","guid":{"rendered":"https:\/\/www.diarioimagen.net\/?p=447269"},"modified":"2019-10-22T04:54:58","modified_gmt":"2019-10-22T09:54:58","slug":"en-tlalnepantla-atienden-bomberos-y-pc-volcadura-de-tractocamion","status":"publish","type":"post","link":"https:\/\/www.diarioimagen.net\/?p=447269","title":{"rendered":"En Tlalnepantla atienden bomberos y PC volcadura de tractocami\u00f3n"},"content":{"rendered":"<p><a href=\"https:\/\/www.diarioimagen.net\/?attachment_id=447352\" rel=\"attachment wp-att-447352\"><img loading=\"lazy\" decoding=\"async\" class=\"aligncenter size-large wp-image-447352\" src=\"https:\/\/www.diarioimagen.net\/wp-content\/uploads\/2019\/10\/tlalnepantla-460x259.jpg\" alt=\"\" width=\"460\" height=\"259\" srcset=\"https:\/\/www.diarioimagen.net\/wp-content\/uploads\/2019\/10\/tlalnepantla-460x259.jpg 460w, https:\/\/www.diarioimagen.net\/wp-content\/uploads\/2019\/10\/tlalnepantla-240x135.jpg 240w, https:\/\/www.diarioimagen.net\/wp-content\/uploads\/2019\/10\/tlalnepantla-235x132.jpg 235w, https:\/\/www.diarioimagen.net\/wp-content\/uploads\/2019\/10\/tlalnepantla-202x114.jpg 202w, https:\/\/www.diarioimagen.net\/wp-content\/uploads\/2019\/10\/tlalnepantla-350x196.jpg 350w, https:\/\/www.diarioimagen.net\/wp-content\/uploads\/2019\/10\/tlalnepantla-220x123.jpg 220w, https:\/\/www.diarioimagen.net\/wp-content\/uploads\/2019\/10\/tlalnepantla-237x132.jpg 237w, https:\/\/www.diarioimagen.net\/wp-content\/uploads\/2019\/10\/tlalnepantla.jpg 480w\" sizes=\"auto, (max-width: 460px) 100vw, 460px\" \/><\/a><\/p>\n<p>&nbsp;<\/p>\n<p><strong>Tlalnepantla, Estado de M\u00e9xico<\/strong><strong>.-<\/strong> Elementos de Bomberos, Protecci\u00f3n Civil, Tr\u00e1nsito y del Departamento de Percances, atendieron de manera oportuna la volcadura de un tractocami\u00f3n en avenida Jes\u00fas Reyes Heroles y avenida San Rafael; rescataron al conductor que fue trasladado a la Cruz Roja; retiraron el veh\u00edculo y limpiaron la zona para evitar congestionamientos viales y otros incidentes.<\/p>\n<p>El Departamento de Percances de la Subdirecci\u00f3n de Tr\u00e1nsito inform\u00f3 que a las 4:00 horas de este d\u00eda, se registr\u00f3 en la colonia San Rafael la volcadura de un veh\u00edculo Freightliner tipo tractocami\u00f3n color negro del servicio p\u00fablico federal, con un remolque caja seca donde transportaba productos de limpieza.<\/p>\n","protected":false},"excerpt":{"rendered":"<p>Elementos de Bomberos, Protecci\u00f3n Civil, Tr\u00e1nsito y del Departamento de Percances, atendieron de manera oportuna la volcadura de un tractocami\u00f3n en avenida Jes\u00fas Reyes Heroles y avenida San Rafael; rescataron al conductor que fue trasladado a la Cruz Roja; retiraron el veh\u00edculo y limpiaron la zona para evitar congestionamientos viales y otros incidentes.<\/p>\n","protected":false},"author":3,"featured_media":447352,"comment_status":"open","ping_status":"open","sticky":false,"template":"","format":"standard","meta":{"_monsterinsights_skip_tracking":false,"_monsterinsights_sitenote_active":false,"_monsterinsights_sitenote_note":"","_monsterinsights_sitenote_category":0,"footnotes":""},"categories":[5],"tags":[43675,169],"class_list":["post-447269","post","type-post","status-publish","format-standard","has-post-thumbnail","hentry","category-estado-de-mexico","tag-estado-de-mexico","tag-tlalnepantla"],"_links":{"self":[{"href":"https:\/\/www.diarioimagen.net\/index.php?rest_route=\/wp\/v2\/posts\/447269","targetHints":{"allow":["GET"]}}],"collection":[{"href":"https:\/\/www.diarioimagen.net\/index.php?rest_route=\/wp\/v2\/posts"}],"about":[{"href":"https:\/\/www.diarioimagen.net\/index.php?rest_route=\/wp\/v2\/types\/post"}],"author":[{"embeddable":true,"href":"https:\/\/www.diarioimagen.net\/index.php?rest_route=\/wp\/v2\/users\/3"}],"replies":[{"embeddable":true,"href":"https:\/\/www.diarioimagen.net\/index.php?rest_route=%2Fwp%2Fv2%2Fcomments&post=447269"}],"version-history":[{"count":0,"href":"https:\/\/www.diarioimagen.net\/index.php?rest_route=\/wp\/v2\/posts\/447269\/revisions"}],"wp:featuredmedia":[{"embeddable":true,"href":"https:\/\/www.diarioimagen.net\/index.php?rest_route=\/wp\/v2\/media\/447352"}],"wp:attachment":[{"href":"https:\/\/www.diarioimagen.net\/index.php?rest_route=%2Fwp%2Fv2%2Fmedia&parent=447269"}],"wp:term":[{"taxonomy":"category","embeddable":true,"href":"https:\/\/www.diarioimagen.net\/index.php?rest_route=%2Fwp%2Fv2%2Fcategories&post=447269"},{"taxonomy":"post_tag","embeddable":true,"href":"https:\/\/www.diarioimagen.net\/index.php?rest_route=%2Fwp%2Fv2%2Ftags&post=447269"}],"curies":[{"name":"wp","href":"https:\/\/api.w.org\/{rel}","templated":true}]}}