{"id":447410,"date":"2019-10-23T00:13:39","date_gmt":"2019-10-23T05:13:39","guid":{"rendered":"https:\/\/www.diarioimagen.net\/?p=447410"},"modified":"2019-10-24T00:46:03","modified_gmt":"2019-10-24T05:46:03","slug":"ponen-en-marcha-pjcdmx-y-la-pgjcdmx-plan-de-interconexion-tecnologica-de-la-informacion","status":"publish","type":"post","link":"https:\/\/www.diarioimagen.net\/?p=447410","title":{"rendered":"Ponen en marcha PJCDMX y la PGJCDMX Plan de Interconexi\u00f3n Tecnol\u00f3gica de la Informaci\u00f3n"},"content":{"rendered":"<ul>\n<li><em><strong>El magistrado presidente dijo que este plan constituye la primera etapa de lo que se llamar\u00e1 \u201cJuicio en L\u00ednea\u201d<\/strong><\/em><\/li>\n<li><em><strong>La procuradora Godoy Ramos explic\u00f3 que ya operan, de manera piloto, desde el 15 de agosto, en varias oficinas de la instituci\u00f3n<\/strong><\/em><\/li>\n<\/ul>\n<p>&nbsp;<\/p>\n<div id=\"attachment_447514\" style=\"width: 470px\" class=\"wp-caption aligncenter\"><a href=\"https:\/\/www.diarioimagen.net\/?attachment_id=447514\" rel=\"attachment wp-att-447514\"><img loading=\"lazy\" decoding=\"async\" aria-describedby=\"caption-attachment-447514\" class=\"size-large wp-image-447514\" src=\"https:\/\/www.diarioimagen.net\/wp-content\/uploads\/2019\/10\/tribunal-5-460x259.jpg\" alt=\"\" width=\"460\" height=\"259\" srcset=\"https:\/\/www.diarioimagen.net\/wp-content\/uploads\/2019\/10\/tribunal-5-460x259.jpg 460w, https:\/\/www.diarioimagen.net\/wp-content\/uploads\/2019\/10\/tribunal-5-240x135.jpg 240w, https:\/\/www.diarioimagen.net\/wp-content\/uploads\/2019\/10\/tribunal-5-235x132.jpg 235w, https:\/\/www.diarioimagen.net\/wp-content\/uploads\/2019\/10\/tribunal-5-202x114.jpg 202w, https:\/\/www.diarioimagen.net\/wp-content\/uploads\/2019\/10\/tribunal-5-350x196.jpg 350w, https:\/\/www.diarioimagen.net\/wp-content\/uploads\/2019\/10\/tribunal-5-220x123.jpg 220w, https:\/\/www.diarioimagen.net\/wp-content\/uploads\/2019\/10\/tribunal-5-237x132.jpg 237w, https:\/\/www.diarioimagen.net\/wp-content\/uploads\/2019\/10\/tribunal-5.jpg 480w\" sizes=\"auto, (max-width: 460px) 100vw, 460px\" \/><\/a><p id=\"caption-attachment-447514\" class=\"wp-caption-text\">El titular del Poder Judicial de la Ciudad de M\u00e9xico, Rafael Guerra \u00c1lvarez, y la procuradora capitalina, Ernestina Godoy, dieron el banderazo de salida del Plan de Interconexi\u00f3n Tecnol\u00f3gica de la Informaci\u00f3n entre ambas instituciones.<\/p><\/div>\n<p>&nbsp;<\/p>\n<p>El presidente del Poder Judicial de la Ciudad de M\u00e9xico, magistrado Rafael Guerra \u00c1lvarez, y la procuradora General de Justicia de la Ciudad de M\u00e9xico, Ernestina Godoy Ramos, dieron el banderazo de salida del Plan de Interconexi\u00f3n Tecnol\u00f3gica de la Informaci\u00f3n entre ambas instituciones, el cual se constituye en la primera etapa de lo que se llamar\u00e1 \u201cJuicio en L\u00ednea\u201d, en materia penal.<\/p>\n<p>En el evento, celebrado en la sede del PJCDMX, el magistrado Guerra \u00c1lvarez, dio a conocer detalles del plan de interconexi\u00f3n. \u201cLo importante de todo esto, dijo es que nos permitir\u00e1 ir a los juicios en l\u00ednea. Inicialmente, ser\u00e1 con el Ministerio P\u00fablico, con el Fiscal, posteriormente con los defensores, con el asesor jur\u00eddico y continuar\u00e1 con el juicio en l\u00ednea totalmente en materia penal. T\u00e9ngalo por seguro que nos ser\u00e1 de base para juicios orales civiles y familiares\u201d precis\u00f3.<\/p>\n<p>El magistrado presidente refrend\u00f3 su compromiso ante la procuradora para lograr acuerdos que incidan en una comunicaci\u00f3n eficaz que permita hacer un frente com\u00fan contra la actividad delictiva, as\u00ed como garantizar el debido proceso que caracteriza a todo estado de Derecho.<\/p>\n<p>Por su parte, la titular de la PGJCDMX, Ernestina Godoy Ramos, explic\u00f3 que el \u201cJuicio en L\u00ednea\u201d, busca el uso de la tecnolog\u00eda para hacer m\u00e1s eficientes todos los servicios y el acceso a la justicia. Por lo pronto, inform\u00f3 que opera en las fiscal\u00edas desconcentradas de Iztapalapa y Cuajimalpa y en las referentes a los delitos sexuales, narcomenudeo, as\u00ed como en los Reclusorios Preventivos Sur y Oriente.<\/p>\n<p>La funcionaria capitalina dijo que a trav\u00e9s del Sistema de Interoperatividad de Actuaciones Procedimentales (SIAP), desde el 15 de agosto pasado, ya pueden solicitar audiencia, as\u00ed como solicitudes de control de detenci\u00f3n, de cateos, \u00f3rdenes privadas y vinculaciones a proceso. Despu\u00e9s de 24 horas de celebrarse una audiencia, ya pueden tener acceso al video de la misma, el n\u00famero de carpeta judicial que le corresponde. Y todo, a trav\u00e9s de un sistema de alta seguridad.<\/p>\n<p>El magistrado Guerra \u00c1lvarez subray\u00f3 que la nueva visi\u00f3n sobre el uso de las tecnolog\u00edas busca economizar y agilizar los procesos que faciliten a las partes conocer de forma inmediata el desarrollo de las audiencias y los procesos. \u201cY para ello, estamos decididos a aprovechar las tecnolog\u00edas que mejoren el proceso deliberativo y administrativo.<\/p>\n<p>Por ello, refrend\u00f3 ante la procuradora Godoy Ramos, su compromiso para lograr acuerdos que incidan en una comunicaci\u00f3n eficaz que permita hacer un frente com\u00fan contra la actividad delictiva, as\u00ed como garantizar el debido proceso que caracteriza a todo estado de Derecho. \u201cNos hemos comprometido a humanizar la funci\u00f3n judicial y abrir los cauces de la justicia para hacerla m\u00e1s cercana a la ciudadan\u00eda, y m\u00e1s adecuada a la tecnolog\u00eda de nuestro tiempo\u201d, concluy\u00f3.<\/p>\n<p>Al evento, asistieron magistradas, magistrados, consejeras y consejeros del PJCDMX, as\u00ed como funcionarios de la PGJCDMX.<\/p>\n","protected":false},"excerpt":{"rendered":"<p>El presidente del Poder Judicial de la Ciudad de M\u00e9xico, magistrado Rafael Guerra \u00c1lvarez, y la procuradora General de Justicia de la Ciudad de M\u00e9xico, Ernestina Godoy Ramos, dieron el banderazo de salida del Plan de Interconexi\u00f3n Tecnol\u00f3gica de la Informaci\u00f3n entre ambas instituciones, el cual se constituye en la primera etapa de lo que se llamar\u00e1 \u201cJuicio en L\u00ednea\u201d, en materia penal.<\/p>\n","protected":false},"author":3,"featured_media":447514,"comment_status":"open","ping_status":"open","sticky":false,"template":"","format":"standard","meta":{"_monsterinsights_skip_tracking":false,"_monsterinsights_sitenote_active":false,"_monsterinsights_sitenote_note":"","_monsterinsights_sitenote_category":0,"footnotes":""},"categories":[6],"tags":[204,85201,88329],"class_list":["post-447410","post","type-post","status-publish","format-standard","has-post-thumbnail","hentry","category-cd-de-mexico","tag-ciudad-de-mexico","tag-pgjcdmx","tag-plan-de-interconexion-tecnologica-de-la-informacion"],"_links":{"self":[{"href":"https:\/\/www.diarioimagen.net\/index.php?rest_route=\/wp\/v2\/posts\/447410","targetHints":{"allow":["GET"]}}],"collection":[{"href":"https:\/\/www.diarioimagen.net\/index.php?rest_route=\/wp\/v2\/posts"}],"about":[{"href":"https:\/\/www.diarioimagen.net\/index.php?rest_route=\/wp\/v2\/types\/post"}],"author":[{"embeddable":true,"href":"https:\/\/www.diarioimagen.net\/index.php?rest_route=\/wp\/v2\/users\/3"}],"replies":[{"embeddable":true,"href":"https:\/\/www.diarioimagen.net\/index.php?rest_route=%2Fwp%2Fv2%2Fcomments&post=447410"}],"version-history":[{"count":0,"href":"https:\/\/www.diarioimagen.net\/index.php?rest_route=\/wp\/v2\/posts\/447410\/revisions"}],"wp:featuredmedia":[{"embeddable":true,"href":"https:\/\/www.diarioimagen.net\/index.php?rest_route=\/wp\/v2\/media\/447514"}],"wp:attachment":[{"href":"https:\/\/www.diarioimagen.net\/index.php?rest_route=%2Fwp%2Fv2%2Fmedia&parent=447410"}],"wp:term":[{"taxonomy":"category","embeddable":true,"href":"https:\/\/www.diarioimagen.net\/index.php?rest_route=%2Fwp%2Fv2%2Fcategories&post=447410"},{"taxonomy":"post_tag","embeddable":true,"href":"https:\/\/www.diarioimagen.net\/index.php?rest_route=%2Fwp%2Fv2%2Ftags&post=447410"}],"curies":[{"name":"wp","href":"https:\/\/api.w.org\/{rel}","templated":true}]}}