{"id":447412,"date":"2019-10-23T00:05:33","date_gmt":"2019-10-23T05:05:33","guid":{"rendered":"https:\/\/www.diarioimagen.net\/?p=447412"},"modified":"2019-10-23T05:15:34","modified_gmt":"2019-10-23T10:15:34","slug":"el-lunares-el-capo-que-burlo-el-operativo","status":"publish","type":"post","link":"https:\/\/www.diarioimagen.net\/?p=447412","title":{"rendered":"\u201cEl Lunares\u201d, el capo que burl\u00f3 el operativo"},"content":{"rendered":"<p><a href=\"https:\/\/www.diarioimagen.net\/?attachment_id=447517\" rel=\"attachment wp-att-447517\"><img loading=\"lazy\" decoding=\"async\" class=\"aligncenter size-large wp-image-447517\" src=\"https:\/\/www.diarioimagen.net\/wp-content\/uploads\/2019\/10\/tepito-460x323.jpg\" alt=\"\" width=\"460\" height=\"323\" srcset=\"https:\/\/www.diarioimagen.net\/wp-content\/uploads\/2019\/10\/tepito-460x323.jpg 460w, https:\/\/www.diarioimagen.net\/wp-content\/uploads\/2019\/10\/tepito-240x168.jpg 240w, https:\/\/www.diarioimagen.net\/wp-content\/uploads\/2019\/10\/tepito.jpg 700w\" sizes=\"auto, (max-width: 460px) 100vw, 460px\" \/><\/a><\/p>\n<p>&nbsp;<\/p>\n<p>Informes de inteligencia de la Procuradur\u00eda capitalina establecen, luego de las detenciones recientes que el gobierno federal ha realizado de los principales capos de La Uni\u00f3n Tepito, que ahora esa c\u00e9lula criminal es liderada por un presunto comerciante, a quien identifican como \u00d3scar, alias \u201cEl Lunares\u201d.<\/p>\n<p>A decir de la investigaci\u00f3n de las autoridades locales, \u00d3scar, alias \u201cEl Lunares\u201d, camina por las calles de Tepito, la zona centro y la colonia Guerrero con hasta 10 personas que fungen como sus halcones y escolta personal, lo que ha complicado su captura. Siempre circula en motoneta para intentar pasar desapercibido. Su apodo se debe a un enorme lunar en el rostro, el cual se oper\u00f3, buscando burlar a las autoridades. En el barrio bravo los vecinos aseguran que naci\u00f3 en Tepito y que desde ese entonces siempre ha vivido y tenido su casa en esa zona de la alcald\u00eda de Cuauht\u00e9moc.<\/p>\n<p>Seg\u00fan los reportes policiales, tiene bodegas en las que guarda estupefacientes dentro de vecindades ubicadas en calles de Peralvillo, Jes\u00fas Carranza, Fray Bartolom\u00e9 de las Casas, Matamoros y Tenochtitl\u00e1n. El n\u00famero 33 de Peralvillo es la mayor de todas ellas.<\/p>\n<p>Informa de inteligencia se\u00f1alan que \u201cEl Lunares\u201d junto con \u201cEl Barbas\u201d, \u201cEl Chori\u201d y \u201cEl Huguito\u201d son quienes contin\u00faan con la extorsi\u00f3n a los comercios establecidos en la zona centro, as\u00ed como con los secuestros, invasi\u00f3n de predios y tr\u00e1fico de drogas, incluso, no descartan que esta nueva c\u00e9lula est\u00e9 involucrada en el homicidio de \u201cLos Floristas\u201d, ocurrido la madrugada del martes sobre Reforma.<\/p>\n<p>\u201cEl Lunares\u201d, desde que \u201cEl Betito\u201d y \u201cEl Pistache\u201d estaban en las calles, era el encargado de colonias como Morelos, Tepito, Guerrero y administraba la Zona Rosa, el corredor Roma-Condesa y Polanco.<\/p>\n<p>Los informes detallan que a\u00fan le rinde cuentas a Roberto Mollado, \u201cEl Betito\u201d, que se encuentra preso en el Reclusorio Norte.<\/p>\n<p>Este martes, el jefe de la polic\u00eda capitalina, Omar Garc\u00eda Harfuch, dijo que esta c\u00e9lula de La Uni\u00f3n Tepito, recib\u00eda protecci\u00f3n por parte de autoridades capitalinas, por lo que no se descarta que hayan alertado de este operativo al actual l\u00edder, quien alcanz\u00f3 a escapar.<\/p>\n<p>\u201cEsta secretar\u00eda tuvo conocimiento de la colusi\u00f3n de este grupo delictivo con autoridades de la Ciudad de M\u00e9xico, las cuales posiblemente daban protecci\u00f3n a esta organizaci\u00f3n, por lo cual se decidi\u00f3 operar a la brevedad\u201d, explic\u00f3 Garc\u00eda Harfuch.<\/p>\n<p>En la vecindad ubicada en la colonia Peralvillo, identificada con el n\u00famero 33, se encontr\u00f3 un t\u00fanel que conectaba hasta la calle de Tenochtitl\u00e1n en el coraz\u00f3n del barrio de Tepito, por donde se presume escap\u00f3 el cabecilla de La Uni\u00f3n.<\/p>\n","protected":false},"excerpt":{"rendered":"<p>Informes de inteligencia de la Procuradur\u00eda capitalina establecen, luego de las detenciones recientes que el gobierno federal ha realizado de los principales capos de La Uni\u00f3n Tepito, que ahora esa c\u00e9lula criminal es liderada por un presunto comerciante, a quien identifican como \u00d3scar, alias \u201cEl Lunares\u201d.<\/p>\n","protected":false},"author":3,"featured_media":447517,"comment_status":"open","ping_status":"open","sticky":false,"template":"","format":"standard","meta":{"_monsterinsights_skip_tracking":false,"_monsterinsights_sitenote_active":false,"_monsterinsights_sitenote_note":"","_monsterinsights_sitenote_category":0,"footnotes":""},"categories":[6],"tags":[204,88331,16456,7349,43677],"class_list":["post-447412","post","type-post","status-publish","format-standard","has-post-thumbnail","hentry","category-cd-de-mexico","tag-ciudad-de-mexico","tag-el-lunares","tag-la-union","tag-operativo","tag-seguridad"],"_links":{"self":[{"href":"https:\/\/www.diarioimagen.net\/index.php?rest_route=\/wp\/v2\/posts\/447412","targetHints":{"allow":["GET"]}}],"collection":[{"href":"https:\/\/www.diarioimagen.net\/index.php?rest_route=\/wp\/v2\/posts"}],"about":[{"href":"https:\/\/www.diarioimagen.net\/index.php?rest_route=\/wp\/v2\/types\/post"}],"author":[{"embeddable":true,"href":"https:\/\/www.diarioimagen.net\/index.php?rest_route=\/wp\/v2\/users\/3"}],"replies":[{"embeddable":true,"href":"https:\/\/www.diarioimagen.net\/index.php?rest_route=%2Fwp%2Fv2%2Fcomments&post=447412"}],"version-history":[{"count":0,"href":"https:\/\/www.diarioimagen.net\/index.php?rest_route=\/wp\/v2\/posts\/447412\/revisions"}],"wp:featuredmedia":[{"embeddable":true,"href":"https:\/\/www.diarioimagen.net\/index.php?rest_route=\/wp\/v2\/media\/447517"}],"wp:attachment":[{"href":"https:\/\/www.diarioimagen.net\/index.php?rest_route=%2Fwp%2Fv2%2Fmedia&parent=447412"}],"wp:term":[{"taxonomy":"category","embeddable":true,"href":"https:\/\/www.diarioimagen.net\/index.php?rest_route=%2Fwp%2Fv2%2Fcategories&post=447412"},{"taxonomy":"post_tag","embeddable":true,"href":"https:\/\/www.diarioimagen.net\/index.php?rest_route=%2Fwp%2Fv2%2Ftags&post=447412"}],"curies":[{"name":"wp","href":"https:\/\/api.w.org\/{rel}","templated":true}]}}