{"id":447440,"date":"2019-10-23T00:04:27","date_gmt":"2019-10-23T05:04:27","guid":{"rendered":"https:\/\/www.diarioimagen.net\/?p=447440"},"modified":"2019-10-23T05:24:32","modified_gmt":"2019-10-23T10:24:32","slug":"aguinaldos-de-suteymistas-estan-garantizados-palomares","status":"publish","type":"post","link":"https:\/\/www.diarioimagen.net\/?p=447440","title":{"rendered":"Aguinaldos de suteymistas est\u00e1n garantizados: Palomares"},"content":{"rendered":"<ul>\n<li><strong><em>Para m\u00e1s de 4 mil trabajadores<\/em><\/strong><\/li>\n<\/ul>\n<p>&nbsp;<\/p>\n<div id=\"attachment_447540\" style=\"width: 470px\" class=\"wp-caption aligncenter\"><a href=\"https:\/\/www.diarioimagen.net\/?attachment_id=447540\" rel=\"attachment wp-att-447540\"><img loading=\"lazy\" decoding=\"async\" aria-describedby=\"caption-attachment-447540\" class=\"size-large wp-image-447540\" src=\"https:\/\/www.diarioimagen.net\/wp-content\/uploads\/2019\/10\/NAUCALPAN-6-460x259.jpg\" alt=\"\" width=\"460\" height=\"259\" srcset=\"https:\/\/www.diarioimagen.net\/wp-content\/uploads\/2019\/10\/NAUCALPAN-6-460x259.jpg 460w, https:\/\/www.diarioimagen.net\/wp-content\/uploads\/2019\/10\/NAUCALPAN-6-240x135.jpg 240w, https:\/\/www.diarioimagen.net\/wp-content\/uploads\/2019\/10\/NAUCALPAN-6-235x132.jpg 235w, https:\/\/www.diarioimagen.net\/wp-content\/uploads\/2019\/10\/NAUCALPAN-6-202x114.jpg 202w, https:\/\/www.diarioimagen.net\/wp-content\/uploads\/2019\/10\/NAUCALPAN-6-350x196.jpg 350w, https:\/\/www.diarioimagen.net\/wp-content\/uploads\/2019\/10\/NAUCALPAN-6-220x123.jpg 220w, https:\/\/www.diarioimagen.net\/wp-content\/uploads\/2019\/10\/NAUCALPAN-6-237x132.jpg 237w, https:\/\/www.diarioimagen.net\/wp-content\/uploads\/2019\/10\/NAUCALPAN-6.jpg 480w\" sizes=\"auto, (max-width: 460px) 100vw, 460px\" \/><\/a><p id=\"caption-attachment-447540\" class=\"wp-caption-text\">Las prestaciones de fin de a\u00f1o est\u00e1n garantizadas para los trabajadores suteymistas, afirma Tom\u00e1s Palomares Parra.<\/p><\/div>\n<p>&nbsp;<\/p>\n<p><strong>Naucalpan, Estado de M\u00e9xico<\/strong>.- Todos y cada uno de los agremiados al Sindicato \u00danico de Trabajadores del Estado y sus Municipios (SUTEyM) tienen plenamente garantizados sus derechos laborales y en ese sentido, los m\u00e1s de 4 mil compa\u00f1eros recibir\u00e1n su aguinaldo en tiempo y forma.<\/p>\n<p>Asegur\u00f3 lo anterior, Tom\u00e1s Palomares Parra, secretario general de ese gremio sindical en Naucalpan, al tiempo de asegurar que \u201cdesde el inicio de su gobierno y pese a las dificultades financieras que se tuvieron, la presidenta municipal Patricia Dur\u00e1n Reveles, le ha cumplido a los suteymistas y \u00e9sta (la entrega de aguinaldos) no ser\u00e1 la excepci\u00f3n\u201d, dijo.<\/p>\n<p>Palomares Parra, record\u00f3 que \u201chemos venido platicando con la administraci\u00f3n que encabeza Patricia Dur\u00e1n Reveles, hemos hablado con el tesorero Leopoldo Corona Aguilar y nos aseguran que las prestaciones de fin de a\u00f1o est\u00e1n garantizadas y de hecho, la presidenta ha manifestado en m\u00e1s de una ocasi\u00f3n que ning\u00fan trabajador volver\u00e1 a quedarse sin su salario y su prioridad es ya tener listo lo que son aguinaldos, primas vacacionales de los trabajadores\u201d, puntualiz\u00f3.<\/p>\n<p>Tom\u00e1s Palomares, record\u00f3 que la alcaldesa ha cumplido uno a uno los compromisos que ha adquirido con la clase trabajadora, \u201cnosotros ofrecimos trabajo, trabajo y m\u00e1s trabajo y as\u00ed lo estamos haciendo y el gobierno, por ende, ha cumplido con la entrega oportuna de las prestaciones\u201d.<\/p>\n<p>En otro orden de ideas, el dirigente sindical, dijo que la unidad de los suteymistas, no s\u00f3lo de Naucalpan sino de todo el Estado de M\u00e9xico, est\u00e1 m\u00e1s que demostrado al aprobar la prolongaci\u00f3n del periodo de Herminio Cahue Calder\u00f3n.<\/p>\n<p>\u201cMe parece un gran acierto la ampliaci\u00f3n de nuestro secretario general, pues ello nos da certeza que tenemos un gran l\u00edder que siempre est\u00e1 cercano a la base y esa misma base, respald\u00f3 \u00e9sta decisi\u00f3n, pues adem\u00e1s de que los tiempos as\u00ed lo requer\u00edan. Hermino Cahue, es el hombre que pod\u00eda seguir generando la unidad entre la familia suteymista\u201d, abund\u00f3.<\/p>\n<p>Finalmente, Palomares Parra,\u00a0\u00a0reconoci\u00f3 que, efectivamente, \u201csomos un sindicato verdaderamente\u00a0\u00a0democr\u00e1tico y las pruebas est\u00e1n a la vista de todos con la ampliaci\u00f3n del mandato al frente del SUTEyM de Hermino Cahue, pero quiero reiterar que ello no quiere decir que de facto, todas las delegaciones se vayan a ampliar . Aqu\u00ed depende del trabajo de cada uno y la aceptaci\u00f3n que tenga la gente de su representante. Me parece que nos compromete a redoblar esfuerzos y seguir trabajando por conseguir mejores expectativas de vida para los suteymistas\u201d.<\/p>\n","protected":false},"excerpt":{"rendered":"<p>Todos y cada uno de los agremiados al Sindicato \u00danico de Trabajadores del Estado y sus Municipios (SUTEyM) tienen plenamente garantizados sus derechos laborales y en ese sentido, los m\u00e1s de 4 mil compa\u00f1eros recibir\u00e1n su aguinaldo en tiempo y forma.<\/p>\n","protected":false},"author":3,"featured_media":447540,"comment_status":"open","ping_status":"open","sticky":false,"template":"","format":"standard","meta":{"_monsterinsights_skip_tracking":false,"_monsterinsights_sitenote_active":false,"_monsterinsights_sitenote_note":"","_monsterinsights_sitenote_category":0,"footnotes":""},"categories":[5],"tags":[43675,87700,970],"class_list":["post-447440","post","type-post","status-publish","format-standard","has-post-thumbnail","hentry","category-estado-de-mexico","tag-estado-de-mexico","tag-garantizados","tag-naucalpan"],"_links":{"self":[{"href":"https:\/\/www.diarioimagen.net\/index.php?rest_route=\/wp\/v2\/posts\/447440","targetHints":{"allow":["GET"]}}],"collection":[{"href":"https:\/\/www.diarioimagen.net\/index.php?rest_route=\/wp\/v2\/posts"}],"about":[{"href":"https:\/\/www.diarioimagen.net\/index.php?rest_route=\/wp\/v2\/types\/post"}],"author":[{"embeddable":true,"href":"https:\/\/www.diarioimagen.net\/index.php?rest_route=\/wp\/v2\/users\/3"}],"replies":[{"embeddable":true,"href":"https:\/\/www.diarioimagen.net\/index.php?rest_route=%2Fwp%2Fv2%2Fcomments&post=447440"}],"version-history":[{"count":0,"href":"https:\/\/www.diarioimagen.net\/index.php?rest_route=\/wp\/v2\/posts\/447440\/revisions"}],"wp:featuredmedia":[{"embeddable":true,"href":"https:\/\/www.diarioimagen.net\/index.php?rest_route=\/wp\/v2\/media\/447540"}],"wp:attachment":[{"href":"https:\/\/www.diarioimagen.net\/index.php?rest_route=%2Fwp%2Fv2%2Fmedia&parent=447440"}],"wp:term":[{"taxonomy":"category","embeddable":true,"href":"https:\/\/www.diarioimagen.net\/index.php?rest_route=%2Fwp%2Fv2%2Fcategories&post=447440"},{"taxonomy":"post_tag","embeddable":true,"href":"https:\/\/www.diarioimagen.net\/index.php?rest_route=%2Fwp%2Fv2%2Ftags&post=447440"}],"curies":[{"name":"wp","href":"https:\/\/api.w.org\/{rel}","templated":true}]}}