{"id":447443,"date":"2019-10-23T00:03:07","date_gmt":"2019-10-23T05:03:07","guid":{"rendered":"https:\/\/www.diarioimagen.net\/?p=447443"},"modified":"2019-10-23T05:27:32","modified_gmt":"2019-10-23T10:27:32","slug":"tlalnepantla-entrega-apoyos-a-personas-adultas-mayores","status":"publish","type":"post","link":"https:\/\/www.diarioimagen.net\/?p=447443","title":{"rendered":"Tlalnepantla entrega apoyos a personas adultas mayores"},"content":{"rendered":"<p><a href=\"https:\/\/www.diarioimagen.net\/?attachment_id=447537\" rel=\"attachment wp-att-447537\"><img loading=\"lazy\" decoding=\"async\" class=\"aligncenter size-large wp-image-447537\" src=\"https:\/\/www.diarioimagen.net\/wp-content\/uploads\/2019\/10\/TLALNEPANTLA-23-460x259.jpg\" alt=\"\" width=\"460\" height=\"259\" srcset=\"https:\/\/www.diarioimagen.net\/wp-content\/uploads\/2019\/10\/TLALNEPANTLA-23-460x259.jpg 460w, https:\/\/www.diarioimagen.net\/wp-content\/uploads\/2019\/10\/TLALNEPANTLA-23-240x135.jpg 240w, https:\/\/www.diarioimagen.net\/wp-content\/uploads\/2019\/10\/TLALNEPANTLA-23-235x132.jpg 235w, https:\/\/www.diarioimagen.net\/wp-content\/uploads\/2019\/10\/TLALNEPANTLA-23-202x114.jpg 202w, https:\/\/www.diarioimagen.net\/wp-content\/uploads\/2019\/10\/TLALNEPANTLA-23-350x196.jpg 350w, https:\/\/www.diarioimagen.net\/wp-content\/uploads\/2019\/10\/TLALNEPANTLA-23-220x123.jpg 220w, https:\/\/www.diarioimagen.net\/wp-content\/uploads\/2019\/10\/TLALNEPANTLA-23-237x132.jpg 237w, https:\/\/www.diarioimagen.net\/wp-content\/uploads\/2019\/10\/TLALNEPANTLA-23.jpg 480w\" sizes=\"auto, (max-width: 460px) 100vw, 460px\" \/><\/a><\/p>\n<p>&nbsp;<\/p>\n<p><strong>Tlalnepantla, Estado de M\u00e9xico.- <\/strong>Raciel P\u00e9rez Cruz, Presidente Municipal, acompa\u00f1\u00f3 a Gabriela Valdepe\u00f1as Gonz\u00e1lez, Delegada del Gobierno Federal en Tlalnepantla, durante la entrega de apoyos del programa \u2018Pensi\u00f3n para el Bienestar de las Personas Adultas Mayores\u2019.<\/p>\n<p>El Edil indic\u00f3 que la Administraci\u00f3n Municipal trabaja de manera coordinada con el Gobierno Federal en materia de seguridad y a trav\u00e9s de programas sociales para apoyar a quienes m\u00e1s lo necesitan.Se\u00f1al\u00f3 que hoy en d\u00eda los programas sociales del Gobierno de M\u00e9xico se entregan de manera directa, sin intermediarios, para beneficiar en forma m\u00e1s eficiente a los grupos vulnerables.<\/p>\n","protected":false},"excerpt":{"rendered":"<p>Raciel P\u00e9rez Cruz, Presidente Municipal, acompa\u00f1\u00f3 a Gabriela Valdepe\u00f1as Gonz\u00e1lez, Delegada del Gobierno Federal en Tlalnepantla, durante la entrega de apoyos del programa \u2018Pensi\u00f3n para el Bienestar de las Personas Adultas Mayores\u2019.<\/p>\n","protected":false},"author":3,"featured_media":447537,"comment_status":"open","ping_status":"open","sticky":false,"template":"","format":"standard","meta":{"_monsterinsights_skip_tracking":false,"_monsterinsights_sitenote_active":false,"_monsterinsights_sitenote_note":"","_monsterinsights_sitenote_category":0,"footnotes":""},"categories":[5],"tags":[88335,2701],"class_list":["post-447443","post","type-post","status-publish","format-standard","has-post-thumbnail","hentry","category-estado-de-mexico","tag-adultas-mayores","tag-apoyo"],"_links":{"self":[{"href":"https:\/\/www.diarioimagen.net\/index.php?rest_route=\/wp\/v2\/posts\/447443","targetHints":{"allow":["GET"]}}],"collection":[{"href":"https:\/\/www.diarioimagen.net\/index.php?rest_route=\/wp\/v2\/posts"}],"about":[{"href":"https:\/\/www.diarioimagen.net\/index.php?rest_route=\/wp\/v2\/types\/post"}],"author":[{"embeddable":true,"href":"https:\/\/www.diarioimagen.net\/index.php?rest_route=\/wp\/v2\/users\/3"}],"replies":[{"embeddable":true,"href":"https:\/\/www.diarioimagen.net\/index.php?rest_route=%2Fwp%2Fv2%2Fcomments&post=447443"}],"version-history":[{"count":0,"href":"https:\/\/www.diarioimagen.net\/index.php?rest_route=\/wp\/v2\/posts\/447443\/revisions"}],"wp:featuredmedia":[{"embeddable":true,"href":"https:\/\/www.diarioimagen.net\/index.php?rest_route=\/wp\/v2\/media\/447537"}],"wp:attachment":[{"href":"https:\/\/www.diarioimagen.net\/index.php?rest_route=%2Fwp%2Fv2%2Fmedia&parent=447443"}],"wp:term":[{"taxonomy":"category","embeddable":true,"href":"https:\/\/www.diarioimagen.net\/index.php?rest_route=%2Fwp%2Fv2%2Fcategories&post=447443"},{"taxonomy":"post_tag","embeddable":true,"href":"https:\/\/www.diarioimagen.net\/index.php?rest_route=%2Fwp%2Fv2%2Ftags&post=447443"}],"curies":[{"name":"wp","href":"https:\/\/api.w.org\/{rel}","templated":true}]}}