{"id":447632,"date":"2019-10-24T00:01:12","date_gmt":"2019-10-24T05:01:12","guid":{"rendered":"https:\/\/www.diarioimagen.net\/?p=447632"},"modified":"2019-10-24T04:06:21","modified_gmt":"2019-10-24T09:06:21","slug":"uaem-realizara-diagnostico-sobre-los-principales-problemas-de-salud","status":"publish","type":"post","link":"https:\/\/www.diarioimagen.net\/?p=447632","title":{"rendered":"UAEM realizar\u00e1 diagn\u00f3stico sobre los principales problemas de salud"},"content":{"rendered":"<ul>\n<li><em><strong>En la zona nororiente del Edomex<\/strong><\/em><\/li>\n<li><em><strong>Estudio permitir\u00e1 realizar recomendaciones a los ayuntamientos<\/strong><\/em><\/li>\n<\/ul>\n<p>&nbsp;<\/p>\n<div id=\"attachment_447699\" style=\"width: 470px\" class=\"wp-caption aligncenter\"><a href=\"https:\/\/www.diarioimagen.net\/?attachment_id=447699\" rel=\"attachment wp-att-447699\"><img loading=\"lazy\" decoding=\"async\" aria-describedby=\"caption-attachment-447699\" class=\"size-large wp-image-447699\" src=\"https:\/\/www.diarioimagen.net\/wp-content\/uploads\/2019\/10\/UAEM-17-460x259.jpg\" alt=\"\" width=\"460\" height=\"259\" srcset=\"https:\/\/www.diarioimagen.net\/wp-content\/uploads\/2019\/10\/UAEM-17-460x259.jpg 460w, https:\/\/www.diarioimagen.net\/wp-content\/uploads\/2019\/10\/UAEM-17-240x135.jpg 240w, https:\/\/www.diarioimagen.net\/wp-content\/uploads\/2019\/10\/UAEM-17-235x132.jpg 235w, https:\/\/www.diarioimagen.net\/wp-content\/uploads\/2019\/10\/UAEM-17-202x114.jpg 202w, https:\/\/www.diarioimagen.net\/wp-content\/uploads\/2019\/10\/UAEM-17-350x196.jpg 350w, https:\/\/www.diarioimagen.net\/wp-content\/uploads\/2019\/10\/UAEM-17-220x123.jpg 220w, https:\/\/www.diarioimagen.net\/wp-content\/uploads\/2019\/10\/UAEM-17-237x132.jpg 237w, https:\/\/www.diarioimagen.net\/wp-content\/uploads\/2019\/10\/UAEM-17.jpg 480w\" sizes=\"auto, (max-width: 460px) 100vw, 460px\" \/><\/a><p id=\"caption-attachment-447699\" class=\"wp-caption-text\">El director de la Unidad Acad\u00e9mica Profesional Acolman, Ranulfo P\u00e9rez Garc\u00e9s, se\u00f1al\u00f3 que casi 20 por ciento de la poblaci\u00f3n de la entidad no tiene garantizado el derecho a la alimentaci\u00f3n.<\/p><\/div>\n<p>&nbsp;<\/p>\n<p><strong>Acolman, Estado de M\u00e9xico<\/strong>.\u2013 La Unidad Acad\u00e9mica Profesional Acolman de la Universidad Aut\u00f3noma del Estado de M\u00e9xico, en coordinaci\u00f3n con los ayuntamientos de Acolman y Teotihuac\u00e1n, integrar\u00e1 un grupo multidisciplinario de investigaci\u00f3n que tendr\u00e1 como objetivo realizar diagn\u00f3sticos sobre los principales problemas de salud y nutrici\u00f3n en el nororiente de la entidad.<\/p>\n<p>El director de este espacio acad\u00e9mico, Ranulfo P\u00e9rez Garc\u00e9s, apunt\u00f3 que en este grupo participar\u00e1n docentes y alumnos de las cuatro licenciaturas que ofrece este campus de la UAEM: Nutrici\u00f3n, Ingenier\u00eda Qu\u00edmica, Ingenier\u00eda en Producci\u00f3n Industrial y Mercadotecnia.<\/p>\n<p>Esta iniciativa, dijo, permitir\u00e1 realizar recomendaciones a los ayuntamientos para que implementen pol\u00edticas p\u00fablicas y reorienten sus acciones en materia de prevenci\u00f3n de enfermedades relacionadas con la alimentaci\u00f3n.<\/p>\n<p>Del mismo modo, afirm\u00f3 que el reducido impacto de las pol\u00edticas alimentarias y nutricionales en la entidad radica en la falta de diagn\u00f3sticos regionales e integrales sobre estos problemas.<\/p>\n<p>P\u00e9rez Garc\u00e9s se\u00f1al\u00f3 que casi 20 por ciento de la poblaci\u00f3n de la entidad no tiene garantizado el derecho a la alimentaci\u00f3n; adem\u00e1s, en los \u00faltimos cuatro a\u00f1os la prevalencia de la obesidad aument\u00f3.<\/p>\n<p>El universitario refiri\u00f3 que entre 2014 y 2018 crecieron 50 por ciento los casos de obesidad en el Estado de M\u00e9xico, al pasar de 281 a 421 por cada 100 mil habitantes.<\/p>\n<p>Asimismo, alert\u00f3 sobre el incremento de casos de diabetes originada durante el embarazo y la desnutrici\u00f3n cr\u00f3nica, en particular en los menores de un a\u00f1o de edad.<\/p>\n<p>Estos problemas de salud p\u00fablica, abund\u00f3, invitan a sumar esfuerzos con las administraciones municipales y estatales, con el prop\u00f3sito de cumplir las metas planteadas en la Agenda 2030 de los Objetivos de Desarrollo Sostenible de la Organizaci\u00f3n de las Naciones Unidas, que comprenden la erradicaci\u00f3n del hambre y garantizar la seguridad alimentaria y nutricional.<\/p>\n","protected":false},"excerpt":{"rendered":"<p>La Unidad Acad\u00e9mica Profesional Acolman de la Universidad Aut\u00f3noma del Estado de M\u00e9xico, en coordinaci\u00f3n con los ayuntamientos de Acolman y Teotihuac\u00e1n, integrar\u00e1 un grupo multidisciplinario de investigaci\u00f3n que tendr\u00e1 como objetivo realizar diagn\u00f3sticos sobre los principales problemas de salud y nutrici\u00f3n en el nororiente de la entidad.<\/p>\n","protected":false},"author":3,"featured_media":447699,"comment_status":"open","ping_status":"open","sticky":false,"template":"","format":"standard","meta":{"_monsterinsights_skip_tracking":false,"_monsterinsights_sitenote_active":false,"_monsterinsights_sitenote_note":"","_monsterinsights_sitenote_category":0,"footnotes":""},"categories":[5],"tags":[47277,43675,43692,1491],"class_list":["post-447632","post","type-post","status-publish","format-standard","has-post-thumbnail","hentry","category-estado-de-mexico","tag-acolman","tag-estado-de-mexico","tag-salud","tag-uaem"],"_links":{"self":[{"href":"https:\/\/www.diarioimagen.net\/index.php?rest_route=\/wp\/v2\/posts\/447632","targetHints":{"allow":["GET"]}}],"collection":[{"href":"https:\/\/www.diarioimagen.net\/index.php?rest_route=\/wp\/v2\/posts"}],"about":[{"href":"https:\/\/www.diarioimagen.net\/index.php?rest_route=\/wp\/v2\/types\/post"}],"author":[{"embeddable":true,"href":"https:\/\/www.diarioimagen.net\/index.php?rest_route=\/wp\/v2\/users\/3"}],"replies":[{"embeddable":true,"href":"https:\/\/www.diarioimagen.net\/index.php?rest_route=%2Fwp%2Fv2%2Fcomments&post=447632"}],"version-history":[{"count":0,"href":"https:\/\/www.diarioimagen.net\/index.php?rest_route=\/wp\/v2\/posts\/447632\/revisions"}],"wp:featuredmedia":[{"embeddable":true,"href":"https:\/\/www.diarioimagen.net\/index.php?rest_route=\/wp\/v2\/media\/447699"}],"wp:attachment":[{"href":"https:\/\/www.diarioimagen.net\/index.php?rest_route=%2Fwp%2Fv2%2Fmedia&parent=447632"}],"wp:term":[{"taxonomy":"category","embeddable":true,"href":"https:\/\/www.diarioimagen.net\/index.php?rest_route=%2Fwp%2Fv2%2Fcategories&post=447632"},{"taxonomy":"post_tag","embeddable":true,"href":"https:\/\/www.diarioimagen.net\/index.php?rest_route=%2Fwp%2Fv2%2Ftags&post=447632"}],"curies":[{"name":"wp","href":"https:\/\/api.w.org\/{rel}","templated":true}]}}