{"id":447639,"date":"2019-10-24T00:02:40","date_gmt":"2019-10-24T05:02:40","guid":{"rendered":"https:\/\/www.diarioimagen.net\/?p=447639"},"modified":"2019-10-24T04:07:20","modified_gmt":"2019-10-24T09:07:20","slug":"presidenta-municipal-de-tultitlan-escucha-peticiones-de-ciudadanos-de-la-zona-oriente","status":"publish","type":"post","link":"https:\/\/www.diarioimagen.net\/?p=447639","title":{"rendered":"Presidenta municipal de Tultitl\u00e1n escucha peticiones de ciudadanos de la zona oriente"},"content":{"rendered":"<ul>\n<li><strong><em>Cuadrag\u00e9sima segunda Sesi\u00f3n Ordinaria de Cabildo Abierto<\/em><\/strong><\/li>\n<\/ul>\n<p>&nbsp;<\/p>\n<div id=\"attachment_447702\" style=\"width: 470px\" class=\"wp-caption aligncenter\"><a href=\"https:\/\/www.diarioimagen.net\/?attachment_id=447702\" rel=\"attachment wp-att-447702\"><img loading=\"lazy\" decoding=\"async\" aria-describedby=\"caption-attachment-447702\" class=\"size-large wp-image-447702\" src=\"https:\/\/www.diarioimagen.net\/wp-content\/uploads\/2019\/10\/TULTITL\u00c1N--460x259.jpg\" alt=\"\" width=\"460\" height=\"259\" srcset=\"https:\/\/www.diarioimagen.net\/wp-content\/uploads\/2019\/10\/TULTITL\u00c1N--460x259.jpg 460w, https:\/\/www.diarioimagen.net\/wp-content\/uploads\/2019\/10\/TULTITL\u00c1N--240x135.jpg 240w, https:\/\/www.diarioimagen.net\/wp-content\/uploads\/2019\/10\/TULTITL\u00c1N--235x132.jpg 235w, https:\/\/www.diarioimagen.net\/wp-content\/uploads\/2019\/10\/TULTITL\u00c1N--202x114.jpg 202w, https:\/\/www.diarioimagen.net\/wp-content\/uploads\/2019\/10\/TULTITL\u00c1N--350x196.jpg 350w, https:\/\/www.diarioimagen.net\/wp-content\/uploads\/2019\/10\/TULTITL\u00c1N--220x123.jpg 220w, https:\/\/www.diarioimagen.net\/wp-content\/uploads\/2019\/10\/TULTITL\u00c1N--237x132.jpg 237w, https:\/\/www.diarioimagen.net\/wp-content\/uploads\/2019\/10\/TULTITL\u00c1N-.jpg 480w\" sizes=\"auto, (max-width: 460px) 100vw, 460px\" \/><\/a><p id=\"caption-attachment-447702\" class=\"wp-caption-text\">El gobierno encabezado por Elena Garc\u00eda Mart\u00ednez\u00a0 escuch\u00f3 peticiones y solicitudes por parte de ciudadanos de la zona oriente del municipio.<\/p><\/div>\n<p>&nbsp;<\/p>\n<p><strong>Tultitl\u00e1n, Estado de M\u00e9xico<\/strong>.- Durante la cuadrag\u00e9sima Segunda Sesi\u00f3n Ordinaria de Cabildo tipo Abierta\u00a0 celebrado este martes, el gobierno encabezado por Elena Garc\u00eda Mart\u00ednez\u00a0 en compa\u00f1\u00eda del cabildo municipal escucharon atentamente las peticiones y solicitudes por parte de ciudadanos de la Zona Oriente del municipio.<\/p>\n<p>Dicho cabildo tuvo lugar dentro de las instalaciones del deportivo Morelos ubicado en avenida Canal de Castera, unidad Morelos 2da secci\u00f3n San Pablo de las Salinas, donde vecinos previamente registrados conforme a la convocatoria emitida en d\u00edas pasados expusieron diferentes temas como seguridad, imagen urbana, alumbrado p\u00fablico, servicios p\u00fablicos y sobre todo la regularizaci\u00f3n de comercios establecidos y reubicaci\u00f3n de tianguis de dicha zona.<\/p>\n<p>Al respecto, la alcaldesa agradeci\u00f3 a los asistentes por preocuparse en la mejora de sus colonias, as\u00ed como la exposici\u00f3n de sus peticiones y por ser portavoces de los colonos para que puedan ser escuchados conforme lo estipula la ley.<\/p>\n<p>\u201cEste tipo de cabildos son para ustedes, tenemos la obligaci\u00f3n de escuchar cada necesidad de sus colonias y posteriormente se toma a consideraci\u00f3n con los integrantes de cabildo para poder brindar una respuesta efectiva y se cumplan sus peticiones, es por ello que de manera permanente vamos a diversas colonias porque cada una de ellas tiene necesidades diferentes y no solo nos preocupamos sino nos ocupamos de cumplirle a los tultitlenses\u201d.<\/p>\n<p>En el mismo tenor, los titulares de las \u00e1reas de Desarrollo Econ\u00f3mico y Servicios P\u00fablicos expusieron a los colonos los trabajos realizados durante la actual gesti\u00f3n resaltando que la Zona Oriente es donde se ha invertido en m\u00e1s servicios debido al total abandono que han sufrido durante d\u00e9cadas.<\/p>\n<p>Durante el desarrollo de la sesi\u00f3n 4 vecinos de la zona expusieron sus propuestas y peticiones e hicieron un llamado a las autoridades en trabajar de la mano con ellos para que Zona Oriente pueda ser m\u00e1s segura, aumentar el alumbrado p\u00fablico, rescatar espacios p\u00fablicos, regularizar establecimientos que no est\u00e1n dados de alta para pago de impuestos, as\u00ed como la regularizaci\u00f3n de tianguis mediante el reordenamiento de espacios p\u00fablicos.<\/p>\n<p>A modo de conclusi\u00f3n la se\u00f1ora Lorena Mart\u00ednez, vecina de dicha colonia, agradeci\u00f3 a la mandataria local y a su cabildo por escuchar las necesidades que existen en la zona y que es la segunda vez que regresa y las acciones que ha tomado siempre sean en favor de los tultitlenses.<\/p>\n","protected":false},"excerpt":{"rendered":"<p>Durante la cuadrag\u00e9sima Segunda Sesi\u00f3n Ordinaria de Cabildo tipo Abierta\u00a0 celebrado este martes, el gobierno encabezado por Elena Garc\u00eda Mart\u00ednez\u00a0 en compa\u00f1\u00eda del cabildo municipal escucharon atentamente las peticiones y solicitudes por parte de ciudadanos de la Zona Oriente del municipio.<\/p>\n","protected":false},"author":3,"featured_media":447702,"comment_status":"open","ping_status":"open","sticky":false,"template":"","format":"standard","meta":{"_monsterinsights_skip_tracking":false,"_monsterinsights_sitenote_active":false,"_monsterinsights_sitenote_note":"","_monsterinsights_sitenote_category":0,"footnotes":""},"categories":[5],"tags":[43675,578,88355],"class_list":["post-447639","post","type-post","status-publish","format-standard","has-post-thumbnail","hentry","category-estado-de-mexico","tag-estado-de-mexico","tag-tultitlan","tag-zona-oriente"],"_links":{"self":[{"href":"https:\/\/www.diarioimagen.net\/index.php?rest_route=\/wp\/v2\/posts\/447639","targetHints":{"allow":["GET"]}}],"collection":[{"href":"https:\/\/www.diarioimagen.net\/index.php?rest_route=\/wp\/v2\/posts"}],"about":[{"href":"https:\/\/www.diarioimagen.net\/index.php?rest_route=\/wp\/v2\/types\/post"}],"author":[{"embeddable":true,"href":"https:\/\/www.diarioimagen.net\/index.php?rest_route=\/wp\/v2\/users\/3"}],"replies":[{"embeddable":true,"href":"https:\/\/www.diarioimagen.net\/index.php?rest_route=%2Fwp%2Fv2%2Fcomments&post=447639"}],"version-history":[{"count":0,"href":"https:\/\/www.diarioimagen.net\/index.php?rest_route=\/wp\/v2\/posts\/447639\/revisions"}],"wp:featuredmedia":[{"embeddable":true,"href":"https:\/\/www.diarioimagen.net\/index.php?rest_route=\/wp\/v2\/media\/447702"}],"wp:attachment":[{"href":"https:\/\/www.diarioimagen.net\/index.php?rest_route=%2Fwp%2Fv2%2Fmedia&parent=447639"}],"wp:term":[{"taxonomy":"category","embeddable":true,"href":"https:\/\/www.diarioimagen.net\/index.php?rest_route=%2Fwp%2Fv2%2Fcategories&post=447639"},{"taxonomy":"post_tag","embeddable":true,"href":"https:\/\/www.diarioimagen.net\/index.php?rest_route=%2Fwp%2Fv2%2Ftags&post=447639"}],"curies":[{"name":"wp","href":"https:\/\/api.w.org\/{rel}","templated":true}]}}