{"id":447641,"date":"2019-10-24T00:03:08","date_gmt":"2019-10-24T05:03:08","guid":{"rendered":"https:\/\/www.diarioimagen.net\/?p=447641"},"modified":"2019-10-24T04:20:06","modified_gmt":"2019-10-24T09:20:06","slug":"ariel-juarez-en-cuautitlan-todos-debemos-participar-en-la-educacion","status":"publish","type":"post","link":"https:\/\/www.diarioimagen.net\/?p=447641","title":{"rendered":"Ariel Ju\u00e1rez: en Cuautitl\u00e1n todos debemos participar en la educaci\u00f3n"},"content":{"rendered":"<ul>\n<li><strong><em>Inauguraci\u00f3n de la biblioteca escolar<\/em><\/strong><\/li>\n<\/ul>\n<p>&nbsp;<\/p>\n<div id=\"attachment_447707\" style=\"width: 470px\" class=\"wp-caption aligncenter\"><a href=\"https:\/\/www.diarioimagen.net\/?attachment_id=447707\" rel=\"attachment wp-att-447707\"><img loading=\"lazy\" decoding=\"async\" aria-describedby=\"caption-attachment-447707\" class=\"size-large wp-image-447707\" src=\"https:\/\/www.diarioimagen.net\/wp-content\/uploads\/2019\/10\/CUAUTITL\u00c1N-3-460x259.jpg\" alt=\"\" width=\"460\" height=\"259\" srcset=\"https:\/\/www.diarioimagen.net\/wp-content\/uploads\/2019\/10\/CUAUTITL\u00c1N-3-460x259.jpg 460w, https:\/\/www.diarioimagen.net\/wp-content\/uploads\/2019\/10\/CUAUTITL\u00c1N-3-240x135.jpg 240w, https:\/\/www.diarioimagen.net\/wp-content\/uploads\/2019\/10\/CUAUTITL\u00c1N-3-235x132.jpg 235w, https:\/\/www.diarioimagen.net\/wp-content\/uploads\/2019\/10\/CUAUTITL\u00c1N-3-202x114.jpg 202w, https:\/\/www.diarioimagen.net\/wp-content\/uploads\/2019\/10\/CUAUTITL\u00c1N-3-350x196.jpg 350w, https:\/\/www.diarioimagen.net\/wp-content\/uploads\/2019\/10\/CUAUTITL\u00c1N-3-220x123.jpg 220w, https:\/\/www.diarioimagen.net\/wp-content\/uploads\/2019\/10\/CUAUTITL\u00c1N-3-237x132.jpg 237w, https:\/\/www.diarioimagen.net\/wp-content\/uploads\/2019\/10\/CUAUTITL\u00c1N-3.jpg 480w\" sizes=\"auto, (max-width: 460px) 100vw, 460px\" \/><\/a><p id=\"caption-attachment-447707\" class=\"wp-caption-text\">El alcalde Ariel Ju\u00e1rez Rodr\u00edguez inaugur\u00f3\u00a0 la biblioteca escolar \u201cJuan Rulfo\u201d de la escuela primaria Jes\u00fas Reyes Heroles de la unidad habitacional Cebadales.<\/p><\/div>\n<p>&nbsp;<\/p>\n<p><strong>Cuautitl\u00e1n, Estado de M\u00e9xico<\/strong>.- Apoyar a los alumnos mejorando los espacios educativos debe ser una tarea de todos, asegur\u00f3 el presidente municipal Ariel Ju\u00e1rez Rodr\u00edguez durante la inauguraci\u00f3n de la biblioteca escolar \u201cJuan Rulfo\u201d de la escuela primaria Jes\u00fas Reyes Heroles, turno vespertino, de la unidad habitacional Cebadales.<\/p>\n<p>\u201cRegresar a esta escuela de la que fui alumno es un gran honor, porque conocimos a destacados maestros\u00a0 y hoy es mas gratificante porque seguimos caminando por todas las escuelas del municipio y nos damos cuenta del rezago educativo que se viene arrastrando desde hace muchos a\u00f1os\u201d, recalc\u00f3,\u00a0 Ju\u00e1rez Rodr\u00edguez.<\/p>\n<p>Este espacio del saber dar\u00e1 servicio a 94 alumnos, ya que se cuenta con un acervo\u00a0 de mas de 400 libros de diversos temas, por lo que el gobierno municipal atender\u00e1 las necesidades mas prioritarias en materia de servicios p\u00fablicos y seguridad, para establecer las mejores condiciones educativas.<\/p>\n<p>Con los padres de familia tambi\u00e9n trabajaremos para continuar realizando otras acciones para el mejoramiento de la convenc\u00eda vecinal, fortalecimiento de las vigilancia en la zona y rehabilitaci\u00f3n de \u00e1reas p\u00fablicas.<\/p>\n<p>Los integrantes de la sociedad de padres de familia del turno vespertino, solicitaron diversos apoyos para mejorar las condiciones del inmueble que fue construido en los a\u00f1os 80\u2019s, y que hoy ya presenta algunas sales da\u00f1os en los techos, fallas en los sistemas hidr\u00e1ulicos de los sanitarios y el\u00e9ctricos.<\/p>\n<p>Como parte de las acciones de gobierno se iniciar\u00e1 en todo el territorio municipal el el programa Transformando tu Comunidad, con el cual los vecinos y las dependencias del ayuntamiento realizar trabajos de limpieza, recolecci\u00f3n de basura, poda y mejoramiento de \u00e1reas\u00a0 p\u00fablicas, as\u00ed como la aplicaci\u00f3n de operativos de seguridad y vigilancia, este incluye zonas comunes de las escuelas como eb0n Cebadales.<\/p>\n","protected":false},"excerpt":{"rendered":"<p>Apoyar a los alumnos mejorando los espacios educativos debe ser una tarea de todos, asegur\u00f3 el presidente municipal Ariel Ju\u00e1rez Rodr\u00edguez durante la inauguraci\u00f3n de la biblioteca escolar \u201cJuan Rulfo\u201d de la escuela primaria Jes\u00fas Reyes Heroles, turno vespertino, de la unidad habitacional Cebadales.<\/p>\n","protected":false},"author":3,"featured_media":447707,"comment_status":"open","ping_status":"open","sticky":false,"template":"","format":"standard","meta":{"_monsterinsights_skip_tracking":false,"_monsterinsights_sitenote_active":false,"_monsterinsights_sitenote_note":"","_monsterinsights_sitenote_category":0,"footnotes":""},"categories":[5],"tags":[681,43694,43675,81181],"class_list":["post-447641","post","type-post","status-publish","format-standard","has-post-thumbnail","hentry","category-estado-de-mexico","tag-cuautitlan","tag-educacion","tag-estado-de-mexico","tag-participar"],"_links":{"self":[{"href":"https:\/\/www.diarioimagen.net\/index.php?rest_route=\/wp\/v2\/posts\/447641","targetHints":{"allow":["GET"]}}],"collection":[{"href":"https:\/\/www.diarioimagen.net\/index.php?rest_route=\/wp\/v2\/posts"}],"about":[{"href":"https:\/\/www.diarioimagen.net\/index.php?rest_route=\/wp\/v2\/types\/post"}],"author":[{"embeddable":true,"href":"https:\/\/www.diarioimagen.net\/index.php?rest_route=\/wp\/v2\/users\/3"}],"replies":[{"embeddable":true,"href":"https:\/\/www.diarioimagen.net\/index.php?rest_route=%2Fwp%2Fv2%2Fcomments&post=447641"}],"version-history":[{"count":0,"href":"https:\/\/www.diarioimagen.net\/index.php?rest_route=\/wp\/v2\/posts\/447641\/revisions"}],"wp:featuredmedia":[{"embeddable":true,"href":"https:\/\/www.diarioimagen.net\/index.php?rest_route=\/wp\/v2\/media\/447707"}],"wp:attachment":[{"href":"https:\/\/www.diarioimagen.net\/index.php?rest_route=%2Fwp%2Fv2%2Fmedia&parent=447641"}],"wp:term":[{"taxonomy":"category","embeddable":true,"href":"https:\/\/www.diarioimagen.net\/index.php?rest_route=%2Fwp%2Fv2%2Fcategories&post=447641"},{"taxonomy":"post_tag","embeddable":true,"href":"https:\/\/www.diarioimagen.net\/index.php?rest_route=%2Fwp%2Fv2%2Ftags&post=447641"}],"curies":[{"name":"wp","href":"https:\/\/api.w.org\/{rel}","templated":true}]}}