{"id":447643,"date":"2019-10-24T00:04:23","date_gmt":"2019-10-24T05:04:23","guid":{"rendered":"https:\/\/www.diarioimagen.net\/?p=447643"},"modified":"2019-10-24T04:11:16","modified_gmt":"2019-10-24T09:11:16","slug":"no-cederemos-a-chantajes-de-lideres-de-transportistas-gobierno-de-tlalnepantla","status":"publish","type":"post","link":"https:\/\/www.diarioimagen.net\/?p=447643","title":{"rendered":"No cederemos a chantajes de l\u00edderes de transportistas: gobierno de Tlalnepantla"},"content":{"rendered":"<ul>\n<li><strong><em>Rechazo al cierre de vialidades<\/em><\/strong><\/li>\n<\/ul>\n<p>&nbsp;<\/p>\n<div id=\"attachment_447705\" style=\"width: 470px\" class=\"wp-caption aligncenter\"><a href=\"https:\/\/www.diarioimagen.net\/?attachment_id=447705\" rel=\"attachment wp-att-447705\"><img loading=\"lazy\" decoding=\"async\" aria-describedby=\"caption-attachment-447705\" class=\"size-large wp-image-447705\" src=\"https:\/\/www.diarioimagen.net\/wp-content\/uploads\/2019\/10\/tlane-ok-460x259.jpg\" alt=\"\" width=\"460\" height=\"259\" srcset=\"https:\/\/www.diarioimagen.net\/wp-content\/uploads\/2019\/10\/tlane-ok-460x259.jpg 460w, https:\/\/www.diarioimagen.net\/wp-content\/uploads\/2019\/10\/tlane-ok-240x135.jpg 240w, https:\/\/www.diarioimagen.net\/wp-content\/uploads\/2019\/10\/tlane-ok-235x132.jpg 235w, https:\/\/www.diarioimagen.net\/wp-content\/uploads\/2019\/10\/tlane-ok-202x114.jpg 202w, https:\/\/www.diarioimagen.net\/wp-content\/uploads\/2019\/10\/tlane-ok-350x196.jpg 350w, https:\/\/www.diarioimagen.net\/wp-content\/uploads\/2019\/10\/tlane-ok-220x123.jpg 220w, https:\/\/www.diarioimagen.net\/wp-content\/uploads\/2019\/10\/tlane-ok-237x132.jpg 237w, https:\/\/www.diarioimagen.net\/wp-content\/uploads\/2019\/10\/tlane-ok.jpg 480w\" sizes=\"auto, (max-width: 460px) 100vw, 460px\" \/><\/a><p id=\"caption-attachment-447705\" class=\"wp-caption-text\">La ma\u00f1ana de ayer, trasportistas cerraron carriles de vialidades del primer cuadro de Tlalnepantla.<\/p><\/div>\n<p>&nbsp;<\/p>\n<p><strong>Tlalnepantla, Estado de M\u00e9xico<\/strong>.- El Gobierno de Tlalnepantla no ceder\u00e1 ante chantajes de grupos que desean mantener privilegios e imponer sus intereses por encima de la ciudadan\u00eda, por lo que expresa su rechazo al cierre de vialidades por parte de l\u00edderes y conductores de las rutas 05, 26, 27, 59 y ANASA.<\/p>\n<p>Anteriormente, cuando ocurr\u00eda un percance en el que estuviera involucrada una unidad de transporte p\u00fablico, las autoridades municipales hac\u00edan uso discrecional y abusivo de las herramientas periciales para favorecer a los permisionarios y perjudicar a los conductores de veh\u00edculos particulares, lo que dejaba en estado de indefensi\u00f3n a la ciudadan\u00eda.<\/p>\n<p>Desde el inicio este Gobierno, que encabeza Raciel P\u00e9rez Cruz, Presidente Municipal de Tlalnepantla, se act\u00faa de manera honesta y transparente, se realiza un peritaje por parte de un \u2018profesional de hechos de tr\u00e1nsito terrestre\u2019, que es elaborado con todos los requisitos de ley y bajo los principios del m\u00e9todo cient\u00edfico para emitir un laudo donde se establece de qui\u00e9n es la responsabilidad.<\/p>\n<p>Ayer trasportistas de las rutas referidas cerraron carriles de vialidades del primer cuadro de nuestra ciudad, lo que gener\u00f3 congestionamientos vehiculares que afectaron a los automovilistas y a la poblaci\u00f3n que cruza por esta zona.<\/p>\n<p>La Administraci\u00f3n Municipal reitera su compromiso de trabajar con una pol\u00edtica de cero tolerancia a la corrupci\u00f3n y de manera transparente, en beneficio de toda la ciudadan\u00eda por encima de cualquier grupo que pretenda mantener privilegios y tener trato diferenciado.<\/p>\n<p>Mitzi Alicia Anda Rubalcava, Directora de Sustentabilidad Ambiental y Movilidad entabl\u00f3 comunicaci\u00f3n directa con los permisionarios para crear una comisi\u00f3n con el fin de dar seguimiento a sus inconformidades, siempre con respeto absoluto a la ley y velando por los intereses de la ciudadan\u00eda.<\/p>\n","protected":false},"excerpt":{"rendered":"<p>El Gobierno de Tlalnepantla no ceder\u00e1 ante chantajes de grupos que desean mantener privilegios e imponer sus intereses por encima de la ciudadan\u00eda, por lo que expresa su rechazo al cierre de vialidades por parte de l\u00edderes y conductores de las rutas 05, 26, 27, 59 y ANASA.<\/p>\n","protected":false},"author":3,"featured_media":447705,"comment_status":"open","ping_status":"open","sticky":false,"template":"","format":"standard","meta":{"_monsterinsights_skip_tracking":false,"_monsterinsights_sitenote_active":false,"_monsterinsights_sitenote_note":"","_monsterinsights_sitenote_category":0,"footnotes":""},"categories":[5],"tags":[49442,43675,169,12963],"class_list":["post-447643","post","type-post","status-publish","format-standard","has-post-thumbnail","hentry","category-estado-de-mexico","tag-chantaje","tag-estado-de-mexico","tag-tlalnepantla","tag-transportistas"],"_links":{"self":[{"href":"https:\/\/www.diarioimagen.net\/index.php?rest_route=\/wp\/v2\/posts\/447643","targetHints":{"allow":["GET"]}}],"collection":[{"href":"https:\/\/www.diarioimagen.net\/index.php?rest_route=\/wp\/v2\/posts"}],"about":[{"href":"https:\/\/www.diarioimagen.net\/index.php?rest_route=\/wp\/v2\/types\/post"}],"author":[{"embeddable":true,"href":"https:\/\/www.diarioimagen.net\/index.php?rest_route=\/wp\/v2\/users\/3"}],"replies":[{"embeddable":true,"href":"https:\/\/www.diarioimagen.net\/index.php?rest_route=%2Fwp%2Fv2%2Fcomments&post=447643"}],"version-history":[{"count":0,"href":"https:\/\/www.diarioimagen.net\/index.php?rest_route=\/wp\/v2\/posts\/447643\/revisions"}],"wp:featuredmedia":[{"embeddable":true,"href":"https:\/\/www.diarioimagen.net\/index.php?rest_route=\/wp\/v2\/media\/447705"}],"wp:attachment":[{"href":"https:\/\/www.diarioimagen.net\/index.php?rest_route=%2Fwp%2Fv2%2Fmedia&parent=447643"}],"wp:term":[{"taxonomy":"category","embeddable":true,"href":"https:\/\/www.diarioimagen.net\/index.php?rest_route=%2Fwp%2Fv2%2Fcategories&post=447643"},{"taxonomy":"post_tag","embeddable":true,"href":"https:\/\/www.diarioimagen.net\/index.php?rest_route=%2Fwp%2Fv2%2Ftags&post=447643"}],"curies":[{"name":"wp","href":"https:\/\/api.w.org\/{rel}","templated":true}]}}