{"id":447730,"date":"2019-10-25T00:07:19","date_gmt":"2019-10-25T05:07:19","guid":{"rendered":"https:\/\/www.diarioimagen.net\/?p=447730"},"modified":"2019-10-25T00:15:31","modified_gmt":"2019-10-25T05:15:31","slug":"caos-vial-por-boqueos-en-accesos-a-la-cdmx","status":"publish","type":"post","link":"https:\/\/www.diarioimagen.net\/?p=447730","title":{"rendered":"Caos vial: chatarreros cierran accesos a la CDMX"},"content":{"rendered":"<ul>\n<li><em><strong>Se movilizan recolectores de chatarra<\/strong><\/em><\/li>\n<\/ul>\n<p>&nbsp;<\/p>\n<div id=\"attachment_447731\" style=\"width: 470px\" class=\"wp-caption aligncenter\"><img loading=\"lazy\" decoding=\"async\" aria-describedby=\"caption-attachment-447731\" class=\"size-large wp-image-447731\" src=\"https:\/\/www.diarioimagen.net\/wp-content\/uploads\/2019\/10\/BLOQUEOS25a-POR-460x268.jpg\" alt=\"\" width=\"460\" height=\"268\" srcset=\"https:\/\/www.diarioimagen.net\/wp-content\/uploads\/2019\/10\/BLOQUEOS25a-POR-460x268.jpg 460w, https:\/\/www.diarioimagen.net\/wp-content\/uploads\/2019\/10\/BLOQUEOS25a-POR-240x140.jpg 240w, https:\/\/www.diarioimagen.net\/wp-content\/uploads\/2019\/10\/BLOQUEOS25a-POR.jpg 480w\" sizes=\"auto, (max-width: 460px) 100vw, 460px\" \/><p id=\"caption-attachment-447731\" class=\"wp-caption-text\">Recolectores de chatarra bloquearon este jueves las principales autopistas de acceso a la Ciudad de M\u00e9xico.<\/p><\/div>\n<p>&nbsp;<\/p>\n<p>Cientos de recolectores de chatarra, adscritos a la Confederaci\u00f3n Nacional de Industriales de Metales y Recicladores, bloquearon este jueves las principales autopistas de acceso a la Ciudad de M\u00e9xico para exigir a diputados y senadores que detengan la propuesta del Partido Verde Ecologista para modificar la ley de manejo de residuos, pues afirman que pretenden privatizar esta actividad y ello dejar\u00eda a millones de familias desempleadas.<\/p>\n<p>Ante la movilizaci\u00f3n, ayer por ma\u00f1ana se observaron kil\u00f3metros de veh\u00edculos varados, cuyos conductores viajaban hacia la capital del pa\u00eds o viceversa.<\/p>\n<p>En el caso de la la ciudad de Toluca, los inconformes se\u00f1alaban que son al menos 6 mil familias de tres comunidades como Tlachaloya I y II que se dedican a la recolecci\u00f3n de basura, refrigeradores, colchones y que muchas veces son se\u00f1alados \u201cinjustificadamente\u201d como delincuentes.<\/p>\n<p>Alrededor del mediod\u00eda, el Centro de Informaci\u00f3n Vial de la Secretar\u00eda de Seguridad Ciudadana de la Ciudad de M\u00e9xico inform\u00f3 que tras el retiro de manifestantes, se restableci\u00f3 la circulaci\u00f3n en las autopistas que comunican a la capital del pa\u00eds con los estados de M\u00e9xico, Puebla, Morelos, Hidalgo y Quer\u00e9taro.<\/p>\n<p>&nbsp;<\/p>\n","protected":false},"excerpt":{"rendered":"<p>Cientos de recolectores de chatarra, adscritos a la Confederaci\u00f3n Nacional de Industriales de Metales y Recicladores, bloquearon este jueves las principales autopistas de acceso a la Ciudad de M\u00e9xico para exigir a diputados y senadores que detengan la propuesta del Partido Verde Ecologista para modificar la ley de manejo de residuos, pues afirman que pretenden privatizar esta actividad y ello dejar\u00eda a millones de familias desempleadas.<\/p>\n","protected":false},"author":1,"featured_media":447731,"comment_status":"open","ping_status":"open","sticky":false,"template":"","format":"standard","meta":{"_monsterinsights_skip_tracking":false,"_monsterinsights_sitenote_active":false,"_monsterinsights_sitenote_note":"","_monsterinsights_sitenote_category":0,"footnotes":""},"categories":[6],"tags":[13184,34444,204,42,44,836,46,47],"class_list":["post-447730","post","type-post","status-publish","format-standard","has-post-thumbnail","hentry","category-cd-de-mexico","tag-caos-vial","tag-cdmx","tag-ciudad-de-mexico","tag-hidalgo","tag-mexico","tag-morelos","tag-puebla","tag-queretaro"],"_links":{"self":[{"href":"https:\/\/www.diarioimagen.net\/index.php?rest_route=\/wp\/v2\/posts\/447730","targetHints":{"allow":["GET"]}}],"collection":[{"href":"https:\/\/www.diarioimagen.net\/index.php?rest_route=\/wp\/v2\/posts"}],"about":[{"href":"https:\/\/www.diarioimagen.net\/index.php?rest_route=\/wp\/v2\/types\/post"}],"author":[{"embeddable":true,"href":"https:\/\/www.diarioimagen.net\/index.php?rest_route=\/wp\/v2\/users\/1"}],"replies":[{"embeddable":true,"href":"https:\/\/www.diarioimagen.net\/index.php?rest_route=%2Fwp%2Fv2%2Fcomments&post=447730"}],"version-history":[{"count":0,"href":"https:\/\/www.diarioimagen.net\/index.php?rest_route=\/wp\/v2\/posts\/447730\/revisions"}],"wp:featuredmedia":[{"embeddable":true,"href":"https:\/\/www.diarioimagen.net\/index.php?rest_route=\/wp\/v2\/media\/447731"}],"wp:attachment":[{"href":"https:\/\/www.diarioimagen.net\/index.php?rest_route=%2Fwp%2Fv2%2Fmedia&parent=447730"}],"wp:term":[{"taxonomy":"category","embeddable":true,"href":"https:\/\/www.diarioimagen.net\/index.php?rest_route=%2Fwp%2Fv2%2Fcategories&post=447730"},{"taxonomy":"post_tag","embeddable":true,"href":"https:\/\/www.diarioimagen.net\/index.php?rest_route=%2Fwp%2Fv2%2Ftags&post=447730"}],"curies":[{"name":"wp","href":"https:\/\/api.w.org\/{rel}","templated":true}]}}