{"id":447799,"date":"2019-10-25T00:04:49","date_gmt":"2019-10-25T05:04:49","guid":{"rendered":"https:\/\/www.diarioimagen.net\/?p=447799"},"modified":"2019-10-25T04:53:14","modified_gmt":"2019-10-25T09:53:14","slug":"atizapan-estrena-caseta-de-videollamada-para-proteccion-y-denuncia-de-los-dh","status":"publish","type":"post","link":"https:\/\/www.diarioimagen.net\/?p=447799","title":{"rendered":"Atizap\u00e1n estrena caseta de videollamada para protecci\u00f3n y denuncia de los DH"},"content":{"rendered":"<ul>\n<li><strong><em>Ejercicio de acercamiento al pueblo<\/em><\/strong><\/li>\n<\/ul>\n<p>&nbsp;<\/p>\n<div id=\"attachment_447883\" style=\"width: 470px\" class=\"wp-caption aligncenter\"><a href=\"https:\/\/www.diarioimagen.net\/?attachment_id=447883\" rel=\"attachment wp-att-447883\"><img loading=\"lazy\" decoding=\"async\" aria-describedby=\"caption-attachment-447883\" class=\"size-large wp-image-447883\" src=\"https:\/\/www.diarioimagen.net\/wp-content\/uploads\/2019\/10\/atizapan-460x259.jpg\" alt=\"\" width=\"460\" height=\"259\" srcset=\"https:\/\/www.diarioimagen.net\/wp-content\/uploads\/2019\/10\/atizapan-460x259.jpg 460w, https:\/\/www.diarioimagen.net\/wp-content\/uploads\/2019\/10\/atizapan-240x135.jpg 240w, https:\/\/www.diarioimagen.net\/wp-content\/uploads\/2019\/10\/atizapan-235x132.jpg 235w, https:\/\/www.diarioimagen.net\/wp-content\/uploads\/2019\/10\/atizapan-202x114.jpg 202w, https:\/\/www.diarioimagen.net\/wp-content\/uploads\/2019\/10\/atizapan-350x196.jpg 350w, https:\/\/www.diarioimagen.net\/wp-content\/uploads\/2019\/10\/atizapan-220x123.jpg 220w, https:\/\/www.diarioimagen.net\/wp-content\/uploads\/2019\/10\/atizapan-237x132.jpg 237w, https:\/\/www.diarioimagen.net\/wp-content\/uploads\/2019\/10\/atizapan.jpg 480w\" sizes=\"auto, (max-width: 460px) 100vw, 460px\" \/><\/a><p id=\"caption-attachment-447883\" class=\"wp-caption-text\">El Ayuntamiento de Atizap\u00e1n y la Comisi\u00f3n de Derechos Humanos del Estado de M\u00e9xico (Codhem) instalaron caseta de video comunicaci\u00f3n \u201cLlama y protege tus derechos\u201d.<\/p><\/div>\n<p>&nbsp;<\/p>\n<p><strong>Atizap\u00e1n, Estado de M\u00e9xico<\/strong>.- En un ejercicio de rendici\u00f3n de cuentas, transparencia y acercamiento al pueblo, el Ayuntamiento de Atizap\u00e1n de Zaragoza y la Comisi\u00f3n de Derechos Humanos del Estado de M\u00e9xico (Codhem) instalaron caseta de video comunicaci\u00f3n \u201cLlama y protege tus derechos\u201d.<\/p>\n<p>Ubicada en la entrada del Palacio Municipal, la caseta \u2013 tecnolog\u00eda de informaci\u00f3n amable, sencilla y cercana a todos los grupos vulnerables de la sociedad-, es evidencia de los avances en materia de promoci\u00f3n y respeto a los derechos humanos en el municipio.<\/p>\n<p>Funciona las 24 horas del d\u00eda de los 365 d\u00edas del a\u00f1o y establece l\u00ednea directa con asesores especializados de la Codhem, sum\u00e1ndose a las 33 que existen en la entidad.<\/p>\n<p>Al momento de descolgar la bocina, autom\u00e1ticamente un asesor atiende la videollamada, la cual por seguridad queda grabada. No obstante, en todo momento se protegen datos personales de los ciudadanos.<\/p>\n<p>Durante la inauguraci\u00f3n, Armando Mart\u00ednez, Defensor Municipal de Derechos Humanos, se\u00f1al\u00f3 que de esta manera se inicia una nueva etapa con el uso de tecnolog\u00edas innovadoras para proteger los derechos humanos y atender las presuntas violaciones de \u00e9stos. Asimismo, agradeci\u00f3 el respeto que el gobierno municipal encabezado por la alcaldesa Ruth Olvera Nieto ha mantenido a la autonom\u00eda de la Defensor\u00eda.<\/p>\n<p>Por su parte, el Secretario del Ayuntamiento, Francisco Espinosa de los Monteros consider\u00f3 que la corrupci\u00f3n es otra modalidad de violaci\u00f3n a los derechos humanos, \u201cel da\u00f1o que se provoca destruye el tejido social.<\/p>\n<p>\u201cLa corrupci\u00f3n ayuda a la derrota moral de la sociedad y eso en Atizap\u00e1n de Zaragoza no lo vamos a permitir\u201d.<\/p>\n<p>Tras asegurar que el gobierno local procura en todo momento la equidad y justicia, Espinosa de los Monteros destac\u00f3 que el convenio firmado con la Codhem brinda una nueva herramienta a los atizapenses para recibir orientaci\u00f3n o asesor\u00eda jur\u00eddica y, en su caso, para iniciar quejas por la mala actuaci\u00f3n de un servidor p\u00fablico, por lo que hizo un llamado a los habitantes a que denuncien.<\/p>\n<p>\u201cCon esta medida se empodera a los ciudadanos, se ejerce transparencia y se eval\u00faa el desempe\u00f1o de la administraci\u00f3n municipal\u201d.<\/p>\n<p>Durante su intervenci\u00f3n, Jorge Olvera, presidente de la Comisi\u00f3n Estatal de Derechos Humanos, destac\u00f3 el inter\u00e9s del gobierno municipal para establecer lazos de colaboraci\u00f3n en la promoci\u00f3n de los derechos humanos y la cultura participativa.<\/p>\n","protected":false},"excerpt":{"rendered":"<p>En un ejercicio de rendici\u00f3n de cuentas, transparencia y acercamiento al pueblo, el Ayuntamiento de Atizap\u00e1n de Zaragoza y la Comisi\u00f3n de Derechos Humanos del Estado de M\u00e9xico (Codhem) instalaron caseta de video comunicaci\u00f3n \u201cLlama y protege tus derechos\u201d.<\/p>\n","protected":false},"author":3,"featured_media":447883,"comment_status":"open","ping_status":"open","sticky":false,"template":"","format":"standard","meta":{"_monsterinsights_skip_tracking":false,"_monsterinsights_sitenote_active":false,"_monsterinsights_sitenote_note":"","_monsterinsights_sitenote_category":0,"footnotes":""},"categories":[5],"tags":[969,88371,43675,22495],"class_list":["post-447799","post","type-post","status-publish","format-standard","has-post-thumbnail","hentry","category-estado-de-mexico","tag-atizapan","tag-dh","tag-estado-de-mexico","tag-proteccion"],"_links":{"self":[{"href":"https:\/\/www.diarioimagen.net\/index.php?rest_route=\/wp\/v2\/posts\/447799","targetHints":{"allow":["GET"]}}],"collection":[{"href":"https:\/\/www.diarioimagen.net\/index.php?rest_route=\/wp\/v2\/posts"}],"about":[{"href":"https:\/\/www.diarioimagen.net\/index.php?rest_route=\/wp\/v2\/types\/post"}],"author":[{"embeddable":true,"href":"https:\/\/www.diarioimagen.net\/index.php?rest_route=\/wp\/v2\/users\/3"}],"replies":[{"embeddable":true,"href":"https:\/\/www.diarioimagen.net\/index.php?rest_route=%2Fwp%2Fv2%2Fcomments&post=447799"}],"version-history":[{"count":0,"href":"https:\/\/www.diarioimagen.net\/index.php?rest_route=\/wp\/v2\/posts\/447799\/revisions"}],"wp:featuredmedia":[{"embeddable":true,"href":"https:\/\/www.diarioimagen.net\/index.php?rest_route=\/wp\/v2\/media\/447883"}],"wp:attachment":[{"href":"https:\/\/www.diarioimagen.net\/index.php?rest_route=%2Fwp%2Fv2%2Fmedia&parent=447799"}],"wp:term":[{"taxonomy":"category","embeddable":true,"href":"https:\/\/www.diarioimagen.net\/index.php?rest_route=%2Fwp%2Fv2%2Fcategories&post=447799"},{"taxonomy":"post_tag","embeddable":true,"href":"https:\/\/www.diarioimagen.net\/index.php?rest_route=%2Fwp%2Fv2%2Ftags&post=447799"}],"curies":[{"name":"wp","href":"https:\/\/api.w.org\/{rel}","templated":true}]}}