{"id":447801,"date":"2019-10-25T00:03:21","date_gmt":"2019-10-25T05:03:21","guid":{"rendered":"https:\/\/www.diarioimagen.net\/?p=447801"},"modified":"2019-10-25T04:55:43","modified_gmt":"2019-10-25T09:55:43","slug":"arranca-el-festival-calaveras-y-muertitos-en-tultepec-dura-hasta-el-3-de-noviembre","status":"publish","type":"post","link":"https:\/\/www.diarioimagen.net\/?p=447801","title":{"rendered":"Arranca el Festival Calaveras y Muertitos en Tultepec; dura hasta el 3 de noviembre"},"content":{"rendered":"<ul>\n<li><strong><em>Preparan\u00a0<\/em>La Fiesta de Todos<\/strong><\/li>\n<\/ul>\n<p>&nbsp;<\/p>\n<div id=\"attachment_447887\" style=\"width: 470px\" class=\"wp-caption aligncenter\"><a href=\"https:\/\/www.diarioimagen.net\/?attachment_id=447887\" rel=\"attachment wp-att-447887\"><img loading=\"lazy\" decoding=\"async\" aria-describedby=\"caption-attachment-447887\" class=\"size-large wp-image-447887\" src=\"https:\/\/www.diarioimagen.net\/wp-content\/uploads\/2019\/10\/Tultepec-460x259.jpg\" alt=\"\" width=\"460\" height=\"259\" srcset=\"https:\/\/www.diarioimagen.net\/wp-content\/uploads\/2019\/10\/Tultepec-460x259.jpg 460w, https:\/\/www.diarioimagen.net\/wp-content\/uploads\/2019\/10\/Tultepec-240x135.jpg 240w, https:\/\/www.diarioimagen.net\/wp-content\/uploads\/2019\/10\/Tultepec-235x132.jpg 235w, https:\/\/www.diarioimagen.net\/wp-content\/uploads\/2019\/10\/Tultepec-202x114.jpg 202w, https:\/\/www.diarioimagen.net\/wp-content\/uploads\/2019\/10\/Tultepec-350x196.jpg 350w, https:\/\/www.diarioimagen.net\/wp-content\/uploads\/2019\/10\/Tultepec-220x123.jpg 220w, https:\/\/www.diarioimagen.net\/wp-content\/uploads\/2019\/10\/Tultepec-237x132.jpg 237w, https:\/\/www.diarioimagen.net\/wp-content\/uploads\/2019\/10\/Tultepec.jpg 480w\" sizes=\"auto, (max-width: 460px) 100vw, 460px\" \/><\/a><p id=\"caption-attachment-447887\" class=\"wp-caption-text\">La Fiesta de Todos,\u00a0a trav\u00e9s del\u00a0X Festival Calaveras y Muertitos se realizar\u00e1 del 26 de octubre al 3 de noviembre.<\/p><\/div>\n<p>&nbsp;<\/p>\n<p><strong>Tultepec, Estado de M\u00e9xico<\/strong>.- Como ya es una tradici\u00f3n desde hace 10 a\u00f1os en el marco del D\u00eda de Muertos, Tultepec prepara La Fiesta de Todos, a trav\u00e9s del X Festival Calaveras y Muertitos, que se realizar\u00e1 del 26 de octubre al 3 de noviembre, con el objetivo de rescatar y fomentar las tradiciones mexicanas y m\u00e1s a\u00fan las originarias de este municipio.<\/p>\n<p>Con la participaci\u00f3n de varias dependencias de la administraci\u00f3n 2019-2021, la celebraci\u00f3n inicia este s\u00e1bado 26 de octubre en punto de las 15:00 horas con el tradicional concurso de catrinas de tama\u00f1o natural en el patio de la presidencia municipal.<\/p>\n<p>Este mismo d\u00eda a las 18:00 horas se realizar\u00e1 un colorido desfile de calaveras y piezas monumentales de cartoner\u00eda alusivos al D\u00eda de Muertos y personas caracterizadas de catrinas y al t\u00e9rmino del desfile la\u00a0Tuna Virreynal de Cuautitl\u00e1n\u00a0cantar\u00e1 en el kiosco haciendo gala de su tradici\u00f3n musical.<\/p>\n<p>Mientras que en punto de las 20:00 horas se realizar\u00e1 el encendido de iluminaci\u00f3n de una catrina monumental frente al kiosco y a las 20:10 horas, la m\u00fasica tambi\u00e9n se har\u00e1 presente en la Concha Ac\u00fastica donde se realizar\u00e1 un baile con la reconocida Danzonera de Felipe Urb\u00e1n.<\/p>\n<p>Para difundir y preservar las tradiciones netamente mexicanas del D\u00eda de Muertos, el domingo 27 de octubre ser\u00e1 de mucha actividad, ya que a partir de las 10:00 horas se desarrollar\u00e1 un taller de calaveritas de cer\u00e1mica dirigido a los ni\u00f1os, pero es una actividad que bien puede llevarse a cabo en familia.<\/p>\n<p>&nbsp;<\/p>\n<p>El mismo domingo a las 17:00 horas se realizar\u00e1 un paseo ciclista de Calaveritas Rodantes que partir\u00e1 de la explanada principal. A las 17:30 horas en la Concha Ac\u00fastica se presenta la obra teatral\u00a0La Casa Embrujada\u00a0por el grupo\u00a0Arlequines. A las 19:00 horas se presenta la Banda Sinf\u00f3nica de la Casa de Cultura y a las 21:00 horas la m\u00fasica se hace presente con\u00a0Calacas Jazz Band.<\/p>\n<p>El lunes 28 de octubre en el\u00a0Festival Calaveras y Muertitos\u00a0que\u00a0naci\u00f3 hace 10 a\u00f1os precisamente para difundir la cultura, se exhibir\u00e1n tres pel\u00edculas de terror a las 18:00, 20:00 y 22:00 horas en el Pante\u00f3n Municipal de San Mart\u00edn, \u00e9stas son:\u00a0Monster House, La Noche del Demonio e IT Eso cap\u00edtulo I,\u00a0respectivamente.<\/p>\n<p>Y como ya tambi\u00e9n es una tradici\u00f3n, para quienes disfrutan del terror, el martes 29 y mi\u00e9rcoles 30 de octubre a las 22:00 horas en el Pante\u00f3n Municipal de San Mart\u00edn, se presenta\u00a0Leyendo Leyendas y Cuentos\u00a0sobre la muerte. Por primera vez se leer\u00e1n los cuentos finalistas del concurso.<\/p>\n<p>El jueves 31 de octubre a las 17:00 horas se realizar\u00e1 el concurso de ofrendas frente al Palacio Municipal. Y como estas tradiciones tambi\u00e9n se pueden degustar, a las 17:30 horas ser\u00e1 inaugurada la Feria del Pan, el Atole y Dulces T\u00edpicos de D\u00eda de Muertos frente a la explanada de la Escuela de Bellas Artes.<\/p>\n","protected":false},"excerpt":{"rendered":"<p>Como ya es una tradici\u00f3n desde hace 10 a\u00f1os en el marco del D\u00eda de Muertos, Tultepec prepara La Fiesta de Todos, a trav\u00e9s del X Festival Calaveras y Mu ertitos, que se realizar\u00e1 del 26 de octubre al 3 de noviembre, con el objetivo de rescatar y fomentar las tradiciones mexicanas y m\u00e1s a\u00fan las originarias de este municipio.<\/p>\n","protected":false},"author":3,"featured_media":447887,"comment_status":"open","ping_status":"open","sticky":false,"template":"","format":"standard","meta":{"_monsterinsights_skip_tracking":false,"_monsterinsights_sitenote_active":false,"_monsterinsights_sitenote_note":"","_monsterinsights_sitenote_category":0,"footnotes":""},"categories":[5],"tags":[12303,43675,3802],"class_list":["post-447801","post","type-post","status-publish","format-standard","has-post-thumbnail","hentry","category-estado-de-mexico","tag-dia-de-muertos","tag-estado-de-mexico","tag-tultepec"],"_links":{"self":[{"href":"https:\/\/www.diarioimagen.net\/index.php?rest_route=\/wp\/v2\/posts\/447801","targetHints":{"allow":["GET"]}}],"collection":[{"href":"https:\/\/www.diarioimagen.net\/index.php?rest_route=\/wp\/v2\/posts"}],"about":[{"href":"https:\/\/www.diarioimagen.net\/index.php?rest_route=\/wp\/v2\/types\/post"}],"author":[{"embeddable":true,"href":"https:\/\/www.diarioimagen.net\/index.php?rest_route=\/wp\/v2\/users\/3"}],"replies":[{"embeddable":true,"href":"https:\/\/www.diarioimagen.net\/index.php?rest_route=%2Fwp%2Fv2%2Fcomments&post=447801"}],"version-history":[{"count":0,"href":"https:\/\/www.diarioimagen.net\/index.php?rest_route=\/wp\/v2\/posts\/447801\/revisions"}],"wp:featuredmedia":[{"embeddable":true,"href":"https:\/\/www.diarioimagen.net\/index.php?rest_route=\/wp\/v2\/media\/447887"}],"wp:attachment":[{"href":"https:\/\/www.diarioimagen.net\/index.php?rest_route=%2Fwp%2Fv2%2Fmedia&parent=447801"}],"wp:term":[{"taxonomy":"category","embeddable":true,"href":"https:\/\/www.diarioimagen.net\/index.php?rest_route=%2Fwp%2Fv2%2Fcategories&post=447801"},{"taxonomy":"post_tag","embeddable":true,"href":"https:\/\/www.diarioimagen.net\/index.php?rest_route=%2Fwp%2Fv2%2Ftags&post=447801"}],"curies":[{"name":"wp","href":"https:\/\/api.w.org\/{rel}","templated":true}]}}