{"id":447803,"date":"2019-10-25T00:02:37","date_gmt":"2019-10-25T05:02:37","guid":{"rendered":"https:\/\/www.diarioimagen.net\/?p=447803"},"modified":"2019-10-25T04:58:03","modified_gmt":"2019-10-25T09:58:03","slug":"alcalde-llama-a-los-empresarios-del-edomex-a-seguir-invirtiendo","status":"publish","type":"post","link":"https:\/\/www.diarioimagen.net\/?p=447803","title":{"rendered":"Alcalde llama a los empresarios del Edomex a seguir invirtiendo"},"content":{"rendered":"<ul>\n<li><strong><em>Huixquilucan tiene las puertas abiertas<\/em><\/strong><\/li>\n<\/ul>\n<p>&nbsp;<\/p>\n<div id=\"attachment_447890\" style=\"width: 470px\" class=\"wp-caption aligncenter\"><a href=\"https:\/\/www.diarioimagen.net\/?attachment_id=447890\" rel=\"attachment wp-att-447890\"><img loading=\"lazy\" decoding=\"async\" aria-describedby=\"caption-attachment-447890\" class=\"size-large wp-image-447890\" src=\"https:\/\/www.diarioimagen.net\/wp-content\/uploads\/2019\/10\/huix-460x259.jpg\" alt=\"\" width=\"460\" height=\"259\" srcset=\"https:\/\/www.diarioimagen.net\/wp-content\/uploads\/2019\/10\/huix-460x259.jpg 460w, https:\/\/www.diarioimagen.net\/wp-content\/uploads\/2019\/10\/huix-240x135.jpg 240w, https:\/\/www.diarioimagen.net\/wp-content\/uploads\/2019\/10\/huix-235x132.jpg 235w, https:\/\/www.diarioimagen.net\/wp-content\/uploads\/2019\/10\/huix-202x114.jpg 202w, https:\/\/www.diarioimagen.net\/wp-content\/uploads\/2019\/10\/huix-350x196.jpg 350w, https:\/\/www.diarioimagen.net\/wp-content\/uploads\/2019\/10\/huix-220x123.jpg 220w, https:\/\/www.diarioimagen.net\/wp-content\/uploads\/2019\/10\/huix-237x132.jpg 237w, https:\/\/www.diarioimagen.net\/wp-content\/uploads\/2019\/10\/huix.jpg 480w\" sizes=\"auto, (max-width: 460px) 100vw, 460px\" \/><\/a><p id=\"caption-attachment-447890\" class=\"wp-caption-text\">Enrique Vargas del Villar, llam\u00f3 a los empresarios del Estado de M\u00e9xico a seguir invirtiendo, a creer en el pa\u00eds que en estos momentos necesita de todos.<\/p><\/div>\n<p>&nbsp;<\/p>\n<p><strong>Huixquilucan, Estado de M\u00e9xico<\/strong>.- El presidente municipal de Huixquilucan Enrique Vargas del Villar, llam\u00f3 a los empresarios del Estado de M\u00e9xico a seguir invirtiendo, a creer en el pa\u00eds que en estos momentos necesita de todos.<\/p>\n<p>\u201cCiudadanos, empresarios y Alcaldes, todos, debemos cerrar filas con el gobernador Alfredo del Mazo, e impulsar el desarrollo de la entidad y a todos nos vaya bien\u201d. \u00a0Durante una reuni\u00f3n que sostuvo con la Asociaci\u00f3n de Empresarios y Ciudadanos del Estado de M\u00e9xico, el Edil mencion\u00f3 que el apoyo tambi\u00e9n de los Alcaldes de Acci\u00f3n Nacional es para el Presidente de M\u00e9xico para trabajar en conjunto. \u201cSomos institucionales, si le va bien al Presidente de la Rep\u00fablica nos va bien a todos los mexicanos, aunque no estemos de acuerdo en la manera en c\u00f3mo est\u00e1 conduciendo la pol\u00edtica en el pa\u00eds. Es muy grave lo que pas\u00f3 en Palacio Nacional donde fuimos a buscar audiencia y recibidos con gas lacrim\u00f3geno\u201d. \u00a0Vargas del Villar, record\u00f3, que Huixquilucan se ha destacado por su buen manejo en las finanzas p\u00fablicas, ahorro y cero endeudamiento, reconocido por calificadoras internacionales que han permitido que el municipio sea un atractivo polo de desarrollo; es por ello reiter\u00f3, que es momento de di\u00e1logo y cerrar filas por el bien del pa\u00eds.<\/p>\n<p>El presidente municipal, refiri\u00f3 que hoy Huixquilucan tiene m\u00e1s de mil 200 millones de d\u00f3lares en inversi\u00f3n privada, que se dice f\u00e1cil, pero para que los empresarios inviertan, necesitan que los gobiernos les generen las condiciones. \u201cEn Huixquilucan est\u00e1n abiertas las puertas para la inversi\u00f3n, son bienvenidos todos los empresarios\u201d.<\/p>\n","protected":false},"excerpt":{"rendered":"<p>El presidente municipal de Huixquilucan Enrique Vargas del Villar, llam\u00f3 a los empresarios del Estado de M\u00e9xico a seguir invirtiendo, a creer en el pa\u00eds que en estos momentos necesita de todos.<\/p>\n","protected":false},"author":3,"featured_media":447890,"comment_status":"open","ping_status":"open","sticky":false,"template":"","format":"standard","meta":{"_monsterinsights_skip_tracking":false,"_monsterinsights_sitenote_active":false,"_monsterinsights_sitenote_note":"","_monsterinsights_sitenote_category":0,"footnotes":""},"categories":[5],"tags":[10071,43675,1097,88372],"class_list":["post-447803","post","type-post","status-publish","format-standard","has-post-thumbnail","hentry","category-estado-de-mexico","tag-empresarios","tag-estado-de-mexico","tag-huixquilucan","tag-invirtiendo"],"_links":{"self":[{"href":"https:\/\/www.diarioimagen.net\/index.php?rest_route=\/wp\/v2\/posts\/447803","targetHints":{"allow":["GET"]}}],"collection":[{"href":"https:\/\/www.diarioimagen.net\/index.php?rest_route=\/wp\/v2\/posts"}],"about":[{"href":"https:\/\/www.diarioimagen.net\/index.php?rest_route=\/wp\/v2\/types\/post"}],"author":[{"embeddable":true,"href":"https:\/\/www.diarioimagen.net\/index.php?rest_route=\/wp\/v2\/users\/3"}],"replies":[{"embeddable":true,"href":"https:\/\/www.diarioimagen.net\/index.php?rest_route=%2Fwp%2Fv2%2Fcomments&post=447803"}],"version-history":[{"count":0,"href":"https:\/\/www.diarioimagen.net\/index.php?rest_route=\/wp\/v2\/posts\/447803\/revisions"}],"wp:featuredmedia":[{"embeddable":true,"href":"https:\/\/www.diarioimagen.net\/index.php?rest_route=\/wp\/v2\/media\/447890"}],"wp:attachment":[{"href":"https:\/\/www.diarioimagen.net\/index.php?rest_route=%2Fwp%2Fv2%2Fmedia&parent=447803"}],"wp:term":[{"taxonomy":"category","embeddable":true,"href":"https:\/\/www.diarioimagen.net\/index.php?rest_route=%2Fwp%2Fv2%2Fcategories&post=447803"},{"taxonomy":"post_tag","embeddable":true,"href":"https:\/\/www.diarioimagen.net\/index.php?rest_route=%2Fwp%2Fv2%2Ftags&post=447803"}],"curies":[{"name":"wp","href":"https:\/\/api.w.org\/{rel}","templated":true}]}}