{"id":447805,"date":"2019-10-25T00:01:51","date_gmt":"2019-10-25T05:01:51","guid":{"rendered":"https:\/\/www.diarioimagen.net\/?p=447805"},"modified":"2019-10-25T04:58:48","modified_gmt":"2019-10-25T09:58:48","slug":"jornada-intensiva-de-esterilizacion-para-mascotas-en-tlalnepantla","status":"publish","type":"post","link":"https:\/\/www.diarioimagen.net\/?p=447805","title":{"rendered":"Jornada intensiva de esterilizaci\u00f3n para mascotas en Tlalnepantla"},"content":{"rendered":"<p><a href=\"https:\/\/www.diarioimagen.net\/?attachment_id=447893\" rel=\"attachment wp-att-447893\"><img loading=\"lazy\" decoding=\"async\" class=\"aligncenter size-large wp-image-447893\" src=\"https:\/\/www.diarioimagen.net\/wp-content\/uploads\/2019\/10\/TLALNEPANTLA-5-460x259.jpg\" alt=\"\" width=\"460\" height=\"259\" srcset=\"https:\/\/www.diarioimagen.net\/wp-content\/uploads\/2019\/10\/TLALNEPANTLA-5-460x259.jpg 460w, https:\/\/www.diarioimagen.net\/wp-content\/uploads\/2019\/10\/TLALNEPANTLA-5-240x135.jpg 240w, https:\/\/www.diarioimagen.net\/wp-content\/uploads\/2019\/10\/TLALNEPANTLA-5-235x132.jpg 235w, https:\/\/www.diarioimagen.net\/wp-content\/uploads\/2019\/10\/TLALNEPANTLA-5-202x114.jpg 202w, https:\/\/www.diarioimagen.net\/wp-content\/uploads\/2019\/10\/TLALNEPANTLA-5-350x196.jpg 350w, https:\/\/www.diarioimagen.net\/wp-content\/uploads\/2019\/10\/TLALNEPANTLA-5-220x123.jpg 220w, https:\/\/www.diarioimagen.net\/wp-content\/uploads\/2019\/10\/TLALNEPANTLA-5-237x132.jpg 237w, https:\/\/www.diarioimagen.net\/wp-content\/uploads\/2019\/10\/TLALNEPANTLA-5.jpg 480w\" sizes=\"auto, (max-width: 460px) 100vw, 460px\" \/><\/a><\/p>\n<p>&nbsp;<\/p>\n<p><strong>Tlalnepantla, Estado de M\u00e9xico.- <\/strong>El gobierno de Tlalnepantla, a trav\u00e9s del Instituto Municipal de Salud (IMS), llev\u00f3 a cabo la \u2018Tercera jornada intensiva de esterilizaci\u00f3n para perros y gatos\u2019, en la que se aplic\u00f3 este procedimiento en 300 mascotas, con lo que suman m\u00e1s de 5 mil realizados durante el a\u00f1o.<\/p>\n<p>El alcalde Raciel P\u00e9rez Cruz, recorri\u00f3 los quir\u00f3fanos ambulantes que se instalaron en la colonia Dr. Jorge Jim\u00e9nez Cant\u00fa.<\/p>\n","protected":false},"excerpt":{"rendered":"<p>El gobierno de Tlalnepantla, a trav\u00e9s del Instituto Municipal de Salud (IMS), llev\u00f3 a cabo la \u2018Tercera jornada intensiva de esterilizaci\u00f3n para perros y gatos\u2019, en la que se aplic\u00f3 este procedimiento en 300 mascotas, con lo que suman m\u00e1s de 5 mil realizados durante el a\u00f1o.<\/p>\n","protected":false},"author":3,"featured_media":447893,"comment_status":"open","ping_status":"open","sticky":false,"template":"","format":"standard","meta":{"_monsterinsights_skip_tracking":false,"_monsterinsights_sitenote_active":false,"_monsterinsights_sitenote_note":"","_monsterinsights_sitenote_category":0,"footnotes":""},"categories":[5],"tags":[43675,81961,169],"class_list":["post-447805","post","type-post","status-publish","format-standard","has-post-thumbnail","hentry","category-estado-de-mexico","tag-estado-de-mexico","tag-esterilizacion","tag-tlalnepantla"],"_links":{"self":[{"href":"https:\/\/www.diarioimagen.net\/index.php?rest_route=\/wp\/v2\/posts\/447805","targetHints":{"allow":["GET"]}}],"collection":[{"href":"https:\/\/www.diarioimagen.net\/index.php?rest_route=\/wp\/v2\/posts"}],"about":[{"href":"https:\/\/www.diarioimagen.net\/index.php?rest_route=\/wp\/v2\/types\/post"}],"author":[{"embeddable":true,"href":"https:\/\/www.diarioimagen.net\/index.php?rest_route=\/wp\/v2\/users\/3"}],"replies":[{"embeddable":true,"href":"https:\/\/www.diarioimagen.net\/index.php?rest_route=%2Fwp%2Fv2%2Fcomments&post=447805"}],"version-history":[{"count":0,"href":"https:\/\/www.diarioimagen.net\/index.php?rest_route=\/wp\/v2\/posts\/447805\/revisions"}],"wp:featuredmedia":[{"embeddable":true,"href":"https:\/\/www.diarioimagen.net\/index.php?rest_route=\/wp\/v2\/media\/447893"}],"wp:attachment":[{"href":"https:\/\/www.diarioimagen.net\/index.php?rest_route=%2Fwp%2Fv2%2Fmedia&parent=447805"}],"wp:term":[{"taxonomy":"category","embeddable":true,"href":"https:\/\/www.diarioimagen.net\/index.php?rest_route=%2Fwp%2Fv2%2Fcategories&post=447805"},{"taxonomy":"post_tag","embeddable":true,"href":"https:\/\/www.diarioimagen.net\/index.php?rest_route=%2Fwp%2Fv2%2Ftags&post=447805"}],"curies":[{"name":"wp","href":"https:\/\/api.w.org\/{rel}","templated":true}]}}