{"id":447829,"date":"2019-10-25T00:05:29","date_gmt":"2019-10-25T05:05:29","guid":{"rendered":"https:\/\/www.diarioimagen.net\/?p=447829"},"modified":"2019-10-25T02:30:50","modified_gmt":"2019-10-25T07:30:50","slug":"no-somos-colonia-lopez-obrador","status":"publish","type":"post","link":"https:\/\/www.diarioimagen.net\/?p=447829","title":{"rendered":"No somos colonia: L\u00f3pez Obrador"},"content":{"rendered":"<h2>Desde el portal<\/h2>\n<h5>\u00c1ngel Soriano<\/h5>\n<p>&nbsp;<\/p>\n<p>Respecto a que si hay m\u00e1s solicitudes de aprehensi\u00f3n y extradici\u00f3n de delincuentes por parte de EU, el presidente Andr\u00e9s Manuel L\u00f3pez Obrador, en su conferencia ma\u00f1anera del mi\u00e9rcoles 23, dijo: S\u00ed hay siempre solicitudes de extradici\u00f3n y hay, creo, varios presuntos delincuentes que tienen \u00f3rdenes o Estados Unidos est\u00e1 solicitando que se les extradite. S\u00ed existen.<\/p>\n<p>Pero s\u00ed les aclaro tambi\u00e9n una cosa: nosotros somos un gobierno soberano, no nos guiamos por las pol\u00edticas que nos imponen otros gobiernos, nosotros actuamos con libertad;\u00a0 existe cooperaci\u00f3n, en este tema, como en otros, migraci\u00f3n, contrabando, narcotr\u00e1fico, pero no somos colonia de ning\u00fan gobierno extranjero, actuamos con independencia, con libertad.<\/p>\n<p>Se tiene que cumplir con la ley en todos los casos, ser respetuosos de los procedimientos legales, esto yo creo que se entiende bien, no nos han hecho ninguna propuesta en ese sentido para que quede claro. Ha habido de parte del gobierno de Estados Unidos mucho respeto a nuestra soberan\u00eda, en estos casos y en otros. Por ejemplo, cuando tomamos decisiones de no intervenir en asuntos de otros pa\u00edses, aunque ellos tengan una pol\u00edtica distinta, respetan lo que nosotros decidimos de manera independiente.<\/p>\n<p>Y nosotros tambi\u00e9n tenemos que ser respetuosos de la soberan\u00eda de Estados Unidos y la soberan\u00eda de otras naciones y de otros gobiernos. Esa es la pol\u00edtica que llevamos a cabo de responsabilidad y de respeto mutuo.<\/p>\n<p style=\"text-align: center;\"><strong>Turbulencias<br \/>\nPobreza, lacerante realidad: Grau<\/strong><\/p>\n<p>\u00a0La titular de la Secretar\u00eda de Bienestar, Mar\u00eda Luisa Albores Gonz\u00e1lez y rector de la UNAM,\u00a0 Enrique Graue Wiechers,\u00a0 en la Torre de la Rector\u00eda de CU firmaron un Convenio General de Colaboraci\u00f3n en el que se comprometen a unir saberes y trabajo para impulsar una mejora continua de la pol\u00edtica social. Albores Gonz\u00e1lez dijo que el bienestar de las mexicanas y mexicanos es un objetivo com\u00fan de ambas instituciones. Albores Gonz\u00e1lez dijo que \u201cQueremos cambiar radicalmente la pol\u00edtica social y vincular el nuevo enfoque de bienestar con el conocimiento, con las ciencias sociales y naturales, con los institutos de investigaci\u00f3n, la academia y las y los estudiantes para asegurar el cumplimiento de los derechos sociales de toda la poblaci\u00f3n\u201d. El rector de la UNAM dijo: \u201cEn M\u00e9xico, un gran porcentaje de la poblaci\u00f3n vive en extrema pobreza, pobreza o con una gran fragilidad econ\u00f3mica. Esto no puede seguir as\u00ed\u201d. De ah\u00ed, dijo, \u201ccelebramos que la pol\u00edtica social que ha implementado el gobierno est\u00e9 llegando particularmente a quienes m\u00e1s lo necesitan, y para nosotros es un gusto poder participar, en colaboraci\u00f3n con la Secretar\u00eda, en la preparaci\u00f3n de personal, evaluaci\u00f3n de los programas y todo aquello en donde podamos contribuir para abatir esa lacerante realidad\u201d\u2026 Experiencias de Barrio es el programa que puso en marcha hace unos d\u00edas el Secretario de Turismo del Gobierno de la CDMX, Carlos Mackinlay, ambicioso plan de trabajo que busca incrementar la afluencia de visitantes a los barrios m\u00e1s tradicionales de la capital del pa\u00eds y su primer recorrido fue por Xochimilco, en donde junto con el alcalde Jos\u00e9 Carlos Acosta y turoperadores e invitados especiales hicieron el tradicional paseo en trajinera por las chinampas, para conocer la rica historia del lugar, sus tradiciones y, desde luego deleitarse con su gastronom\u00eda y bebidas t\u00edpicas, como el pulque. ..El Ayuntamiento de Oaxaca de Ju\u00e1rez conden\u00f3 en\u00e9rgicamente los cuantiosos da\u00f1os provocados por militantes de una organizaci\u00f3n social a 48,000 plantas reci\u00e9n sembradas en las 19 jardineras del z\u00f3calo de la ciudad en un esfuerzo del Gobierno Municipal y sociedad civil\u2026<\/p>\n<p><a href=\"mailto:asorianocarrasco@yahoo.com\" target=\"_blank\" rel=\"noopener noreferrer\"><em>asorianocarrasco@yahoo.com<\/em><\/a><br \/>\n<em><a href=\"https:\/\/twitter.com\/brecharevista\" target=\"_blank\" rel=\"noopener noreferrer\">@BrechaRevista<\/a><a href=\"mailto:asorianocarrasco@yahoo.com\" target=\"_blank\" rel=\"noopener noreferrer\"><br \/>\n<\/a><a href=\"https:\/\/revistabrecha.com\" target=\"_blank\" rel=\"noopener noreferrer\">www.revistabrecha.com<\/a><\/em><\/p>\n","protected":false},"excerpt":{"rendered":"<p><span style=\"color: #005497;\"><strong>\u00c1ngel Soriano<\/strong><\/span><\/p>\n","protected":false},"author":3,"featured_media":0,"comment_status":"open","ping_status":"open","sticky":false,"template":"","format":"standard","meta":{"_monsterinsights_skip_tracking":false,"_monsterinsights_sitenote_active":false,"_monsterinsights_sitenote_note":"","_monsterinsights_sitenote_category":0,"footnotes":""},"categories":[135],"tags":[85,86,43674],"class_list":["post-447829","post","type-post","status-publish","format-standard","hentry","category-angel-soriano-opinion","tag-angel-soriano","tag-desde-el-portal","tag-opinion"],"_links":{"self":[{"href":"https:\/\/www.diarioimagen.net\/index.php?rest_route=\/wp\/v2\/posts\/447829","targetHints":{"allow":["GET"]}}],"collection":[{"href":"https:\/\/www.diarioimagen.net\/index.php?rest_route=\/wp\/v2\/posts"}],"about":[{"href":"https:\/\/www.diarioimagen.net\/index.php?rest_route=\/wp\/v2\/types\/post"}],"author":[{"embeddable":true,"href":"https:\/\/www.diarioimagen.net\/index.php?rest_route=\/wp\/v2\/users\/3"}],"replies":[{"embeddable":true,"href":"https:\/\/www.diarioimagen.net\/index.php?rest_route=%2Fwp%2Fv2%2Fcomments&post=447829"}],"version-history":[{"count":0,"href":"https:\/\/www.diarioimagen.net\/index.php?rest_route=\/wp\/v2\/posts\/447829\/revisions"}],"wp:attachment":[{"href":"https:\/\/www.diarioimagen.net\/index.php?rest_route=%2Fwp%2Fv2%2Fmedia&parent=447829"}],"wp:term":[{"taxonomy":"category","embeddable":true,"href":"https:\/\/www.diarioimagen.net\/index.php?rest_route=%2Fwp%2Fv2%2Fcategories&post=447829"},{"taxonomy":"post_tag","embeddable":true,"href":"https:\/\/www.diarioimagen.net\/index.php?rest_route=%2Fwp%2Fv2%2Ftags&post=447829"}],"curies":[{"name":"wp","href":"https:\/\/api.w.org\/{rel}","templated":true}]}}