{"id":447838,"date":"2019-10-25T00:03:58","date_gmt":"2019-10-25T05:03:58","guid":{"rendered":"https:\/\/www.diarioimagen.net\/?p=447838"},"modified":"2019-10-25T02:39:59","modified_gmt":"2019-10-25T07:39:59","slug":"sudamerica-morena","status":"publish","type":"post","link":"https:\/\/www.diarioimagen.net\/?p=447838","title":{"rendered":"Sudam\u00e9rica-Morena"},"content":{"rendered":"<h2>Espacio Electoral<\/h2>\n<h5>Eleazar Flores<\/h5>\n<p>&nbsp;<\/p>\n<p><strong>VIRAJE<\/strong>-. Este domingo habr\u00e1 elecciones presidenciales en dos pa\u00edses de peso econ\u00f3mico y pol\u00edtico, se trata de Argentina y Uruguay, cuya importancia pol\u00edtica de los resultados definir\u00e1 si los futuros gobiernos se alinear\u00e1n a la Uni\u00f3n Americana como est\u00e1n ahora o cambian de direcci\u00f3n.<\/p>\n<p>Sin menospreciar los sucesos de Uruguay, donde los charr\u00faas extra\u00f1an al ex presidente Jos\u00e9 Mujica, -de gran prestigio moral que es muy dif\u00edcil obtenerlo-, los mayores reflectores se centran en Argentina no tanto por la casi seguro derrota del a\u00fan presidente Mauricio Macri, sino del retorno del peronismo con Alberto Fern\u00e1ndez y de la se\u00f1ora Cristina Fern\u00e1ndez de Kirchner.<\/p>\n<p>PRIMARIAS-. En las elecciones primarias del once de agosto pasado participaron casi una decena de aspirantes pero como se esperaba, solamente pasaron la prueba dos de ellos, el actual presidente Mauricio Macri y el se\u00f1or Alberto Fern\u00e1ndez, pero cuyo peso lo hace descansar en su compa\u00f1era de f\u00f3rmula que se propone como vicepresidenta, Cristina Fern\u00e1ndez de Kirchner.<\/p>\n<p>En esas elecciones primarias en el pa\u00eds de Messi, Maradona pero tambi\u00e9n del inmortal Jorge Luis Borges para que no se quejen los intelectuales, los argentinos le dieron la espalda a Mauricio Macri cuya esposa le empeor\u00f3 la imagen de despilfarrador. En una visita a la Uni\u00f3n Americana se transmitieron im\u00e1genes donde Macri se pone a las \u00f3rdenes de Trump.<\/p>\n<p>Ahora en la elecci\u00f3n presidencial de este domingo 27 ya solamente participan los dos finalistas, Alberto Fern\u00e1ndez y el actual presidente Macri. Lo peor para el mandatario es que la econom\u00eda argentina registra su peor escenario con una inflaci\u00f3n galopante y una devaluaci\u00f3n nunca antes sufrida, justamente a escasas 48 horas de los comicios.<\/p>\n<p>Salvo algo inesperado la victoria ser\u00eda para los Fern\u00e1ndez, Alberto y Cristina, pero la se\u00f1ora con el peso pol\u00edtico de su difunto esposo Nestor Carlos que gobern\u00f3 su pa\u00eds de 2003 a 2007 y que fue relevado justamente por su esposa, por lo que do\u00f1a Cristina, de ganar, ahora ser\u00e1 vicepresidenta pero con poderes plenos para dirigir a los ch\u00e9s por el camino que quiera.<\/p>\n<p>De entrada la se\u00f1ora Cristina no se doblegar\u00eda ante Trump, cuando menos as\u00ed se esperan los casi 45 millones de habitantes de esta poderosa naci\u00f3n.<\/p>\n<p>URUGUAY-. El pa\u00eds uruguayo tambi\u00e9n acude a las urnas este domingo siendo los principales candidatos Luis Lacalle y Tabar\u00e9 V\u00e1zquez. En los \u00faltimos a\u00f1os este pa\u00eds sudamericano no ha dado mucho de qu\u00e9 hablar, seguramente gracias a la tranquilidad pol\u00edtica que dej\u00f3 el presidente anterior Jos\u00e9 Mujica.<\/p>\n<p>Sin\u00a0 embargo los tiempos cambian y el Partido Colorado, de presencia a\u00f1eja pretende regresar y existe mucha posibilidad de lograrlo, lo que sabremos pronto.<\/p>\n<p><a href=\"mailto:elefa44@gmail.com\" target=\"_blank\" rel=\"noopener noreferrer\"><em>elefa44@gmail.com<\/em><\/a><\/p>\n","protected":false},"excerpt":{"rendered":"<p><span style=\"color: #005497;\"><strong>Eleazar Flores<\/strong><\/span><\/p>\n","protected":false},"author":3,"featured_media":0,"comment_status":"open","ping_status":"open","sticky":false,"template":"","format":"standard","meta":{"_monsterinsights_skip_tracking":false,"_monsterinsights_sitenote_active":false,"_monsterinsights_sitenote_note":"","_monsterinsights_sitenote_category":0,"footnotes":""},"categories":[81743],"tags":[81744,81776,43674],"class_list":["post-447838","post","type-post","status-publish","format-standard","hentry","category-eleazar-flores","tag-eleazar-flores","tag-espacio-electoral","tag-opinion"],"_links":{"self":[{"href":"https:\/\/www.diarioimagen.net\/index.php?rest_route=\/wp\/v2\/posts\/447838","targetHints":{"allow":["GET"]}}],"collection":[{"href":"https:\/\/www.diarioimagen.net\/index.php?rest_route=\/wp\/v2\/posts"}],"about":[{"href":"https:\/\/www.diarioimagen.net\/index.php?rest_route=\/wp\/v2\/types\/post"}],"author":[{"embeddable":true,"href":"https:\/\/www.diarioimagen.net\/index.php?rest_route=\/wp\/v2\/users\/3"}],"replies":[{"embeddable":true,"href":"https:\/\/www.diarioimagen.net\/index.php?rest_route=%2Fwp%2Fv2%2Fcomments&post=447838"}],"version-history":[{"count":0,"href":"https:\/\/www.diarioimagen.net\/index.php?rest_route=\/wp\/v2\/posts\/447838\/revisions"}],"wp:attachment":[{"href":"https:\/\/www.diarioimagen.net\/index.php?rest_route=%2Fwp%2Fv2%2Fmedia&parent=447838"}],"wp:term":[{"taxonomy":"category","embeddable":true,"href":"https:\/\/www.diarioimagen.net\/index.php?rest_route=%2Fwp%2Fv2%2Fcategories&post=447838"},{"taxonomy":"post_tag","embeddable":true,"href":"https:\/\/www.diarioimagen.net\/index.php?rest_route=%2Fwp%2Fv2%2Ftags&post=447838"}],"curies":[{"name":"wp","href":"https:\/\/api.w.org\/{rel}","templated":true}]}}