{"id":447940,"date":"2019-10-27T00:05:36","date_gmt":"2019-10-27T05:05:36","guid":{"rendered":"https:\/\/www.diarioimagen.net\/?p=447940"},"modified":"2019-10-28T07:02:10","modified_gmt":"2019-10-28T13:02:10","slug":"universitarios-de-uaem-tenancingo-expondran-en-toluca-catrinas-elaboradas-con-tecnica-de-carton","status":"publish","type":"post","link":"https:\/\/www.diarioimagen.net\/?p=447940","title":{"rendered":"Universitarios de UAEM-Tenancingo expondr\u00e1n en Toluca \u201ccatrinas\u201d elaboradas con t\u00e9cnica de cart\u00f3n"},"content":{"rendered":"<div id=\"attachment_448042\" style=\"width: 470px\" class=\"wp-caption aligncenter\"><a href=\"https:\/\/www.diarioimagen.net\/?attachment_id=448042\" rel=\"attachment wp-att-448042\"><img loading=\"lazy\" decoding=\"async\" aria-describedby=\"caption-attachment-448042\" class=\"size-large wp-image-448042\" src=\"https:\/\/www.diarioimagen.net\/wp-content\/uploads\/2019\/10\/CATRINAS-460x259.jpg\" alt=\"\" width=\"460\" height=\"259\" srcset=\"https:\/\/www.diarioimagen.net\/wp-content\/uploads\/2019\/10\/CATRINAS-460x259.jpg 460w, https:\/\/www.diarioimagen.net\/wp-content\/uploads\/2019\/10\/CATRINAS-240x135.jpg 240w, https:\/\/www.diarioimagen.net\/wp-content\/uploads\/2019\/10\/CATRINAS-235x132.jpg 235w, https:\/\/www.diarioimagen.net\/wp-content\/uploads\/2019\/10\/CATRINAS-202x114.jpg 202w, https:\/\/www.diarioimagen.net\/wp-content\/uploads\/2019\/10\/CATRINAS-350x196.jpg 350w, https:\/\/www.diarioimagen.net\/wp-content\/uploads\/2019\/10\/CATRINAS-220x123.jpg 220w, https:\/\/www.diarioimagen.net\/wp-content\/uploads\/2019\/10\/CATRINAS-237x132.jpg 237w, https:\/\/www.diarioimagen.net\/wp-content\/uploads\/2019\/10\/CATRINAS.jpg 480w\" sizes=\"auto, (max-width: 460px) 100vw, 460px\" \/><\/a><p id=\"caption-attachment-448042\" class=\"wp-caption-text\">Estudiantes y acad\u00e9micos del Plantel \u201cDr. Pablo Gonz\u00e1lez Casanova\u201d\u00a0 de la Escuela Preparatoria de la UAEM expondr\u00e1n, en diferentes foros de toluca, \u201ccatrinas\u201d elaboradas con la t\u00e9cnica de cartoner\u00eda.<\/p><\/div>\n<p>&nbsp;<\/p>\n<p><strong>Tenancingo, Estado de M\u00e9xico<\/strong>.- En el marco de la Feria y Festival Internacional del Alfe\u00f1ique 2019 de la ciudad de Toluca, estudiantes y acad\u00e9micos del Plantel \u201cDr. Pablo Gonz\u00e1lez Casanova\u201d de la Escuela Preparatoria de la Universidad Aut\u00f3noma del Estado de M\u00e9xico expondr\u00e1n, en diferentes foros del centro hist\u00f3rico de la capital mexiquense, catrinas elaboradas con la t\u00e9cnica de cartoner\u00eda en formato mediano y monumental.<\/p>\n<p>El profesor universitario y coordinador de la elaboraci\u00f3n de estas catrinas, Jes\u00fas Israel Vargas Hern\u00e1ndez, explic\u00f3 que dos de las figuras son de tama\u00f1o monumental, con una altura de cinco metros por cuatro de ancho y tres de profundidad. Ambas ser\u00e1n expuestas en el palacio municipal.<\/p>\n<p>\u201cDurante dos meses, alrededor de 20 estudiantes del quinto semestre, que cursan la Unidad de Aprendizaje \u2018Expresi\u00f3n y Apreciaci\u00f3n del Arte\u2019, elaboraron estas esculturas con cart\u00f3n y acabados de cemento. Tienen elementos prehisp\u00e1nicos alusivos a la muerte\u201d.<\/p>\n<p>Vargas Hern\u00e1ndez indic\u00f3 que tambi\u00e9n se expondr\u00e1 una instalaci\u00f3n de dos esculturas referentes al sincretismo de las festividades de D\u00eda de Muertos, en la que Quetzalc\u00f3atl y una catrina representan la fusi\u00f3n de dos culturas<\/p>\n<p>\u201cEl Quetzalc\u00f3atl mide 1.80 metros y da la impresi\u00f3n de volar para encontrarse con la catrina, que tiene un decorado de flores. Hacen referencia a la cultura y el folclor alrededor de la muerte\u201d.<\/p>\n<p>De igual manera, abund\u00f3, ser\u00e1 expuesta una catrina de formato mediano, elaborada por \u00e9l. Mide 1.80 metros de altura y es toda de cart\u00f3n con acabados en acr\u00edlico, en alusi\u00f3n a la obra de Jos\u00e9 Guadalupe Posada; sin embargo, en lugar de portar una estola de plumas, lleva un rebozo, prenda t\u00edpica del municipio de Tenancingo.<\/p>\n<p>Jes\u00fas Israel Vargas Hern\u00e1ndez destac\u00f3 la trascendencia que para la formaci\u00f3n de los universitarios tiene participar en este tipo de actividades, mediante las que tambi\u00e9n se fomentan las tradiciones y el patrimonio cultural de nuestro pa\u00eds.<\/p>\n","protected":false},"excerpt":{"rendered":"<p>En el marco de la Feria y Festival Internacional del Alfe\u00f1ique 2019 de la ciudad de Toluca, estudiantes y acad\u00e9micos del Plantel \u201cDr. Pablo Gonz\u00e1lez Casanova\u201d de la Escuela Preparatoria de la Universidad Aut\u00f3noma del Estado de M\u00e9xico expondr\u00e1n, en diferentes foros del centro hist\u00f3rico de la capital mexiquense, catrinas elaboradas con la t\u00e9cnica de cartoner\u00eda en formato mediano y monumental.<\/p>\n","protected":false},"author":3,"featured_media":448042,"comment_status":"open","ping_status":"open","sticky":false,"template":"","format":"standard","meta":{"_monsterinsights_skip_tracking":false,"_monsterinsights_sitenote_active":false,"_monsterinsights_sitenote_note":"","_monsterinsights_sitenote_category":0,"footnotes":""},"categories":[5],"tags":[88399,66482,43675,14859,1490],"class_list":["post-447940","post","type-post","status-publish","format-standard","has-post-thumbnail","hentry","category-estado-de-mexico","tag-carton","tag-catrinas","tag-estado-de-mexico","tag-tenancingo","tag-universidad-autonoma-del-estado-de-mexico"],"_links":{"self":[{"href":"https:\/\/www.diarioimagen.net\/index.php?rest_route=\/wp\/v2\/posts\/447940","targetHints":{"allow":["GET"]}}],"collection":[{"href":"https:\/\/www.diarioimagen.net\/index.php?rest_route=\/wp\/v2\/posts"}],"about":[{"href":"https:\/\/www.diarioimagen.net\/index.php?rest_route=\/wp\/v2\/types\/post"}],"author":[{"embeddable":true,"href":"https:\/\/www.diarioimagen.net\/index.php?rest_route=\/wp\/v2\/users\/3"}],"replies":[{"embeddable":true,"href":"https:\/\/www.diarioimagen.net\/index.php?rest_route=%2Fwp%2Fv2%2Fcomments&post=447940"}],"version-history":[{"count":0,"href":"https:\/\/www.diarioimagen.net\/index.php?rest_route=\/wp\/v2\/posts\/447940\/revisions"}],"wp:featuredmedia":[{"embeddable":true,"href":"https:\/\/www.diarioimagen.net\/index.php?rest_route=\/wp\/v2\/media\/448042"}],"wp:attachment":[{"href":"https:\/\/www.diarioimagen.net\/index.php?rest_route=%2Fwp%2Fv2%2Fmedia&parent=447940"}],"wp:term":[{"taxonomy":"category","embeddable":true,"href":"https:\/\/www.diarioimagen.net\/index.php?rest_route=%2Fwp%2Fv2%2Fcategories&post=447940"},{"taxonomy":"post_tag","embeddable":true,"href":"https:\/\/www.diarioimagen.net\/index.php?rest_route=%2Fwp%2Fv2%2Ftags&post=447940"}],"curies":[{"name":"wp","href":"https:\/\/api.w.org\/{rel}","templated":true}]}}