{"id":447986,"date":"2019-10-28T00:02:41","date_gmt":"2019-10-28T06:02:41","guid":{"rendered":"https:\/\/www.diarioimagen.net\/?p=447986"},"modified":"2019-10-28T07:05:47","modified_gmt":"2019-10-28T13:05:47","slug":"el-dif-naucalpan-lleva-servicios-a-habitantes-de-santiago-tepatlaxco","status":"publish","type":"post","link":"https:\/\/www.diarioimagen.net\/?p=447986","title":{"rendered":"El DIF Naucalpan lleva servicios a habitantes de Santiago Tepatlaxco"},"content":{"rendered":"<ul>\n<li><strong><em>Unas 500 personas recibieron despensas<\/em><\/strong><\/li>\n<\/ul>\n<p>&nbsp;<\/p>\n<div id=\"attachment_448051\" style=\"width: 470px\" class=\"wp-caption aligncenter\"><a href=\"https:\/\/www.diarioimagen.net\/?attachment_id=448051\" rel=\"attachment wp-att-448051\"><img loading=\"lazy\" decoding=\"async\" aria-describedby=\"caption-attachment-448051\" class=\"size-large wp-image-448051\" src=\"https:\/\/www.diarioimagen.net\/wp-content\/uploads\/2019\/10\/NAUCALPAN-7-460x259.jpg\" alt=\"\" width=\"460\" height=\"259\" srcset=\"https:\/\/www.diarioimagen.net\/wp-content\/uploads\/2019\/10\/NAUCALPAN-7-460x259.jpg 460w, https:\/\/www.diarioimagen.net\/wp-content\/uploads\/2019\/10\/NAUCALPAN-7-240x135.jpg 240w, https:\/\/www.diarioimagen.net\/wp-content\/uploads\/2019\/10\/NAUCALPAN-7-235x132.jpg 235w, https:\/\/www.diarioimagen.net\/wp-content\/uploads\/2019\/10\/NAUCALPAN-7-202x114.jpg 202w, https:\/\/www.diarioimagen.net\/wp-content\/uploads\/2019\/10\/NAUCALPAN-7-350x196.jpg 350w, https:\/\/www.diarioimagen.net\/wp-content\/uploads\/2019\/10\/NAUCALPAN-7-220x123.jpg 220w, https:\/\/www.diarioimagen.net\/wp-content\/uploads\/2019\/10\/NAUCALPAN-7-237x132.jpg 237w, https:\/\/www.diarioimagen.net\/wp-content\/uploads\/2019\/10\/NAUCALPAN-7.jpg 480w\" sizes=\"auto, (max-width: 460px) 100vw, 460px\" \/><\/a><p id=\"caption-attachment-448051\" class=\"wp-caption-text\">Vecinos accedieron a m\u00faltiples servicios, como atenci\u00f3n oftalmol\u00f3gica y psicol\u00f3gica, asesor\u00eda jur\u00eddica, as\u00ed como tr\u00e1mite de la credencial del INAPAM.<\/p><\/div>\n<p>&nbsp;<\/p>\n<p><strong>Naucalpan, Estado de M\u00e9xico<\/strong>.- Un total de 500 naucalpenses recibieron despensas y cobijas en la Jornada de Servicios que organiz\u00f3 el Sistema Municipal para el Desarrollo Integral de la Familia (DIF), en el pueblo de Santiago Tepatlaxco.<\/p>\n<p>Durante la visita de la dependencia a esta comunidad, los vecinos tuvieron a disposici\u00f3n m\u00faltiples servicios, como atenci\u00f3n oftalmol\u00f3gica y psicol\u00f3gica, asesor\u00eda jur\u00eddica, cortes de cabello, as\u00ed como tr\u00e1mite de la credencial del Instituto Nacional de las Personas Adultas Mayores (INAPAM). En el atrio de la parroquia de Santiago Ap\u00f3stol, el DIF municipal tambi\u00e9n entreg\u00f3 50 paquetes de \u00fatiles escolares, una silla de ruedas y tres lentes para vista cansada.<\/p>\n<p>La presidenta del DIF, Lilia Dur\u00e1n Reveles, llam\u00f3 a los habitantes a aprovechar todos los servicios que ofrece el organismo. Asegur\u00f3 que el pr\u00f3ximo a\u00f1o habr\u00e1 m\u00e1s visitas al pueblo originario.<\/p>\n<p>\u201cSon prioritarias las zonas m\u00e1s marginadas, pero realmente las jornadas ser\u00e1n para todos. Hemos tenido muy buena recepci\u00f3n por parte de la gente y mucho agradecimiento para la Presidenta Municipal, Patricia Dur\u00e1n. No vamos a dejar de trabajar y llevar a las comunidades todos los programas que tenemos, que son bastantes\u201d, coment\u00f3 la titular del DIF. Asimismo, se inaugur\u00f3 la casa de Atenci\u00f3n para Adultos Mayores (APAM) de Santiago Tepatlaxco, con lo que el Municipio ya cuenta con 35 espacios de este tipo. En la casa, las personas de este sector podr\u00e1n realizar actividades l\u00fadicas, acudir a talleres y convivir con ciudadanos de su edad.<\/p>\n<p>De las 9:00 a las 14:00 horas, los habitantes tambi\u00e9n disfrutaron de bailables presentados por clubes APAM y de una degustaci\u00f3n de alimentos y bebidas que ofreci\u00f3 la cocina central de la dependencia.<\/p>\n<p>La pr\u00f3xima Jornada de Servicios del DIF se llevar\u00e1 a cabo en el fraccionamiento Las Am\u00e9ricas, el jueves 31 de octubre, de 10:00 a 14:00 horas.<\/p>\n","protected":false},"excerpt":{"rendered":"<p>Un total de 500 naucalpenses recibieron despensas y cobijas en la Jornada de Servicios que organiz\u00f3 el Sistema Municipal para el Desarrollo Integral de la Familia (DIF), en el pueblo de Santiago Tepatlaxco.<\/p>\n","protected":false},"author":3,"featured_media":448051,"comment_status":"open","ping_status":"open","sticky":false,"template":"","format":"standard","meta":{"_monsterinsights_skip_tracking":false,"_monsterinsights_sitenote_active":false,"_monsterinsights_sitenote_note":"","_monsterinsights_sitenote_category":0,"footnotes":""},"categories":[5],"tags":[43675,47157,970],"class_list":["post-447986","post","type-post","status-publish","format-standard","has-post-thumbnail","hentry","category-estado-de-mexico","tag-estado-de-mexico","tag-habitantes","tag-naucalpan"],"_links":{"self":[{"href":"https:\/\/www.diarioimagen.net\/index.php?rest_route=\/wp\/v2\/posts\/447986","targetHints":{"allow":["GET"]}}],"collection":[{"href":"https:\/\/www.diarioimagen.net\/index.php?rest_route=\/wp\/v2\/posts"}],"about":[{"href":"https:\/\/www.diarioimagen.net\/index.php?rest_route=\/wp\/v2\/types\/post"}],"author":[{"embeddable":true,"href":"https:\/\/www.diarioimagen.net\/index.php?rest_route=\/wp\/v2\/users\/3"}],"replies":[{"embeddable":true,"href":"https:\/\/www.diarioimagen.net\/index.php?rest_route=%2Fwp%2Fv2%2Fcomments&post=447986"}],"version-history":[{"count":0,"href":"https:\/\/www.diarioimagen.net\/index.php?rest_route=\/wp\/v2\/posts\/447986\/revisions"}],"wp:featuredmedia":[{"embeddable":true,"href":"https:\/\/www.diarioimagen.net\/index.php?rest_route=\/wp\/v2\/media\/448051"}],"wp:attachment":[{"href":"https:\/\/www.diarioimagen.net\/index.php?rest_route=%2Fwp%2Fv2%2Fmedia&parent=447986"}],"wp:term":[{"taxonomy":"category","embeddable":true,"href":"https:\/\/www.diarioimagen.net\/index.php?rest_route=%2Fwp%2Fv2%2Fcategories&post=447986"},{"taxonomy":"post_tag","embeddable":true,"href":"https:\/\/www.diarioimagen.net\/index.php?rest_route=%2Fwp%2Fv2%2Ftags&post=447986"}],"curies":[{"name":"wp","href":"https:\/\/api.w.org\/{rel}","templated":true}]}}