{"id":448123,"date":"2019-10-29T00:05:48","date_gmt":"2019-10-29T06:05:48","guid":{"rendered":"https:\/\/www.diarioimagen.net\/?p=448123"},"modified":"2019-10-29T04:29:18","modified_gmt":"2019-10-29T10:29:18","slug":"quehacer-universitario-llega-a-todo-el-edomex-barrera-b","status":"publish","type":"post","link":"https:\/\/www.diarioimagen.net\/?p=448123","title":{"rendered":"Quehacer universitario llega a todo el Edomex: Barrera B."},"content":{"rendered":"<ul>\n<li><em><strong>Firma la UAEM convenio con 11 alcaldes<\/strong><\/em><\/li>\n<li><em><strong>Servicios profesionales a municipios del nororiente de la entidad<\/strong><\/em><\/li>\n<\/ul>\n<p>&nbsp;<\/p>\n<div id=\"attachment_448220\" style=\"width: 470px\" class=\"wp-caption aligncenter\"><a href=\"https:\/\/www.diarioimagen.net\/?attachment_id=448220\" rel=\"attachment wp-att-448220\"><img loading=\"lazy\" decoding=\"async\" aria-describedby=\"caption-attachment-448220\" class=\"size-large wp-image-448220\" src=\"https:\/\/www.diarioimagen.net\/wp-content\/uploads\/2019\/10\/uaem-460x259.jpg\" alt=\"\" width=\"460\" height=\"259\" srcset=\"https:\/\/www.diarioimagen.net\/wp-content\/uploads\/2019\/10\/uaem-460x259.jpg 460w, https:\/\/www.diarioimagen.net\/wp-content\/uploads\/2019\/10\/uaem-240x135.jpg 240w, https:\/\/www.diarioimagen.net\/wp-content\/uploads\/2019\/10\/uaem-235x132.jpg 235w, https:\/\/www.diarioimagen.net\/wp-content\/uploads\/2019\/10\/uaem-202x114.jpg 202w, https:\/\/www.diarioimagen.net\/wp-content\/uploads\/2019\/10\/uaem-350x196.jpg 350w, https:\/\/www.diarioimagen.net\/wp-content\/uploads\/2019\/10\/uaem-220x123.jpg 220w, https:\/\/www.diarioimagen.net\/wp-content\/uploads\/2019\/10\/uaem-237x132.jpg 237w, https:\/\/www.diarioimagen.net\/wp-content\/uploads\/2019\/10\/uaem.jpg 480w\" sizes=\"auto, (max-width: 460px) 100vw, 460px\" \/><\/a><p id=\"caption-attachment-448220\" class=\"wp-caption-text\">El rector de la UAEM, Alfredo Barrera, firm\u00f3 un convenio de colaboraci\u00f3n con los alcaldes\u00a0 de Amecameca, Atlautla, Ayapango, Cocotitl\u00e1n, Ecatzingo, Juchitepec, Ozumba, Temamatla, Tenango del Aire, Tepetlixpa y Tlalmanalco<\/p><\/div>\n<p>&nbsp;<\/p>\n<p><strong>Amecameca, Estado de M\u00e9xico<\/strong>.\u2013 El rector de la Universidad Aut\u00f3noma del Estado de M\u00e9xico, Alfredo Barrera Baca, firm\u00f3 un convenio de colaboraci\u00f3n con los presidentes municipales de Amecameca, Atlautla, Ayapango, Cocotitl\u00e1n, Ecatzingo, Juchitepec, Ozumba, Temamatla, Tenango del Aire, Tepetlixpa y Tlalmanalco, que tienen como prop\u00f3sito que esta casa de estudios brinde servicios profesionales a municipios del nororiente de la entidad.<\/p>\n<p>En el Plantel \u201cSor Juana In\u00e9s de la Cruz\u201d de la Escuela Preparatoria, ubicado en el municipio de Amecameca, expres\u00f3 que los universitarios ayudar\u00e1n a investigar y desarrollar soluciones que mejoren las actividades econ\u00f3micas de la regi\u00f3n.<\/p>\n<p>Dijo que brindar\u00e1n capacitaci\u00f3n en los \u00e1mbitos de la administraci\u00f3n p\u00fablica, proyectos de desarrollo comunitario y planeaci\u00f3n urbana. \u201cNuestra comunidad acad\u00e9mica construye puentes de colaboraci\u00f3n para extender sus capacidades y multiplicar sus recursos en beneficio de la sociedad\u201d.<\/p>\n<p>Destac\u00f3 que la UAEM apoya a los municipios en la conformaci\u00f3n de los planes de desarrollo municipal, la capacitaci\u00f3n de servidores p\u00fablicos en temas como el ahorro de energ\u00eda, el acoso escolar y la profesionalizaci\u00f3n para renovar sus competencias. Ante la diputada por el distrito 28 de Amecameca, Beatriz Garc\u00eda Villegas, y el coordinador de grupo parlamentario del Partido Verde Ecologista de M\u00e9xico de la Legislatura local, Jos\u00e9 Alberto Couttolenc Buentello, Alfredo Barrera subray\u00f3 que este convenio demuestra la confianza y credibilidad que la sociedad deposita en la UAEM.<\/p>\n<p>Por su parte, los alcaldes coincidieron que la educaci\u00f3n es pilar del desarrollo de esta regi\u00f3n de la entidad y agradecieron contar con las capacidades cient\u00edficas, tecnol\u00f3gicas y humanistas de la comunidad universitaria, en beneficio de la poblaci\u00f3n de sus municipios.<\/p>\n<p>Indicaron que la firma de este convenio fortalece las administraciones municipales de la regi\u00f3n y promueve la educaci\u00f3n de calidad; asimismo, apuntaron que es necesario ampliar la cobertura de la Aut\u00f3noma mexiquense en la zona, con el prop\u00f3sito de que m\u00e1s j\u00f3venes accedan a los estudios profesionales.<\/p>\n<p>A la firma de este instrumento de colaboraci\u00f3n asistieron los presidentes municipales de Amecameca, Miguel \u00c1ngel Salom\u00f3n Cort\u00e9s; Atlautla, Dolores Hermenegildo Lozada Amaro; Ayapango, Ren\u00e9 Mart\u00edn Vel\u00e1zquez Soriano; Cocotitl\u00e1n, Tom\u00e1s Su\u00e1rez Ju\u00e1rez; Ecatzingo, Roc\u00edo Sol\u00eds Robles; Juchitepec, Felipe Mej\u00eda Valdez; Ozumba, Valent\u00edn Mart\u00ednez Castillo; Temamatla, Juan Mart\u00edn Orozpe P\u00e9rez; Tenango del Aire, Roberto \u00c1vila Ventura; Tepetlixpa, Armando Mel\u00e9ndez Soriano, y Tlalmanalco, Ana Gabriela.<\/p>\n","protected":false},"excerpt":{"rendered":"<p>El rector de la Universidad Aut\u00f3noma del Estado de M\u00e9xico, Alfredo Barrera Baca, firm\u00f3 un convenio de colaboraci\u00f3n con los presidentes municipales de Amecameca, Atlautla, Ayapango, Cocotitl\u00e1n, Ecatzingo, Juchitepec, Ozumba, Temamatla, Tenango del Aire, Tepetlixpa y Tlalmanalco, que tienen como prop\u00f3sito que esta casa de estudios brinde servicios profesionales a municipios del nororiente de la entidad.<\/p>\n","protected":false},"author":3,"featured_media":448220,"comment_status":"open","ping_status":"open","sticky":false,"template":"","format":"standard","meta":{"_monsterinsights_skip_tracking":false,"_monsterinsights_sitenote_active":false,"_monsterinsights_sitenote_note":"","_monsterinsights_sitenote_category":0,"footnotes":""},"categories":[5],"tags":[58572,43675,88425,1491],"class_list":["post-448123","post","type-post","status-publish","format-standard","has-post-thumbnail","hentry","category-estado-de-mexico","tag-alfredo-barrera-baca","tag-estado-de-mexico","tag-quehacer","tag-uaem"],"_links":{"self":[{"href":"https:\/\/www.diarioimagen.net\/index.php?rest_route=\/wp\/v2\/posts\/448123","targetHints":{"allow":["GET"]}}],"collection":[{"href":"https:\/\/www.diarioimagen.net\/index.php?rest_route=\/wp\/v2\/posts"}],"about":[{"href":"https:\/\/www.diarioimagen.net\/index.php?rest_route=\/wp\/v2\/types\/post"}],"author":[{"embeddable":true,"href":"https:\/\/www.diarioimagen.net\/index.php?rest_route=\/wp\/v2\/users\/3"}],"replies":[{"embeddable":true,"href":"https:\/\/www.diarioimagen.net\/index.php?rest_route=%2Fwp%2Fv2%2Fcomments&post=448123"}],"version-history":[{"count":0,"href":"https:\/\/www.diarioimagen.net\/index.php?rest_route=\/wp\/v2\/posts\/448123\/revisions"}],"wp:featuredmedia":[{"embeddable":true,"href":"https:\/\/www.diarioimagen.net\/index.php?rest_route=\/wp\/v2\/media\/448220"}],"wp:attachment":[{"href":"https:\/\/www.diarioimagen.net\/index.php?rest_route=%2Fwp%2Fv2%2Fmedia&parent=448123"}],"wp:term":[{"taxonomy":"category","embeddable":true,"href":"https:\/\/www.diarioimagen.net\/index.php?rest_route=%2Fwp%2Fv2%2Fcategories&post=448123"},{"taxonomy":"post_tag","embeddable":true,"href":"https:\/\/www.diarioimagen.net\/index.php?rest_route=%2Fwp%2Fv2%2Ftags&post=448123"}],"curies":[{"name":"wp","href":"https:\/\/api.w.org\/{rel}","templated":true}]}}