{"id":448157,"date":"2019-10-29T00:04:01","date_gmt":"2019-10-29T06:04:01","guid":{"rendered":"https:\/\/www.diarioimagen.net\/?p=448157"},"modified":"2019-10-29T06:02:34","modified_gmt":"2019-10-29T12:02:34","slug":"reconocimiento-a-ex-presidente-de-la-asociacion-de-colonos-de-satelite","status":"publish","type":"post","link":"https:\/\/www.diarioimagen.net\/?p=448157","title":{"rendered":"Reconocimiento a ex presidente de la Asociaci\u00f3n de Colonos de Sat\u00e9lite"},"content":{"rendered":"<ul>\n<li><em><strong>Galo Blanco Mateos<\/strong><\/em><\/li>\n<\/ul>\n<p>&nbsp;<\/p>\n<div id=\"attachment_448229\" style=\"width: 470px\" class=\"wp-caption aligncenter\"><a href=\"https:\/\/www.diarioimagen.net\/?attachment_id=448229\" rel=\"attachment wp-att-448229\"><img loading=\"lazy\" decoding=\"async\" aria-describedby=\"caption-attachment-448229\" class=\"size-large wp-image-448229\" src=\"https:\/\/www.diarioimagen.net\/wp-content\/uploads\/2019\/10\/NAUCALPAN-8-460x259.jpg\" alt=\"\" width=\"460\" height=\"259\" srcset=\"https:\/\/www.diarioimagen.net\/wp-content\/uploads\/2019\/10\/NAUCALPAN-8-460x259.jpg 460w, https:\/\/www.diarioimagen.net\/wp-content\/uploads\/2019\/10\/NAUCALPAN-8-240x135.jpg 240w, https:\/\/www.diarioimagen.net\/wp-content\/uploads\/2019\/10\/NAUCALPAN-8-235x132.jpg 235w, https:\/\/www.diarioimagen.net\/wp-content\/uploads\/2019\/10\/NAUCALPAN-8-202x114.jpg 202w, https:\/\/www.diarioimagen.net\/wp-content\/uploads\/2019\/10\/NAUCALPAN-8-350x196.jpg 350w, https:\/\/www.diarioimagen.net\/wp-content\/uploads\/2019\/10\/NAUCALPAN-8-220x123.jpg 220w, https:\/\/www.diarioimagen.net\/wp-content\/uploads\/2019\/10\/NAUCALPAN-8-237x132.jpg 237w, https:\/\/www.diarioimagen.net\/wp-content\/uploads\/2019\/10\/NAUCALPAN-8.jpg 480w\" sizes=\"auto, (max-width: 460px) 100vw, 460px\" \/><\/a><p id=\"caption-attachment-448229\" class=\"wp-caption-text\">La presea a Galo Blanco fue otorgada por \u201cFomento Cultural Torres de Sat\u00e9lite A.C\u201d, cuyo presidente es Cuauht\u00e9moc Rodr\u00edguez.<\/p><\/div>\n<p>&nbsp;<\/p>\n<p><strong>Naucalpan, Estado de M\u00e9xico<\/strong>.- Con la presencia de grandes personalidades, entre los que se encontraban, la se\u00f1ora, Christiane Martel, esposa de Miguel Alem\u00e1n Velasco, la se\u00f1ora Yolanda Quintanilla, Marina Salgado, Beatriz G\u00f3mez, Armando Gordillo y David Parra , entre otros, se entreg\u00f3 un digno \u00a0reconocimiento al ex presidente de la Asociaci\u00f3n de Colonos de Ciudad Sat\u00e9lite, \u00a0Galo Blanco Mateos.<\/p>\n<p>La presea fue otorgada por \u201cFomento Cultural Torres de Sat\u00e9lite A.C\u201d y cuyo presidente es Cuauht\u00e9moc Ro dr\u00ed guez,\u00a0\u00a0 asegur\u00f3 \u00a0que \u201cla presea distingue a instituciones y personalidades del ambiente art\u00edstico y cultural que han aportado su conocimiento y talento en la construcci\u00f3n, conservaci\u00f3n y mantenimiento de este majestuoso monumento Urbano, autor\u00eda del creador Alem\u00e1n, Mathias Goeritz, y el arquitecto Mexicano, Luis Barrag\u00e1n\u201d.<\/p>\n<p>Ah\u00ed, Parra S\u00e1nchez, asesor del Suteym y la \u00a0Conf epider, \u00a0dijo que \u201cGalo Blanco Mateos, \u00a0es sin\u00f3nimo y ejemplo de lucha social, de servicio y amor al pr\u00f3jimo\u201d.<\/p>\n<p>Por otra parte, el l\u00edder social, agradeci\u00f3 la intensa lucha de Galo Blanco que dio y ha dado por el Fraccionamiento Urbano, y en otras colonias del municipio, donde ha dejado un importante legado y una gran solvencia moral.<\/p>\n<p>En el acto conmemorativo, llevado a cabo en el Centro C\u00edvico, David Parra, fue acompa\u00f1ado de Christiane Martel, esposa de Miguel Alem\u00e1n, de \u00a0Armando Gordillo, director del peri\u00f3dico \u00a0\u201cEcos de Sat\u00e9lite\u201d, de la Secretaria de Cultura en Naucalpan, Abigail Mart\u00ednez Salas y no pod\u00eda faltar Beatriz G\u00f3mez, actual presidenta de la Asociaci\u00f3n de Colonos de Ciudad Sat\u00e9lite y de entre otras personalidades.<\/p>\n<p>Por su parte, \u00a0Cuauht\u00e9moc Rodr\u00edguez, destac\u00f3 los proyectos a futuro, como iluminar las Torres de Sat\u00e9lite y declarar al monumento \u201cCiudad Luz\u201d, el reconocimiento de la Unesco como Patrimonio de la Humanidad.<\/p>\n<p>Finalmente, Galo Blanco Quintanilla, revel\u00f3 del problema de salud de su se\u00f1or padre, y el proceso de recuperaci\u00f3n que tiene, pero dej\u00f3 claro que para sorpresa de muchos estar\u00e1 de regreso.<\/p>\n","protected":false},"excerpt":{"rendered":"<p>Con la presencia de grandes personalidades, entre los que se encontraban, la se\u00f1ora, Christiane Martel, esposa de Miguel Alem\u00e1n Velasco, la se\u00f1ora Yolanda Quintanilla, Marina Salgado, Beatriz G\u00f3mez, Armando Gordillo y David Parra , entre otros, se entreg\u00f3 un digno \u00a0reconocimiento al ex presidente de la Asociaci\u00f3n de Colonos de Ciudad Sat\u00e9lite, \u00a0Galo Blanco Mateos.<\/p>\n","protected":false},"author":3,"featured_media":448229,"comment_status":"open","ping_status":"open","sticky":false,"template":"","format":"standard","meta":{"_monsterinsights_skip_tracking":false,"_monsterinsights_sitenote_active":false,"_monsterinsights_sitenote_note":"","_monsterinsights_sitenote_category":0,"footnotes":""},"categories":[5],"tags":[88427,43675,970],"class_list":["post-448157","post","type-post","status-publish","format-standard","has-post-thumbnail","hentry","category-estado-de-mexico","tag-asociacion-de-colonos","tag-estado-de-mexico","tag-naucalpan"],"_links":{"self":[{"href":"https:\/\/www.diarioimagen.net\/index.php?rest_route=\/wp\/v2\/posts\/448157","targetHints":{"allow":["GET"]}}],"collection":[{"href":"https:\/\/www.diarioimagen.net\/index.php?rest_route=\/wp\/v2\/posts"}],"about":[{"href":"https:\/\/www.diarioimagen.net\/index.php?rest_route=\/wp\/v2\/types\/post"}],"author":[{"embeddable":true,"href":"https:\/\/www.diarioimagen.net\/index.php?rest_route=\/wp\/v2\/users\/3"}],"replies":[{"embeddable":true,"href":"https:\/\/www.diarioimagen.net\/index.php?rest_route=%2Fwp%2Fv2%2Fcomments&post=448157"}],"version-history":[{"count":0,"href":"https:\/\/www.diarioimagen.net\/index.php?rest_route=\/wp\/v2\/posts\/448157\/revisions"}],"wp:featuredmedia":[{"embeddable":true,"href":"https:\/\/www.diarioimagen.net\/index.php?rest_route=\/wp\/v2\/media\/448229"}],"wp:attachment":[{"href":"https:\/\/www.diarioimagen.net\/index.php?rest_route=%2Fwp%2Fv2%2Fmedia&parent=448157"}],"wp:term":[{"taxonomy":"category","embeddable":true,"href":"https:\/\/www.diarioimagen.net\/index.php?rest_route=%2Fwp%2Fv2%2Fcategories&post=448157"},{"taxonomy":"post_tag","embeddable":true,"href":"https:\/\/www.diarioimagen.net\/index.php?rest_route=%2Fwp%2Fv2%2Ftags&post=448157"}],"curies":[{"name":"wp","href":"https:\/\/api.w.org\/{rel}","templated":true}]}}