{"id":448159,"date":"2019-10-29T00:03:25","date_gmt":"2019-10-29T06:03:25","guid":{"rendered":"https:\/\/www.diarioimagen.net\/?p=448159"},"modified":"2019-10-29T06:34:13","modified_gmt":"2019-10-29T12:34:13","slug":"5-festival-internacional-bailando-por-el-mundo-tendra-su-sede-en-tultepec","status":"publish","type":"post","link":"https:\/\/www.diarioimagen.net\/?p=448159","title":{"rendered":"5\u00b0 Festival Internacional Bailando por el Mundo tendr\u00e1 su sede en Tultepec"},"content":{"rendered":"<ul>\n<li><strong><em>Los d\u00edas 30 de octubre y 10 de noviembre<\/em><\/strong><\/li>\n<\/ul>\n<p>&nbsp;<\/p>\n<div id=\"attachment_448232\" style=\"width: 470px\" class=\"wp-caption aligncenter\"><a href=\"https:\/\/www.diarioimagen.net\/?attachment_id=448232\" rel=\"attachment wp-att-448232\"><img loading=\"lazy\" decoding=\"async\" aria-describedby=\"caption-attachment-448232\" class=\"size-large wp-image-448232\" src=\"https:\/\/www.diarioimagen.net\/wp-content\/uploads\/2019\/10\/TULTEPEC-1-460x259.jpg\" alt=\"\" width=\"460\" height=\"259\" srcset=\"https:\/\/www.diarioimagen.net\/wp-content\/uploads\/2019\/10\/TULTEPEC-1-460x259.jpg 460w, https:\/\/www.diarioimagen.net\/wp-content\/uploads\/2019\/10\/TULTEPEC-1-240x135.jpg 240w, https:\/\/www.diarioimagen.net\/wp-content\/uploads\/2019\/10\/TULTEPEC-1-235x132.jpg 235w, https:\/\/www.diarioimagen.net\/wp-content\/uploads\/2019\/10\/TULTEPEC-1-202x114.jpg 202w, https:\/\/www.diarioimagen.net\/wp-content\/uploads\/2019\/10\/TULTEPEC-1-350x196.jpg 350w, https:\/\/www.diarioimagen.net\/wp-content\/uploads\/2019\/10\/TULTEPEC-1-220x123.jpg 220w, https:\/\/www.diarioimagen.net\/wp-content\/uploads\/2019\/10\/TULTEPEC-1-237x132.jpg 237w, https:\/\/www.diarioimagen.net\/wp-content\/uploads\/2019\/10\/TULTEPEC-1.jpg 480w\" sizes=\"auto, (max-width: 460px) 100vw, 460px\" \/><\/a><p id=\"caption-attachment-448232\" class=\"wp-caption-text\">Cerca de 100 bailarines de cuatro pa\u00edses latinos har\u00e1n gala de coloridos vestuarios para presentar a trav\u00e9s de la danza y la m\u00fasica, lo mejor de sus culturas.<\/p><\/div>\n<p>&nbsp;<\/p>\n<p><strong>Tultepec, Estado de M\u00e9xico<\/strong>.- Tras anunciar que Tultepec albergar\u00e1 el 5\u00ba Festival Bailando por el Mundo, los d\u00edas 30 de octubre y 10 de noviembre, el alcalde Armando Portuguez Fuentes asegur\u00f3 que esta es una forma de acercar el conocimiento y la cultura a la ciudadan\u00eda sobre los pa\u00edses que nos visitan a trav\u00e9s de eventos de talla internacional.<\/p>\n<p>Dijo que como un servicio m\u00e1s de la Casa de Cultura V\u00edctor Urb\u00e1n Velasco, la administraci\u00f3n 2019-2021, se distingue por impulsar siempre los valores y las tradiciones nacionales, m\u00e1xime a\u00fan aquellas que dan identidad y distinci\u00f3n a Tultepec, por lo que este evento no ser\u00e1 la excepci\u00f3n.<\/p>\n<p>Precis\u00f3 que con la presencia de bailarines de Panam\u00e1, Bolivia, Ecuador y M\u00e9xico; Tultepec ser\u00e1 sede de la inauguraci\u00f3n y clausura de este evento el pr\u00f3ximo mi\u00e9rcoles 30 de octubre a partir de las 17:00 horas y de la clausura del evento el domingo 10 de noviembre desde las 17:00 horas, ambos en la Concha Ac\u00fastica del Centro.<\/p>\n<p>Cerca de 100 bailarines de estos cuatro pa\u00edses latinoamericanos har\u00e1n gala de coloridos vestuarios para presentar a trav\u00e9s de la danza y la m\u00fasica, lo mejor de la cultura art\u00edstica de sus respectivos pueblos en distintos escenarios que se han preparado para este evento de talla internacional, y uno de ellos es Tultepec, donde la ciudadan\u00eda en general podr\u00e1 disfrutarlos de manera gratuita.<\/p>\n<p>La organizaci\u00f3n a cargo del grupo de danza\u00a0M\u00e9xico Folkl\u00f3rico\u00a0y del Ayuntamiento de Tultepec en coordinaci\u00f3n con la\u00a0Casa de Cultura V\u00edctor Urb\u00e1n Velasco. Es tambi\u00e9n una oportunidad para acercar espect\u00e1culos de talla mundial a comunidades marginadas donde no existe la infraestructura ni los recursos econ\u00f3micos para observar este tipo de entretenimientos culturales.<\/p>\n<p>\u201cLa cultura tiene entre sus virtudes, unir a los pa\u00edses con un idioma especial, y eso es lo que queremos como autoridades municipales, que la hermandad entre las personas trascienda tambi\u00e9n entre nuestros pueblos, porque la cultura nos permite construir puentes para derribar muros\u201d, afirm\u00f3 Mauricio Solano S\u00e1nchez.<\/p>\n<p>Explic\u00f3 que el objetivo del festival es estrechar lazos de hermandad entre los pa\u00edses participantes, con el fin de incrementar el conocimiento de las comunidades a trav\u00e9s de la m\u00fasica, vestuario, danzas y bailes diversos.<\/p>\n<p>Los grupos de danza participantes por pa\u00eds son: por Bolivia el Ballet Folkl\u00f3rico de la Universidad Cat\u00f3lica Boliviana San Pablo. De Panam\u00e1, el Ballet Folkl\u00f3rico Esencias Paname\u00f1as. Por Ecuador, el Ballet Andino Ecuador y por M\u00e9xico, precisamente de Tultepec, el Grupo M\u00e9xico Folkl\u00f3rico.<\/p>\n<p>En esta ocasi\u00f3n, con el apoyo del H. Ayuntamiento de Tultepec, el folklor internacional tambi\u00e9n se presentar\u00e1 en algunos planteles p\u00fablicos y privados de primaria y secundaria del municipio como son: el Instituto Bartolom\u00e9 de las Casas, Colegio Antonio Semionovich Makarenko y el Colegio Guadalupe Victoria.<\/p>\n","protected":false},"excerpt":{"rendered":"<p>Tras anunciar que Tultepec albergar\u00e1 el 5\u00ba Festival Bailando por el Mundo, los d\u00edas 30 de octubre y 10 de noviembre, el alcalde Armando Portuguez Fuentes asegur\u00f3 que esta es una forma de acercar el conocimiento y la cultura a la ciudadan\u00eda sobre los pa\u00edses que nos visitan a trav\u00e9s de eventos de talla internacional.<\/p>\n","protected":false},"author":3,"featured_media":448232,"comment_status":"open","ping_status":"open","sticky":false,"template":"","format":"standard","meta":{"_monsterinsights_skip_tracking":false,"_monsterinsights_sitenote_active":false,"_monsterinsights_sitenote_note":"","_monsterinsights_sitenote_category":0,"footnotes":""},"categories":[5],"tags":[50574,43675,43679,3802],"class_list":["post-448159","post","type-post","status-publish","format-standard","has-post-thumbnail","hentry","category-estado-de-mexico","tag-armando-portuguez-fuentes","tag-estado-de-mexico","tag-mundo","tag-tultepec"],"_links":{"self":[{"href":"https:\/\/www.diarioimagen.net\/index.php?rest_route=\/wp\/v2\/posts\/448159","targetHints":{"allow":["GET"]}}],"collection":[{"href":"https:\/\/www.diarioimagen.net\/index.php?rest_route=\/wp\/v2\/posts"}],"about":[{"href":"https:\/\/www.diarioimagen.net\/index.php?rest_route=\/wp\/v2\/types\/post"}],"author":[{"embeddable":true,"href":"https:\/\/www.diarioimagen.net\/index.php?rest_route=\/wp\/v2\/users\/3"}],"replies":[{"embeddable":true,"href":"https:\/\/www.diarioimagen.net\/index.php?rest_route=%2Fwp%2Fv2%2Fcomments&post=448159"}],"version-history":[{"count":0,"href":"https:\/\/www.diarioimagen.net\/index.php?rest_route=\/wp\/v2\/posts\/448159\/revisions"}],"wp:featuredmedia":[{"embeddable":true,"href":"https:\/\/www.diarioimagen.net\/index.php?rest_route=\/wp\/v2\/media\/448232"}],"wp:attachment":[{"href":"https:\/\/www.diarioimagen.net\/index.php?rest_route=%2Fwp%2Fv2%2Fmedia&parent=448159"}],"wp:term":[{"taxonomy":"category","embeddable":true,"href":"https:\/\/www.diarioimagen.net\/index.php?rest_route=%2Fwp%2Fv2%2Fcategories&post=448159"},{"taxonomy":"post_tag","embeddable":true,"href":"https:\/\/www.diarioimagen.net\/index.php?rest_route=%2Fwp%2Fv2%2Ftags&post=448159"}],"curies":[{"name":"wp","href":"https:\/\/api.w.org\/{rel}","templated":true}]}}