{"id":448161,"date":"2019-10-29T00:02:34","date_gmt":"2019-10-29T06:02:34","guid":{"rendered":"https:\/\/www.diarioimagen.net\/?p=448161"},"modified":"2019-10-29T06:36:03","modified_gmt":"2019-10-29T12:36:03","slug":"en-atizapan-dif-festeja-a-mas-de-mil-600-personas-de-la-3a-edad","status":"publish","type":"post","link":"https:\/\/www.diarioimagen.net\/?p=448161","title":{"rendered":"En Atizap\u00e1n, DIF\u00a0festeja a m\u00e1s de mil 600 personas de la 3a. edad"},"content":{"rendered":"<p><a href=\"https:\/\/www.diarioimagen.net\/?attachment_id=448235\" rel=\"attachment wp-att-448235\"><img loading=\"lazy\" decoding=\"async\" class=\"aligncenter size-large wp-image-448235\" src=\"https:\/\/www.diarioimagen.net\/wp-content\/uploads\/2019\/10\/ATIZAPAN-2-460x259.jpg\" alt=\"\" width=\"460\" height=\"259\" srcset=\"https:\/\/www.diarioimagen.net\/wp-content\/uploads\/2019\/10\/ATIZAPAN-2-460x259.jpg 460w, https:\/\/www.diarioimagen.net\/wp-content\/uploads\/2019\/10\/ATIZAPAN-2-240x135.jpg 240w, https:\/\/www.diarioimagen.net\/wp-content\/uploads\/2019\/10\/ATIZAPAN-2-235x132.jpg 235w, https:\/\/www.diarioimagen.net\/wp-content\/uploads\/2019\/10\/ATIZAPAN-2-202x114.jpg 202w, https:\/\/www.diarioimagen.net\/wp-content\/uploads\/2019\/10\/ATIZAPAN-2-350x196.jpg 350w, https:\/\/www.diarioimagen.net\/wp-content\/uploads\/2019\/10\/ATIZAPAN-2-220x123.jpg 220w, https:\/\/www.diarioimagen.net\/wp-content\/uploads\/2019\/10\/ATIZAPAN-2-237x132.jpg 237w, https:\/\/www.diarioimagen.net\/wp-content\/uploads\/2019\/10\/ATIZAPAN-2.jpg 480w\" sizes=\"auto, (max-width: 460px) 100vw, 460px\" \/><\/a><\/p>\n<p>&nbsp;<\/p>\n<p><strong>Atizap\u00e1n, Estado de M\u00e9xico.- <\/strong>En un ambiente de m\u00fasica y alegr\u00eda, m\u00e1s de mil 600 personas de la tercera edad celebraron la \u201cFiesta del Adulto Mayor 2019\u201d que el Sistema Municipal DIF Atizap\u00e1n realiz\u00f3 en su honor en el Teatro Zaragoza.<\/p>\n<p>En su mensaje de bienvenida, el director del DIF Atizap\u00e1n, Francisco Ledesma Llaca, inform\u00f3 que en el municipio habitan cerca de 75 mil adultos mayores y destac\u00f3 que el compromiso de la alcaldesa Ruth Olvera Nieto es mejorar su calidad de vida a trav\u00e9s de acciones que promuevan su salud integral y fomenten su independencia.<\/p>\n<p>\u201cEl compromiso de nuestra presidenta Ruth Olvera es que ustedes que est\u00e1n aqu\u00ed, hagan voz para que todos los adultos mayores de Atizap\u00e1n tengan m\u00e1s utilidades y se integren al equipo, a esta familia que se origina en las cinco \u201cCasas de D\u00eda\u201d y los 19 Clubes de la Tercera Edad del DIF municipal\u201d.<\/p>\n","protected":false},"excerpt":{"rendered":"<p>En un ambiente de m\u00fasica y alegr\u00eda, m\u00e1s de mil 600 personas de la tercera edad celebraron la \u201cFiesta del Adulto Mayor 2019\u201d que el Sistema Municipal DIF Atizap\u00e1n realiz\u00f3 en su honor en el Teatro Zaragoza.<\/p>\n","protected":false},"author":3,"featured_media":448235,"comment_status":"open","ping_status":"open","sticky":false,"template":"","format":"standard","meta":{"_monsterinsights_skip_tracking":false,"_monsterinsights_sitenote_active":false,"_monsterinsights_sitenote_note":"","_monsterinsights_sitenote_category":0,"footnotes":""},"categories":[5],"tags":[969,2954,43675],"class_list":["post-448161","post","type-post","status-publish","format-standard","has-post-thumbnail","hentry","category-estado-de-mexico","tag-atizapan","tag-dif","tag-estado-de-mexico"],"_links":{"self":[{"href":"https:\/\/www.diarioimagen.net\/index.php?rest_route=\/wp\/v2\/posts\/448161","targetHints":{"allow":["GET"]}}],"collection":[{"href":"https:\/\/www.diarioimagen.net\/index.php?rest_route=\/wp\/v2\/posts"}],"about":[{"href":"https:\/\/www.diarioimagen.net\/index.php?rest_route=\/wp\/v2\/types\/post"}],"author":[{"embeddable":true,"href":"https:\/\/www.diarioimagen.net\/index.php?rest_route=\/wp\/v2\/users\/3"}],"replies":[{"embeddable":true,"href":"https:\/\/www.diarioimagen.net\/index.php?rest_route=%2Fwp%2Fv2%2Fcomments&post=448161"}],"version-history":[{"count":0,"href":"https:\/\/www.diarioimagen.net\/index.php?rest_route=\/wp\/v2\/posts\/448161\/revisions"}],"wp:featuredmedia":[{"embeddable":true,"href":"https:\/\/www.diarioimagen.net\/index.php?rest_route=\/wp\/v2\/media\/448235"}],"wp:attachment":[{"href":"https:\/\/www.diarioimagen.net\/index.php?rest_route=%2Fwp%2Fv2%2Fmedia&parent=448161"}],"wp:term":[{"taxonomy":"category","embeddable":true,"href":"https:\/\/www.diarioimagen.net\/index.php?rest_route=%2Fwp%2Fv2%2Fcategories&post=448161"},{"taxonomy":"post_tag","embeddable":true,"href":"https:\/\/www.diarioimagen.net\/index.php?rest_route=%2Fwp%2Fv2%2Ftags&post=448161"}],"curies":[{"name":"wp","href":"https:\/\/api.w.org\/{rel}","templated":true}]}}