{"id":448163,"date":"2019-10-29T00:01:45","date_gmt":"2019-10-29T06:01:45","guid":{"rendered":"https:\/\/www.diarioimagen.net\/?p=448163"},"modified":"2019-10-29T06:37:21","modified_gmt":"2019-10-29T12:37:21","slug":"invierten-en-obras-de-impacto-en-tultitlan","status":"publish","type":"post","link":"https:\/\/www.diarioimagen.net\/?p=448163","title":{"rendered":"Invierten en obras de impacto en Tultitl\u00e1n"},"content":{"rendered":"<ul>\n<li><strong><em>Plan estrat\u00e9gico anual 2019<\/em><\/strong><\/li>\n<\/ul>\n<p>&nbsp;<\/p>\n<p><strong><a href=\"https:\/\/www.diarioimagen.net\/?attachment_id=448237\" rel=\"attachment wp-att-448237\"><img loading=\"lazy\" decoding=\"async\" class=\"alignleft  wp-image-448237\" src=\"https:\/\/www.diarioimagen.net\/wp-content\/uploads\/2019\/10\/TULTITLAN-.jpg\" alt=\"\" width=\"300\" height=\"199\" srcset=\"https:\/\/www.diarioimagen.net\/wp-content\/uploads\/2019\/10\/TULTITLAN-.jpg 400w, https:\/\/www.diarioimagen.net\/wp-content\/uploads\/2019\/10\/TULTITLAN--240x159.jpg 240w\" sizes=\"auto, (max-width: 300px) 100vw, 300px\" \/><\/a>Tultitl\u00e1n, Estado de M\u00e9xico<\/strong>.- Como parte del plan estrat\u00e9gico anual de obras 2019 en conjunto con el Programa de Acciones para el Desarrollo, destinan recursos a acciones de alto impacto que beneficien a miles de tultitlenses y ciudadanos que transitan por la demarcaci\u00f3n, la actual gesti\u00f3n presidida por Elena Garc\u00eda Mart\u00ednez en coordinaci\u00f3n con el gobierno estatal, llevan a cabo diversas obras de infraestructura\u00a0 hidr\u00e1ulica para el eficaz manejo de aguas pluviales en el municipio.<\/p>\n<p>La mandataria resalt\u00f3 que este es un recurso estatal denominado PAD y el objetivo de emplearlo en este tipo de obras es aminorar las inundaciones sobre la v\u00eda Jos\u00e9 L\u00f3pez Portillo y colonias aleda\u00f1as manifestando la importancia de que el gobierno municipal invierta en mejorar y ampliar diversos proyectos.<\/p>\n<p>Destac\u00f3 que en el \u00faltimo trimestre del primer a\u00f1o de gobierno se est\u00e1 llevando a cabo el encajonamiento del puente Clouthier al dren Cartagena y la construcci\u00f3n de encajonamiento con el cruce con las v\u00edas de ferrocarril y pr\u00f3ximamente se har\u00e1 el encajonamiento del dren que corre paralelo a las v\u00edas del ferrocarril y encajonamiento del canal Buenavista en el cruce con la v\u00eda Jos\u00e9 L\u00f3pez Portillo.<\/p>\n<p>De igual manera apunt\u00f3 que el a\u00f1o entrante, como parte del proyecto integral, se contemplar\u00e1 el mejoramiento de red de drenaje sanitario en otras colonias y se construir\u00e1n presas de gavi\u00f3n a las alturas de la Sierra de Guadalupe para que las aguas pluviales se concentran en la zona alta y no bajen hasta la avenida Jos\u00e9 L\u00f3pez Portillo donde las inundaciones son severas.<\/p>\n<p>Garc\u00eda Mart\u00ednez reiter\u00f3 su compromiso en entregar obras de calidad en tiempo y forma y cada uno de los recursos que se destinan al municipio son totalmente transparentes para las y los tultitlenses.<\/p>\n","protected":false},"excerpt":{"rendered":"<p>Como parte del plan estrat\u00e9gico anual de obras 2019 en conjunto con el Programa de Acciones para el Desarrollo, destinan recursos a acciones de alto impacto que beneficien a miles de tultitlenses y ciudadanos que transitan por la demarcaci\u00f3n, la actual gesti\u00f3n presidida por Elena Garc\u00eda Mart\u00ednez en coordinaci\u00f3n con el gobierno estatal, llevan a cabo diversas obras de infraestructura\u00a0 hidr\u00e1ulica para el eficaz manejo de aguas pluviales en el municipio.<\/p>\n","protected":false},"author":3,"featured_media":448237,"comment_status":"open","ping_status":"open","sticky":false,"template":"","format":"standard","meta":{"_monsterinsights_skip_tracking":false,"_monsterinsights_sitenote_active":false,"_monsterinsights_sitenote_note":"","_monsterinsights_sitenote_category":0,"footnotes":""},"categories":[5],"tags":[43675,47787,24244,578],"class_list":["post-448163","post","type-post","status-publish","format-standard","has-post-thumbnail","hentry","category-estado-de-mexico","tag-estado-de-mexico","tag-impacto","tag-obra","tag-tultitlan"],"_links":{"self":[{"href":"https:\/\/www.diarioimagen.net\/index.php?rest_route=\/wp\/v2\/posts\/448163","targetHints":{"allow":["GET"]}}],"collection":[{"href":"https:\/\/www.diarioimagen.net\/index.php?rest_route=\/wp\/v2\/posts"}],"about":[{"href":"https:\/\/www.diarioimagen.net\/index.php?rest_route=\/wp\/v2\/types\/post"}],"author":[{"embeddable":true,"href":"https:\/\/www.diarioimagen.net\/index.php?rest_route=\/wp\/v2\/users\/3"}],"replies":[{"embeddable":true,"href":"https:\/\/www.diarioimagen.net\/index.php?rest_route=%2Fwp%2Fv2%2Fcomments&post=448163"}],"version-history":[{"count":0,"href":"https:\/\/www.diarioimagen.net\/index.php?rest_route=\/wp\/v2\/posts\/448163\/revisions"}],"wp:featuredmedia":[{"embeddable":true,"href":"https:\/\/www.diarioimagen.net\/index.php?rest_route=\/wp\/v2\/media\/448237"}],"wp:attachment":[{"href":"https:\/\/www.diarioimagen.net\/index.php?rest_route=%2Fwp%2Fv2%2Fmedia&parent=448163"}],"wp:term":[{"taxonomy":"category","embeddable":true,"href":"https:\/\/www.diarioimagen.net\/index.php?rest_route=%2Fwp%2Fv2%2Fcategories&post=448163"},{"taxonomy":"post_tag","embeddable":true,"href":"https:\/\/www.diarioimagen.net\/index.php?rest_route=%2Fwp%2Fv2%2Ftags&post=448163"}],"curies":[{"name":"wp","href":"https:\/\/api.w.org\/{rel}","templated":true}]}}