{"id":448200,"date":"2019-10-29T00:08:33","date_gmt":"2019-10-29T06:08:33","guid":{"rendered":"https:\/\/www.diarioimagen.net\/?p=448200"},"modified":"2019-10-29T04:18:35","modified_gmt":"2019-10-29T10:18:35","slug":"el-ultimo-vuelo-de-franco","status":"publish","type":"post","link":"https:\/\/www.diarioimagen.net\/?p=448200","title":{"rendered":"El \u00faltimo vuelo de Franco"},"content":{"rendered":"<h2>Detr\u00e1s del Poder<\/h2>\n<h5>Jos\u00e9 Antonio L\u00f3pez Sosa<\/h5>\n<p>&nbsp;<\/p>\n<p><strong>Marrakech, Marruecos<\/strong>.- Ayer sucedi\u00f3 la controvertida exhumaci\u00f3n de los restos de Francisco Franco en Espa\u00f1a. Para algunos se trat\u00f3 de un hecho de justicia hist\u00f3rica, para otros una irrelevancia dentro de las verdaderas necesidades de Espa\u00f1a, pero finalmente el hecho se consum\u00f3 y el fallecido dictador espa\u00f1ol, no tendr\u00e1 m\u00e1s un lugar de honor luego de su muerte.<\/p>\n<p>El debate con relaci\u00f3n a si se debi\u00f3 o no sacar a Franco de su tumba sigue vivo, con argumentos v\u00e1lidos de un lado y del otro con el aderezo de los radicalismos principalmente vistos en las redes sociales.<\/p>\n<p>Lo que llama la atenci\u00f3n, es la cantidad de gente que evoca los tiempos de la dictadura y quienes fueron a rendirle honores a Franco en el lugar donde sacaron y re inhumaron sus restos.<\/p>\n<p>El \u00faltimo vuelo de Franco dej\u00f3 ver una Espa\u00f1a dividida, una naci\u00f3n donde una parte de sus ciudadanos echa de menos la dictadura y considera que aquel r\u00e9gimen que termin\u00f3 en 1975, es mejor que la democracia que desde la muerte de Franco comenz\u00f3 a gestarse.<\/p>\n<p>Estos brotes radicales, son los que han llevado a personajes como Bolsonaro en Brasil o Trump en los Estados Unidos al poder. Estos brotes radicales dan muestra de una falta de memoria hist\u00f3rica y el desarrollo de la ultraderecha no solo en Espa\u00f1a, sino en Europa entera.<\/p>\n<p>Lo que queda decir es, \u00bfFranco merec\u00eda tener un monumento?, no; \u00bfalgo gana Espa\u00f1a con haber sacado a Franco de su tumba?, no; \u00bfdistrajo la atenci\u00f3n mundial este hecho? s\u00ed; \u00bflos espa\u00f1oles han sanado las heridas de la dictadura? no.<\/p>\n<p>Espa\u00f1a tiene mucho que trabajar en sanar sus viejas heridas que volvieron a mostrarse.<\/p>\n<p><em><a href=\"http:\/\/www.lopezsosa.com\" target=\"_blank\" rel=\"noopener noreferrer\">www.lopezsosa.com<\/a><\/em><br \/>\n<em><a href=\"mailto:joseantonio@lopezsosa.com\" target=\"_blank\" rel=\"noopener noreferrer\">joseantonio@lopezsosa.com<\/a><\/em><br \/>\n<em><a href=\"http:\/\/twitter.com\/joseantonio1977\" target=\"_blank\" rel=\"noopener noreferrer\">@joseantonio1977<\/a><\/em><\/p>\n","protected":false},"excerpt":{"rendered":"<p><span style=\"color: #005497;\"><strong>Jos\u00e9 Antonio L\u00f3pez Sosa<\/strong><\/span><\/p>\n","protected":false},"author":3,"featured_media":0,"comment_status":"open","ping_status":"open","sticky":false,"template":"","format":"standard","meta":{"_monsterinsights_skip_tracking":false,"_monsterinsights_sitenote_active":false,"_monsterinsights_sitenote_note":"","_monsterinsights_sitenote_category":0,"footnotes":""},"categories":[637],"tags":[638,43690,43674],"class_list":["post-448200","post","type-post","status-publish","format-standard","hentry","category-jose-antonio-lopez-sosa","tag-detras-del-poder","tag-jose-antonio-lopez-sosa","tag-opinion"],"_links":{"self":[{"href":"https:\/\/www.diarioimagen.net\/index.php?rest_route=\/wp\/v2\/posts\/448200","targetHints":{"allow":["GET"]}}],"collection":[{"href":"https:\/\/www.diarioimagen.net\/index.php?rest_route=\/wp\/v2\/posts"}],"about":[{"href":"https:\/\/www.diarioimagen.net\/index.php?rest_route=\/wp\/v2\/types\/post"}],"author":[{"embeddable":true,"href":"https:\/\/www.diarioimagen.net\/index.php?rest_route=\/wp\/v2\/users\/3"}],"replies":[{"embeddable":true,"href":"https:\/\/www.diarioimagen.net\/index.php?rest_route=%2Fwp%2Fv2%2Fcomments&post=448200"}],"version-history":[{"count":0,"href":"https:\/\/www.diarioimagen.net\/index.php?rest_route=\/wp\/v2\/posts\/448200\/revisions"}],"wp:attachment":[{"href":"https:\/\/www.diarioimagen.net\/index.php?rest_route=%2Fwp%2Fv2%2Fmedia&parent=448200"}],"wp:term":[{"taxonomy":"category","embeddable":true,"href":"https:\/\/www.diarioimagen.net\/index.php?rest_route=%2Fwp%2Fv2%2Fcategories&post=448200"},{"taxonomy":"post_tag","embeddable":true,"href":"https:\/\/www.diarioimagen.net\/index.php?rest_route=%2Fwp%2Fv2%2Ftags&post=448200"}],"curies":[{"name":"wp","href":"https:\/\/api.w.org\/{rel}","templated":true}]}}