{"id":448206,"date":"2019-10-29T00:08:10","date_gmt":"2019-10-29T06:08:10","guid":{"rendered":"https:\/\/www.diarioimagen.net\/?p=448206"},"modified":"2019-10-29T04:24:49","modified_gmt":"2019-10-29T10:24:49","slug":"veloz-arranque-de-obras-en-santa-lucia","status":"publish","type":"post","link":"https:\/\/www.diarioimagen.net\/?p=448206","title":{"rendered":"Veloz arranque de obras en Santa Luc\u00eda"},"content":{"rendered":"<h2>Clase Pol\u00edtica<\/h2>\n<h5>Miguel \u00c1ngel Rivera<\/h5>\n<p>&nbsp;<\/p>\n<p>O los trabajos de acondicionamiento de la terminal a\u00e9rea de Santa Luc\u00eda iniciaron antes del anuncio oficial o los ingenieros militares mexicanos est\u00e1n decididos a dar una muestra de eficiencia con esa obra.<\/p>\n<p>La verdad, para los ne\u00f3fitos en la materia, resulta sorpresivo el video presentado por el presidente Andr\u00e9s Manuel L\u00f3pez Obrador en su conferencia ma\u00f1anera de inicio de semana, pues all\u00ed se aprecian avances en las obras de una pista y en lo que ser\u00e1n la terminal de pasajeros, la terminal de combustibles, la torre de control y el estacionamiento.<\/p>\n<p>Lo m\u00e1s notable del caso es que el primer mandatario \u00a0present\u00f3 el video a s\u00f3lo diez d\u00edas de que se iniciaron los trabajos, lo cual quiere decir que las tomas se realizaron d\u00edas antes, pues el jefe del Ejecutivo estuvo de gira durante el fin de semana.<\/p>\n<p>Esto lleva a expresar un reconocimiento a los ingenieros militares, extensiva a la tropa encargada de las tareas m\u00e1s pesadas.<\/p>\n<p>Pero tal vez la sorpresa no deber\u00eda ser tanta, pues esos cuerpos de constructores de las fuerzas armadas est\u00e1n entrenados para trabajar intensamente inclusive en las condiciones m\u00e1s adversas. En casos extremos, que afortunadamente el ej\u00e9rcito mexicano no ha enfrentado desde hace muchos a\u00f1os, deben construir instalaciones, crear aeropuertos, tender puentes y carreteras bajo el ataque de enemigos.<\/p>\n<p>A lo que s\u00ed est\u00e1n acostumbrados los ingenieros militares y sus cuadrillas es a trabajar en adversas condiciones clim\u00e1ticas. Pr\u00e1cticamente todos los a\u00f1os tenemos oportunidad de conocer de sus habilidades y sus capacidades para ayudar a la poblaci\u00f3n civil en casos de desastres por fen\u00f3menos naturales como terremotos, inundaciones y otros similares.<\/p>\n<p>Con el llamado Plan DN-III los militares no s\u00f3lo deben realizar obras materiales de todo tipo, sino que, adem\u00e1s, deben procurar refugio para los damnificados y darles de comer.<\/p>\n<p>Soy de los convencidos de que cancelar el aeropuerto internacional de Texcoco fue una decisi\u00f3n equivocada, pero si los ingenieros militares mantienen el paso y logran terminar la nueva terminal a\u00e9rea en 2022, como lo prometi\u00f3 el presidente L\u00f3pez Obrador, sin duda ser\u00e1n acreedores de un reconocimiento general. Por lo pronto van acompa\u00f1ados con buenos deseos de que esa obra resulte positiva y sirva para aliviar la saturaci\u00f3n que actualmente afecta al aeropuerto internacional de la Ciudad de M\u00e9xico.<\/p>\n<p>Por lo pronto, el avance de las obras sirvi\u00f3 al presidente para justificar su decisi\u00f3n de cancelar el aeropuerto de Texcoco y para hacer propaganda en favor de su gobierno.<\/p>\n<p>En su conferencia ma\u00f1anera destac\u00f3 que en Santa Luc\u00eda se construye sobre suelo firme y no fango (como en Texcoco le falt\u00f3 decir). \u00a0\u201cY ah\u00ed queda eso\u201d, afirm\u00f3 el primer mandatario, quien en referencia a sus cr\u00edticos a\u00f1adi\u00f3: \u201cEs para decirles, suave, suave, \u2018tengan para que aprendan\u2019\u201d.<\/p>\n<p style=\"text-align: center;\"><strong>Grave ca\u00edda de PEMEX y pron\u00f3sticos negativos para la econom\u00eda nacional<\/strong><\/p>\n<p>Por desgracia, no todo fueron buenas noticias para el presidente L\u00f3pez Obrador y para el pa\u00eds. Los malos augurios en torno a la evoluci\u00f3n de la econom\u00eda se mantienen en t\u00e9rminos negativos.<\/p>\n<p>Para empezar, Petr\u00f3leos Mexicanos (PEMEX) report\u00f3 que en el tercer trimestre del a\u00f1o registr\u00f3 una p\u00e9rdida neta de 87.9 mil millones de pesos, comparada con el rendimiento obtenido en igual lapso de 2018, de 26.8 mil millones de pesos.<\/p>\n<p>Al dar a conocer los resultados financieros, la petrolera se\u00f1al\u00f3 que en el tercer trimestre del a\u00f1o sus ventas disminuyeron 20.2 por ciento en comparaci\u00f3n con 2018, debido principalmente a una baja de 19.6 por ciento en las ventas nacionales y de 21.9 por ciento en las ventas externas.<\/p>\n<p>\u201cLas variables m\u00e1s importantes que explican esta situaci\u00f3n son la ca\u00edda del precio de la mezcla mexicana de exportaci\u00f3n; menores precios de referencia de gasolinas y di\u00e9sel; y la disminuci\u00f3n en vol\u00famenes de ventas nacionales y de exportaci\u00f3n\u201d.<\/p>\n<p>Del lado positivo, la empresa petrolera nacional inform\u00f3 que su deuda financiera disminuy\u00f3 6.1 por ciento comparada con el cierre de 2018, debido principalmente al prepago de deuda que se llev\u00f3 a cabo en el trimestre, como resultado de la operaci\u00f3n de manejo de pasivos realizada, para terminar en un bill\u00f3n 956.2 mil millones de pesos.<\/p>\n<p>En el periodo mencionado, la producci\u00f3n total de crudo y condensados fue de un mill\u00f3n 694 mil barriles diarios, lo que representa una disminuci\u00f3n de 122 mil barriles respecto al mismo trimestre de 2018.<\/p>\n<p>Las exportaciones de crudo cayeron 129,000 barriles, debido a una menor producci\u00f3n de petr\u00f3leo y por el aumento en la refinaci\u00f3n, que requiri\u00f3 de m\u00e1s barriles de crudo para las refiner\u00edas de PEMEX. La compa\u00f1\u00eda obtuvo un margen variable de refinaci\u00f3n de 1.6 d\u00f3lares por barril, una ca\u00edda frente a los 4.87 d\u00f3lares de hace un a\u00f1o, aunque una mejora frente a los 0.99 d\u00f3lares que perdi\u00f3 en el segundo trimestre de este 2019.<\/p>\n<p>Como dicen que las malas noticias no vienen solas, el vicegobernador del Banco de M\u00e9xico (BANXICO), Jonathan Heath, coment\u00f3 que existe una \u201celevada probabilidad\u201d de que la econom\u00eda se contraiga en el tercer trimestre del a\u00f1o. \u201cDesafortunadamente, las cifras de comercio exterior adelantan la posibilidad de que la actividad econ\u00f3mica de septiembre tenga una tasa negativa respecto al mes anterior, por lo que existe una elevada probabilidad de que el PIB del tercer trimestre termine en terreno negativo\u201d, escribi\u00f3 Heath en su cuenta de Twitter.<\/p>\n<p>Las dudas se aclarar\u00e1n ma\u00f1ana, mi\u00e9rcoles, cuando el Instituto Nacional de Estad\u00edstica y Geograf\u00eda (INEGI) de a conocer la estimaci\u00f3n del Producto Interno Bruto (PIB) correspondiente al tercer trimestre del 2019.<\/p>\n<p>En el terreno legislativo, habr\u00e1 noticias este martes, pues las comisiones unidas de Derechos Humanos y de Justicia del Senado elegir\u00e1n a la terna de candidatos para la presidencia de la Comisi\u00f3n Nacional de Derechos Humanos (CNDH).<\/p>\n<p>La tarea no es f\u00e1cil, pues como ya hemos comentado, se inscribieron un total de 57 juristas y defensores de los derechos humanos para ocupar ese cargo que deja vacante Luis Ra\u00fal Gonz\u00e1lez P\u00e9rez, quien tiene derecho a reelegirse un periodo m\u00e1s, pero opt\u00f3 por dejar la posici\u00f3n, luego de cr\u00edticas del presidente L\u00f3pez Obrador contra la actuaci\u00f3n de es organismo aut\u00f3nomo.<\/p>\n<p>La ley obliga al Senado a decidir el nombre de la o el sucesor a m\u00e1s tardar el 31 de noviembre, inform\u00f3 Kenia L\u00f3pez Rabad\u00e1n, presidente de la Comisi\u00f3n de Derechos Humanos del Senado.<\/p>\n<p>La terna deber\u00e1 ser presentada ante el pleno del Senado, que deber\u00e1 elegir mediante votaci\u00f3n calificada, es decir, m\u00e1s de las dos terceras partes de los legisladores presentes.<\/p>\n<p>De acuerdo con las normas vigentes, el Senado tiene hasta el 31 de octubre para decidir qui\u00e9n encabezar\u00e1 la CNDH, pero si no lo hace, no est\u00e1 prevista sanci\u00f3n alguna.<\/p>\n<p style=\"text-align: center;\"><strong>Aplazada, la legalizaci\u00f3n de la mariguana<\/strong><\/p>\n<p>Debido a presiones de diversas organizaciones de nuestra sociedad, el Senado tuvo que cancelar, o por lo menos, aplazar el proceso para aprobar la legalizaci\u00f3n del uso de la mariguana con fines l\u00fadicos.<\/p>\n<p>La decisi\u00f3n de diferir la votaci\u00f3n para esa reforma, que en principio estaba programada para esta misma semana, fue confirmada por el coordinador de la bancada mayoritaria de MORENA y presidente de la Junta de Coordinaci\u00f3n Pol\u00edtica (JUCOPO) del Senado, Ricardo Monreal \u00c1vila.<\/p>\n<p>El legislador manifest\u00f3 confianza en que esa reforma ser\u00e1 aprobada este mismo a\u00f1o, pero no a la brevedad, como se planeaba en un principio.<\/p>\n<p>La anunciada Ley para la Regulaci\u00f3n del Marihuana para uso l\u00fadico o recreativo \u2013 autorizar\u00eda el aumento en el gramaje para los usuarios del 5 a 28, as\u00ed como la incorporaci\u00f3n de campesinos\u00a0 a la siembra de esta yerba\u00a0 para regular el mercado negro que utilizan los carteles de la droga y grupos criminales.<\/p>\n<p>En la iniciativa se incluye la propuesta de crear el Instituto Mexicano del Cannabis, organismo que ser\u00eda el responsable de otorgar las licitaciones y permisos para toda la cadena de siembra, producci\u00f3n, comercializaci\u00f3n y venta al\u00a0 consumidor final. Al explicar la decisi\u00f3n de posponer el debate para la legalizaci\u00f3n del consumo de ese enervante, Monreal manifest\u00f3:<\/p>\n<p>\u201cLo voy a detener un poco\u2026vamos a intentar hacer una ley sin precipitaci\u00f3n, porque alrededor de ella se han desatado muchos intereses, econ\u00f3micos y sociales y quisiera hacer bien las cosas\u201d.<\/p>\n<p>En particular, dijo que la conducci\u00f3n del proceso se concentrar\u00e1 en la Jucopo.<\/p>\n<p><em><a href=\"mailto:riverapaz@infinitummail.com\" target=\"_blank\" rel=\"noopener noreferrer\">riverapaz@infinitummail.com<\/a><\/em>\u00ad<\/p>\n","protected":false},"excerpt":{"rendered":"<p><span style=\"color: #005497;\"><strong>Miguel \u00c1ngel Rivera<\/strong><\/span><\/p>\n","protected":false},"author":3,"featured_media":0,"comment_status":"open","ping_status":"open","sticky":false,"template":"","format":"standard","meta":{"_monsterinsights_skip_tracking":false,"_monsterinsights_sitenote_active":false,"_monsterinsights_sitenote_note":"","_monsterinsights_sitenote_category":0,"footnotes":""},"categories":[84119],"tags":[84120,84121,43674],"class_list":["post-448206","post","type-post","status-publish","format-standard","hentry","category-miguel-angel-rivera","tag-clase-politica","tag-miguel-angel-rivera","tag-opinion"],"_links":{"self":[{"href":"https:\/\/www.diarioimagen.net\/index.php?rest_route=\/wp\/v2\/posts\/448206","targetHints":{"allow":["GET"]}}],"collection":[{"href":"https:\/\/www.diarioimagen.net\/index.php?rest_route=\/wp\/v2\/posts"}],"about":[{"href":"https:\/\/www.diarioimagen.net\/index.php?rest_route=\/wp\/v2\/types\/post"}],"author":[{"embeddable":true,"href":"https:\/\/www.diarioimagen.net\/index.php?rest_route=\/wp\/v2\/users\/3"}],"replies":[{"embeddable":true,"href":"https:\/\/www.diarioimagen.net\/index.php?rest_route=%2Fwp%2Fv2%2Fcomments&post=448206"}],"version-history":[{"count":0,"href":"https:\/\/www.diarioimagen.net\/index.php?rest_route=\/wp\/v2\/posts\/448206\/revisions"}],"wp:attachment":[{"href":"https:\/\/www.diarioimagen.net\/index.php?rest_route=%2Fwp%2Fv2%2Fmedia&parent=448206"}],"wp:term":[{"taxonomy":"category","embeddable":true,"href":"https:\/\/www.diarioimagen.net\/index.php?rest_route=%2Fwp%2Fv2%2Fcategories&post=448206"},{"taxonomy":"post_tag","embeddable":true,"href":"https:\/\/www.diarioimagen.net\/index.php?rest_route=%2Fwp%2Fv2%2Ftags&post=448206"}],"curies":[{"name":"wp","href":"https:\/\/api.w.org\/{rel}","templated":true}]}}