{"id":448212,"date":"2019-10-29T00:03:57","date_gmt":"2019-10-29T06:03:57","guid":{"rendered":"https:\/\/www.diarioimagen.net\/?p=448212"},"modified":"2019-10-29T04:26:29","modified_gmt":"2019-10-29T10:26:29","slug":"un-nuevo-judas","status":"publish","type":"post","link":"https:\/\/www.diarioimagen.net\/?p=448212","title":{"rendered":"Un nuevo judas"},"content":{"rendered":"<h2>Folclor urbano<\/h2>\n<h5>Salvador Estrada<\/h5>\n<p>&nbsp;<\/p>\n<p>Los trabajadores de los hospitales capitalinos se preparan para vivir un nuevo proceso electoral, a fines del pr\u00f3ximo mes, y ya est\u00e1n listos para las campa\u00f1as de proselitismo.<\/p>\n<p>Jos\u00e9 Carre\u00f3n, el actual dirigente quiere la reelecci\u00f3n para cubrir su mal expediente, seg\u00fan dicen los trabajadores, quienes han puesto su esperanza de mejorar las condiciones generales de trabajo en su compa\u00f1ero \u00a0Alejandro Mayen.<\/p>\n<p>En la ciudad de M\u00e9xico existen 42 hospitales en donde laboran \u00a09 mil \u00a0107 empleados entre enfermeras y administrativos, quienes ir\u00e1n a las urnas el pr\u00f3ximo 26 de noviembre.<\/p>\n<p>Mayen tiene veinticinco a\u00f1os de laborar en el administrativo y conoce bien el movimiento de los hospitales por lo cual los trabajadores lo lanzaron a la lucha sindical para que los represente y se termine el autoritarismo de Carre\u00f3n que se ha apoderado del deportivo 18 de marzo para manejar a su antojo las mensualidades que pagan los trabajadores.<\/p>\n<p>El candidato Mayen en su programa de trabajo se\u00f1ala la necesidad de m\u00e1s plazas para las enfermeras, que son extraordinarias en su labor en todos los hospitales, porque va en aumento el n\u00famero de pacientes y ellas hacen su trabajo con mucha entrega y les dan, como dijo el Papa, cari\u00f1o terapia.<\/p>\n<p>La capacitaci\u00f3n del personal, es otra de las demandas que tiene Mayen que plantear a las autoridades del Distrito Federal para que las enfermeras y los administrativos \u201csepan m\u00e1s para servir mejor\u201d .<\/p>\n<p>La labor que ha realizado Jos\u00e9 Carre\u00f3n, actual dirigente ya fue \u00a0calificada de corrupta por la base trabajadora que, hartos de su mal proceder, tienen plena confianza en Alejandro Mayen para que ejerza un \u00a0nuevo liderazgo que beneficie a los trabajadores y no para beneficiarse con ellos como lo ha hecho Carre\u00f3n por lo cual no quieren que siga manejando la secci\u00f3n por otro cuatro a\u00f1os m\u00e1s porque ya lleva ocho.<\/p>\n<p>Y dan a conocer que Carre\u00f3n para \u201casegurar otro periodo de cuatro a\u00f1os m\u00e1s al frente de la secci\u00f3n doce\u201d anda comprando votos porque regala electrodom\u00e9sticos violando as\u00ed el proceso electoral.<\/p>\n<p>Para las elecciones del 26 de noviembre se van a registrar, el 16 de ese mes, Carre\u00f3n, Alejandro Mayen y \u00a0\u00a0\u201cpara taparle el ojo al macho\u201d \u00a0\u2014-por aquello de la paridad\u2014 Marta Malag\u00f3n, a quien Carre\u00f3n, dicen los trabajadores, le pagar\u00e1 la campa\u00f1a para que haga mal obra.<\/p>\n<p>Los trabajadores de la secci\u00f3n doce del Sindicato de Trabajadores del Gobierno de la Ciudad \u00a0de M\u00e9xico acusan a Carre\u00f3n de \u201cconvertirse en cacique\u201d y quiere \u00a0la \u00a0segunda reelecci\u00f3n porque en esa secci\u00f3n ha encontrado \u201cuna mina de oro\u201d<\/p>\n<p>Explican que ya no es dirigente laboral, sino empresario que con dinero de la cuotas sindicales se hizo due\u00f1o de una empresa privada que la impuso a los directivos de los hospitales para que contrataran los servicios de limpieza en los 33 que tiene salubridad, las cinco unidades m\u00e9dicas que existen en los reclusorios, dos hospitales toxicol\u00f3gicos y dos oficinas centrales.<\/p>\n<p>Adem\u00e1s, cuentan, molestos, que Carre\u00f3n traicion\u00f3 a Juan Ayala, para que dejara la secretar\u00eda general del Sindicato de Trabajadores del Gobierno Capitalino, por lo cual lo ven como un Judas, que traicion\u00f3 al Maestro por treinta monedas.<\/p>\n<p><em><a href=\"mailto:chavasec@yahoo.com.mx\" target=\"_blank\" rel=\"noopener noreferrer\">chavasec@yahoo.com.mx<\/a><\/em><\/p>\n","protected":false},"excerpt":{"rendered":"<p><span style=\"color: #005497;\"><strong>Salvador Estrada<\/strong><\/span><\/p>\n","protected":false},"author":3,"featured_media":0,"comment_status":"open","ping_status":"open","sticky":false,"template":"","format":"standard","meta":{"_monsterinsights_skip_tracking":false,"_monsterinsights_sitenote_active":false,"_monsterinsights_sitenote_note":"","_monsterinsights_sitenote_category":0,"footnotes":""},"categories":[41601],"tags":[41599,43674,41600],"class_list":["post-448212","post","type-post","status-publish","format-standard","hentry","category-salvador-estrada-opinion","tag-folclor-urbano","tag-opinion","tag-salvador-estrada"],"_links":{"self":[{"href":"https:\/\/www.diarioimagen.net\/index.php?rest_route=\/wp\/v2\/posts\/448212","targetHints":{"allow":["GET"]}}],"collection":[{"href":"https:\/\/www.diarioimagen.net\/index.php?rest_route=\/wp\/v2\/posts"}],"about":[{"href":"https:\/\/www.diarioimagen.net\/index.php?rest_route=\/wp\/v2\/types\/post"}],"author":[{"embeddable":true,"href":"https:\/\/www.diarioimagen.net\/index.php?rest_route=\/wp\/v2\/users\/3"}],"replies":[{"embeddable":true,"href":"https:\/\/www.diarioimagen.net\/index.php?rest_route=%2Fwp%2Fv2%2Fcomments&post=448212"}],"version-history":[{"count":0,"href":"https:\/\/www.diarioimagen.net\/index.php?rest_route=\/wp\/v2\/posts\/448212\/revisions"}],"wp:attachment":[{"href":"https:\/\/www.diarioimagen.net\/index.php?rest_route=%2Fwp%2Fv2%2Fmedia&parent=448212"}],"wp:term":[{"taxonomy":"category","embeddable":true,"href":"https:\/\/www.diarioimagen.net\/index.php?rest_route=%2Fwp%2Fv2%2Fcategories&post=448212"},{"taxonomy":"post_tag","embeddable":true,"href":"https:\/\/www.diarioimagen.net\/index.php?rest_route=%2Fwp%2Fv2%2Ftags&post=448212"}],"curies":[{"name":"wp","href":"https:\/\/api.w.org\/{rel}","templated":true}]}}