{"id":448219,"date":"2019-10-29T00:09:41","date_gmt":"2019-10-29T06:09:41","guid":{"rendered":"https:\/\/www.diarioimagen.net\/?p=448219"},"modified":"2019-10-29T04:30:40","modified_gmt":"2019-10-29T10:30:40","slug":"millonarias-secuelas-del-avionazo-de-murino","status":"publish","type":"post","link":"https:\/\/www.diarioimagen.net\/?p=448219","title":{"rendered":"Millonarias secuelas del avionazo de Muri\u00f1o"},"content":{"rendered":"<h2>Poder y dinero<\/h2>\n<h5>V\u00edctor S\u00e1nchez Ba\u00f1os<\/h5>\n<p>&nbsp;<\/p>\n<p style=\"text-align: right;\"><strong><em>El verso, por donde quiera que se quiebre, ha de dar luz y perfume<br \/>\n<\/em><\/strong><em>Jos\u00e9 Mart\u00ed, 1853-1895; pol\u00edtico<\/em><em>\u00a0y escritor cubano.<\/em><\/p>\n<p>&nbsp;<\/p>\n<p>#AvionazoMuri\u00f1o #FelipeCalder\u00f3n #V\u00edctimaColateral #11A\u00f1osSinJusticia #SCTseHacenPatos #NoPaganIndemnizaciones #Seneam #DGAC #FuentePresidencia #NoM\u00e1sEnviados #AccidenteSinResponsables #PrensaPagaSusGastos #IPADE #Zurich #CruzRoja<\/p>\n<p>&nbsp;<\/p>\n<p>Paul Henri Gim\u00e9nez de nacionalidad francesa, a las 18:40 del 4 de noviembre del 2008, sali\u00f3 de trabajar de las oficinas de HBO Ole, en Monte Pelvoux y Ferrocarril de Cuernavaca, en Lomas de Chapultepec. Con 33 a\u00f1os de edad, era coordinador de relaciones con afiliados en HBO Ole Martketing Services. Un mundo de proyectos en su futuro y pronto a casarse.<\/p>\n<p>A las 18:46 horas, mientras sal\u00eda de estacionamiento a bordo de su autom\u00f3vil, el avi\u00f3n LearJet 45, matr\u00edcula XC-VMC, propiedad de la Secretar\u00eda de Gobernaci\u00f3n, operada por Centro de servicios de Aviaci\u00f3n Ejecutiva, por el capital Jes\u00fas Oliva y el copiloto \u00c1lvaro S\u00e1nchez, se estrell\u00f3 a unos metros de donde se encontraba Paul y estall\u00f3 en llamas.<\/p>\n<p>En el avi\u00f3n viajaban el secretario de Gobernaci\u00f3n, Juan Camilo Muri\u00f1o y el exsubprocurador General de la Rep\u00fablica, Jos\u00e9 Luis Santiago Vasconcelos, entre otros funcionarios. Murieron los tripulantes del avi\u00f3n y varias personas que pasaban por el lugar. Paul, r\u00e1pidamente, mientras su auto se consum\u00eda por las llamas sali\u00f3 de \u00e9l. Sin embargo, tuvo quemaduras de segundo y tercer grado, en el 75% de su cuerpo que le dejaron secuelas y destrozaron su vida. El 90% de las quemaduras fueron de tercer grado. Por ello, fue trasladado al hospital general Manuel Gea Gonz\u00e1lez y de ah\u00ed al hospital \u00c1ngeles del Pedregal, donde estuvo internado 6 d\u00edas, pero debido a la gravedad de sus lesiones y quemaduras, fue enviado al Hospital Presbiteriano de Nueva York, especialista en quemaduras.<\/p>\n<p>A consecuencia del accidente, ha recibido injertos de piel que cubren 20 mil cent\u00edmetros cuadrados. Utilizaron su propia piel, as\u00ed como de cad\u00e1veres de otros cuerpos humanos. Adem\u00e1s, entre otras operaciones quir\u00fargicas, tuvieron que sustraer m\u00fasculos muertos de abdomen y pierna derecha. Ha sido sometido a 66 cirug\u00edas y otras para injertar piel, implantaron de filtros en sus arterias pulmonares, tubos de drenaje en su abdomen, traqueotom\u00edas y muchas operaciones m\u00e1s.<\/p>\n<p>La interminable lista de hospitales a los que ha acudido a terapias f\u00edsicas y ocupacionales, m\u00e1scaras de compresi\u00f3n par las cicatrices y el uso de pr\u00f3tesis y andaderas, es parte de su precario estado de salud que tiene Paul.<\/p>\n<p>El suplicio de esta v\u00edctima de ese accidente a\u00e9reo que, seg\u00fan la Secretar\u00eda de Comunicaciones y Transportes, se debi\u00f3 materialmente a la impericia y un error humano, es interminable.<\/p>\n<p>A 11 a\u00f1os del accidente que le destroz\u00f3 la vida, Paul Henri, tiempo en que se iniciaron acciones judiciales, lo que provoc\u00f3 sentencias los Tribunales Federal de Justicia Administrativa, Colegiados en Materia Administrativa y la misma Suprema Corte de Justicia, en contra de la SCT, SENEAM y la DGAC, no han cumplido. Fueron condenadas a la reparaci\u00f3n del da\u00f1o desde el gobierno de Enrique Pe\u00f1a Nieto y hasta la fecha \u201cvoluntariamente\u201d no quieren cumplir. Son \u00f3rdenes de la Cote y no se ve la fecha en que quieran aceptar la liquidaci\u00f3n de los da\u00f1os.<\/p>\n<p>Entre otras sentencias las instituciones federales est\u00e1n obligadas a pagar 35 millones de pesos por concepto de lucro cesante o da\u00f1os y perjuicios. Esta es una sentencia que qued\u00f3 como \u201ccosa juzgada\u201d desde el 20 de marzo de este a\u00f1o.<\/p>\n<p>Todo esto te lo platico en resumen de una carta que me envi\u00f3 Paul Enri desde Miami, en la que concluye: \u201cEs incre\u00edble la justicia en M\u00e9xico y m\u00e1s cuando se trata de acciones en contra de gobierno, cuando lejos de proteger a particulares, hacen todo por no cumplir con sus obligaciones, mucho menos con una sentencia ejecutoriada que inclusive fue avalada por la Suprema Corte de Justicia de la Naci\u00f3n. Entre la fecha del accidente y hoy, Paul ha tenido que enfrentar al Gobierno de Calder\u00f3n, de Pe\u00f1a Nieto y ahora al de L\u00f3pez Obrador, quien por conducto de la SCT, SENEAM y la DGAC, se han abstenido de dar cumplimiento a la sentencia\u201d.<\/p>\n<p>Y, definitivamente, tiene gran raz\u00f3n. No se trata de austeridad. Se trata de cumplir con la ley, aunque les duela el codo a los funcionarios p\u00fablicos.<\/p>\n<p><strong>PODEROSOS CABALLEROS<\/strong>: L\u00f3pez Obrador, insiste en que los medios nacionales no cubran sus giras de trabajo y que s\u00f3lo reciban informaci\u00f3n de los corresponsales. Esto, luego que la fuente de Presidencia de la Rep\u00fablica se quej\u00f3 de las malas condiciones con que manejan la log\u00edstica de los traslados y la forma en que los enviados a giras presidenciales, son transportados en veh\u00edculos con p\u00e9simas condiciones mec\u00e1nicas. El accidente del pasado fin de semana que dej\u00f3 10 reporteros lesionados, dos de ellos con heridas que fueron necesarias operaciones quir\u00fargicas, afortunadamente todos bien, marca la preocupaci\u00f3n de los reporteros. Pero debe quedar claro que son los medios informativos los que pagan sus gastos de transportaci\u00f3n, como ha ocurrido desde el sexenio de Vicente Fox, para las giras presidenciales. Incluso se pagaban gastos de hospedaje, transportaci\u00f3n e incluso alimentos en las giras en el avi\u00f3n presidencial. La fuente que viaja para cubrir las actividades del presidente, es necesaria para un medio de comunicaci\u00f3n; es la informaci\u00f3n de primera mano. No es un lujo. Es necesidad informativa para cumplir una misi\u00f3n cotidiana. Sabemos que la fuente le solicit\u00f3 al director de Comunicaci\u00f3n Social de Presidencia, Ram\u00edrez, que ellos alquilan los veh\u00edculos, pero que sea Presidencia la que \u00fanicamente ofrezca la log\u00edstica. As\u00ed no pagar\u00edan un s\u00f3lo centavo por el costo de transportaci\u00f3n de la Fuente. Sin embargo, la negativa ha sido sistem\u00e1tica. Quiz\u00e1, lo \u00fanico que har\u00edan los empleados de Presidencia y la Secretar\u00eda de Defensa Nacional, que tienen la responsabilidad de cuidar al Presidente, es reservar o alquilar los veh\u00edculos, hoteles y alimentos, a nombre de los medios de comunicaci\u00f3n que ser\u00edan los que pagar\u00edan al final de cuentas esos servicios. Algunas naciones as\u00ed lo hacen, incluso en Estados Unidos. En los socialistas, como Venezuela, Bolivia, Nicaragua, as\u00ed como Argentina, Brasil, Rusia y China, pagan todos los gastos de sus comitivas de prensa. Pero, eso no es lo que se pide. S\u00f3lo solicitan acceso a la informaci\u00f3n presidencial, al instante; apoyo para la seguridad de la Fuente de presidencia y evitar los accidentes, y, cuidar la integridad f\u00edsica de los reporteros. No es nada, materialmente. No se trata de preguntarle al presidente o de escuchar los discursos, sino captar y difundir la informaci\u00f3n del entorno para presentar informaci\u00f3n m\u00e1s cercana a la realidad total.<\/p>\n<p><strong>RESPONSABILIDAD SOCIAL CORPORATIVA<\/strong>: El Programa de Resiliencia ante Inundaciones, de Zurich M\u00e9xico y la Cruz Roja Mexicana, que recibieron el reconocimiento del Gobierno de la Rep\u00fablica, hicieron entrega del reconocimiento a los brigadistas que han brindado su apoyo a 20 comunidades desde que inici\u00f3 el programa en 2013. El Programa de Resiliencia ante Inundaciones consiste en una herramienta especializada en medici\u00f3n, dise\u00f1ada por el \u00e1rea de Ingenier\u00eda de Riesgos de Zurich y su objetivo principal es la prevenci\u00f3n y detecci\u00f3n de riesgos, a trav\u00e9s del entrenamiento continuo con comunidades ante eventos recurrentes por afectaciones climatol\u00f3gicas, como las inundaciones. Aide\u00e9 Zamorano Gonz\u00e1lez, Gerente de Sustentabilidad de Zurich M\u00e9xico, relat\u00f3 que algunos de los resultados del Programa de Resiliencia ante Inundaciones incluyen: 526 cursos de capacitaci\u00f3n a brigadistas de emergencia, conformaci\u00f3n de 20 brigadas locales, instalaci\u00f3n de 30 pluvi\u00f3metros y la creaci\u00f3n de 20 planes de Respuesta Comunitaria, entre otros.<\/p>\n<p>&nbsp;<\/p>\n<blockquote>\n<p style=\"text-align: right;\"><strong>Esc\u00fachame en MVS Radio (102.5 FM) de 21 a 22 hrs.<br \/>\nde lunes a viernes en Poder y Dinero.<\/strong><\/p>\n<\/blockquote>\n<p>&nbsp;<\/p>\n<p><a href=\"https:\/\/mvsnoticias.com\/\" target=\"_blank\" rel=\"noopener noreferrer\"><em>MVSnoticias.com<\/em><\/a><br \/>\n<a href=\"http:\/\/poderydinero.mx\" target=\"_blank\" rel=\"noopener noreferrer\"><em>poderydinero.mx<\/em><\/a><em><b><br \/>\n<\/b><a href=\"mailto:vsb@poderydinero.mx\" target=\"_blank\" rel=\"noopener noreferrer\">vsb@poderydinero.mx<\/a><a href=\"mailto:vsanchezb@gmail.com\" target=\"_blank\" rel=\"noopener noreferrer\"><br \/>\n<\/a><strong>Twitter:<\/strong><a href=\"https:\/\/twitter.com\/vsanchezbanos\" target=\"_blank\" rel=\"noopener noreferrer\">@vsanchezbanos<br \/>\n<\/a><strong>Facebook: <\/strong><a href=\"https:\/\/www.facebook.com\/vsanchezbanos?fref=ts\" target=\"_blank\" rel=\"noopener noreferrer\">vsanchezbanos<\/a><\/em><\/p>\n","protected":false},"excerpt":{"rendered":"<p><span style=\"color: #005497;\"><strong>V\u00edctor S\u00e1nchez Ba\u00f1os<\/strong><\/span><\/p>\n","protected":false},"author":3,"featured_media":0,"comment_status":"open","ping_status":"open","sticky":false,"template":"","format":"standard","meta":{"_monsterinsights_skip_tracking":false,"_monsterinsights_sitenote_active":false,"_monsterinsights_sitenote_note":"","_monsterinsights_sitenote_category":0,"footnotes":""},"categories":[38844],"tags":[43674,38847,38848],"class_list":["post-448219","post","type-post","status-publish","format-standard","hentry","category-victor-sanchez-banos","tag-opinion","tag-poder-y-dinero","tag-victor-sanchez-banos"],"_links":{"self":[{"href":"https:\/\/www.diarioimagen.net\/index.php?rest_route=\/wp\/v2\/posts\/448219","targetHints":{"allow":["GET"]}}],"collection":[{"href":"https:\/\/www.diarioimagen.net\/index.php?rest_route=\/wp\/v2\/posts"}],"about":[{"href":"https:\/\/www.diarioimagen.net\/index.php?rest_route=\/wp\/v2\/types\/post"}],"author":[{"embeddable":true,"href":"https:\/\/www.diarioimagen.net\/index.php?rest_route=\/wp\/v2\/users\/3"}],"replies":[{"embeddable":true,"href":"https:\/\/www.diarioimagen.net\/index.php?rest_route=%2Fwp%2Fv2%2Fcomments&post=448219"}],"version-history":[{"count":0,"href":"https:\/\/www.diarioimagen.net\/index.php?rest_route=\/wp\/v2\/posts\/448219\/revisions"}],"wp:attachment":[{"href":"https:\/\/www.diarioimagen.net\/index.php?rest_route=%2Fwp%2Fv2%2Fmedia&parent=448219"}],"wp:term":[{"taxonomy":"category","embeddable":true,"href":"https:\/\/www.diarioimagen.net\/index.php?rest_route=%2Fwp%2Fv2%2Fcategories&post=448219"},{"taxonomy":"post_tag","embeddable":true,"href":"https:\/\/www.diarioimagen.net\/index.php?rest_route=%2Fwp%2Fv2%2Ftags&post=448219"}],"curies":[{"name":"wp","href":"https:\/\/api.w.org\/{rel}","templated":true}]}}