{"id":448224,"date":"2019-10-29T00:17:47","date_gmt":"2019-10-29T06:17:47","guid":{"rendered":"https:\/\/www.diarioimagen.net\/?p=448224"},"modified":"2021-04-20T00:01:38","modified_gmt":"2021-04-20T05:01:38","slug":"morena-a-la-sombra-del-caudillo","status":"publish","type":"post","link":"https:\/\/www.diarioimagen.net\/?p=448224","title":{"rendered":"Morena, a la sombra del caudillo"},"content":{"rendered":"<h2>Caleidoscopio<\/h2>\n<h5>Guillermina G\u00f3mora Ord\u00f3\u00f1ez<\/h5>\n<p>&nbsp;<\/p>\n<p>Arrecian los golpes en el cuadril\u00e1tero del <strong>Movimiento de Regeneraci\u00f3n Nacional<\/strong> (<strong>Morena<\/strong>) Las diferencias en torno al m\u00e9todo de elecci\u00f3n del nuevo dirigente nacional del partido en el poder, confrontan a las tribus, exhiben su falta de identidad pol\u00edtica y su orfandad.<\/p>\n<p>S\u00ed, no saben qu\u00e9 hacer si no est\u00e1 el caudillo, el fundador del movimiento: <strong>Andr\u00e9s Manuel L\u00f3pez Obrador <\/strong>(AMLO). El que ya los amenaz\u00f3 con salirse si no se ponen de acuerdo, el que sugiri\u00f3 (orden\u00f3) renovar la dirigencia por una encuesta, mediante un acuerdo pol\u00edtico.<\/p>\n<p>Al m\u00e1s puro estilo de \u201cno se hagan bolas\u201d, les marco la pauta a seguir a los tres aspirantes:<\/p>\n<p><strong>Bertha Luj\u00e1n<\/strong>, compa\u00f1era de lucha que cuenta con el apoyo del operador de los padrones de los programas sociales, Gabriel Garc\u00eda; <strong>Yeidckol Polevnsky<\/strong>, actual secretaria, pragm\u00e1tica, y con el control de la m\u00e1quina electoral; y Mario<strong> Delgado<\/strong>, apoyado por los pol\u00edticos m\u00e1s hechos del partido (<strong>Marcelo Ebrard y Ricardo Monreal<\/strong>), que se presenta como una opci\u00f3n de mayor solidez ideol\u00f3gica.<\/p>\n<p>Sin embargo, el manotazo de Palacio Nacional no prosper\u00f3, fieles a su ADN del PRD y del PRI, los grupos de poder en Morena no han logrado transitar del movimiento de masas a un partido aut\u00f3nomo. AMLO sigue como punto de convergencia de las tribus, el caudillo que dirige su destino.<\/p>\n<p>Pareciera que la profec\u00eda panista les cay\u00f3 a los de Morena, ganaron el poder y podr\u00edan perder el partido.<\/p>\n<p>Las asambleas para elegir a los congresistas que participar\u00e1n en el Congreso Nacional, donde saldr\u00e1 el nuevo presidente, los pr\u00f3ximos 23 y 24 de noviembre, estuvieron marcadas por la violencia y las irregularidades. <strong>Mario Delgado<\/strong> no pudo registrarse; impugn\u00f3 ante el Tribunal Electoral del Poder judicial de la Federaci\u00f3n y solicit\u00f3 la protecci\u00f3n de sus derechos pol\u00edticos.<\/p>\n<p>Los <em>morenistas <\/em>de cepa lo ven con recelo, no hay que perder de vista que el nuevo dirigente habr\u00e1 de integrar las listas de quienes aspiren a un cargo p\u00fablico en 2021, antesala de 2024 y donde habr\u00e1 en juego 15 gubernaturas, 500 diputados y cientos de alcaldes. Una envidiable plataforma para los suspirantes presidenciales que ya mueven a sus alfiles.<\/p>\n<p>Adem\u00e1s, est\u00e1 el tema del padr\u00f3n, \u201cel sospechosismo\u201d sobre la veracidad de sus tres millones de afiliados lleg\u00f3 hasta el INE. Las acusaciones de que est\u00e1 manipulado y rasurado, llegaron hasta el Z\u00f3calo, el Presidente tuvo que aclarar que no hay \u201cpartido de Estado\u201d y amenazar a los \u201csuperdelegados\u201d con despedirlos si apoyan a los candidatos.<\/p>\n<p>En un intento de democracia, L\u00f3pez Obrador est\u00e1 soltando a los integrantes de Morena. Sin embargo, se resisten al cambio. Esa izquierda caracterizada por su poca capacidad de uni\u00f3n y organizaci\u00f3n, radicaliz\u00f3 los vicios de sus tribus y se agudizaron las confrontaciones.<\/p>\n<p>Hoy Morena no puede conducir su primer proceso de cambio de dirigencia nacional. Los grupos internos est\u00e1n en abierta pelea, sin agendas, sin propuestas program\u00e1ticas.<\/p>\n<p>No entienden que para lograr la permanencia en el poder deben construirse en una verdadera instituci\u00f3n y poner orden en su estructura. La tribalizaci\u00f3n s\u00f3lo los conducir\u00e1 a la extinci\u00f3n, como sucedi\u00f3 con el PRD que desapareci\u00f3 cuando se fueron los caudillos: <strong>Cuauht\u00e9moc C\u00e1rdenas y Andr\u00e9s Manuel L\u00f3pez Obrador<\/strong>.<\/p>\n<p>&nbsp;<\/p>\n<p style=\"text-align: center;\"><strong>VERCIENTOS<\/strong><\/p>\n<p style=\"text-align: center;\"><strong>Avanza legalizaci\u00f3n <em>cannabis<\/em>: Monreal<\/strong><\/p>\n<p>No hay marcha atr\u00e1s, est\u00e1 semana se aprobar\u00e1 la despenalizaci\u00f3n y la Ley de Regularizaci\u00f3n de Cannabis. <strong>Ricardo Monreal, presidente de la Junta de Coordinaci\u00f3n Pol\u00edtica del Senado<\/strong>, cabildea entre los grupos parlamentarios el proyecto de dictamen, porque espera que transite en el pleno \u201csin estridencia, aplicando el buen juicio y la raz\u00f3n\u201d. La Secretar\u00eda de Hacienda y Cr\u00e9dito P\u00fablico prev\u00e9 que generar\u00eda ingresos de hasta 18 mil millones de pesos durante 2020. <strong>\u00a1\u00d3rale!<\/strong><\/p>\n<p style=\"text-align: center;\"><strong>Habemus presidente CNDH<\/strong><\/p>\n<p>Avanza la cuenta regresiva para la renovaci\u00f3n de la presidencia en la <strong>Comisi\u00f3n Nacional de los Derechos Humanos<\/strong>, el pr\u00f3ximo 31 octubre se dar\u00e1n a conocer los resultados del proceso en el que participaron 57 aspirantes. El pr\u00f3ximo 15 de noviembre concluye <strong>Luis Ra\u00fal Gonz\u00e1lez P\u00e9rez<\/strong>, su periodo de cinco a\u00f1os. La senadora <strong>Kenia L\u00f3pez Rabad\u00e1n<\/strong>, que encabeza el proceso, dijo:<strong> \u201c<\/strong>Esperamos que ni Morena, ni Andr\u00e9s Manuel L\u00f3pez Obrador busquen tener a un subordinado en la CNDH\u201d. <strong>\u00a1Sopas!<\/strong><\/p>\n<p style=\"text-align: center;\"><strong>\u00a1Aguas con las tarifas!<\/strong><\/p>\n<p>Vaya reversa que metieron en el Senado para eliminar el pago por el agua de uso agropecuario.<strong> Ismael Hern\u00e1ndez Deras, diputado del PRI, <\/strong>reconoci\u00f3 el trabajo de los legisladores. Argument\u00f3 que la carga fiscal por el uso de aguas nacionales, maquinada por Morena y sus aliados para recaudar m\u00e1s, har\u00eda inviable la actividad agropecuaria, pues los productores pagar\u00edan un costo mayor en cada una de sus cosechas, de dos mil 500 pesos, a cuatro mil 500 pesos m\u00e1s por hect\u00e1rea, lo que aumentar\u00eda los precios de la canasta b\u00e1sica, el frijol, ma\u00edz, huevo, carne, entre otros. <strong>\u00a1Ups!<\/strong><\/p>\n<p><em><a href=\"mailto:guillegomora@hotmail.com\" target=\"_blank\" rel=\"noopener noreferrer\">guillegomora@hotmail.com<\/a><br \/>\n<i><\/i><a href=\"https:\/\/twitter.com\/guillegomora?lang=es\" target=\"_blank\" rel=\"noopener noreferrer\"><i>@guillegomora<\/i><\/a><\/em><\/p>\n","protected":false},"excerpt":{"rendered":"<p><span style=\"color: #005497;\"><strong>Guillermina G\u00f3mora Ord\u00f3\u00f1ez<\/strong><\/span><\/p>\n","protected":false},"author":3,"featured_media":0,"comment_status":"open","ping_status":"open","sticky":false,"template":"","format":"standard","meta":{"_monsterinsights_skip_tracking":false,"_monsterinsights_sitenote_active":false,"_monsterinsights_sitenote_note":"","_monsterinsights_sitenote_category":0,"footnotes":""},"categories":[58361],"tags":[58362,58363,43674],"class_list":["post-448224","post","type-post","status-publish","format-standard","hentry","category-guillermina-gomora-ordonez","tag-caleidoscopio","tag-guillermina-gomora-ordonez","tag-opinion"],"_links":{"self":[{"href":"https:\/\/www.diarioimagen.net\/index.php?rest_route=\/wp\/v2\/posts\/448224","targetHints":{"allow":["GET"]}}],"collection":[{"href":"https:\/\/www.diarioimagen.net\/index.php?rest_route=\/wp\/v2\/posts"}],"about":[{"href":"https:\/\/www.diarioimagen.net\/index.php?rest_route=\/wp\/v2\/types\/post"}],"author":[{"embeddable":true,"href":"https:\/\/www.diarioimagen.net\/index.php?rest_route=\/wp\/v2\/users\/3"}],"replies":[{"embeddable":true,"href":"https:\/\/www.diarioimagen.net\/index.php?rest_route=%2Fwp%2Fv2%2Fcomments&post=448224"}],"version-history":[{"count":0,"href":"https:\/\/www.diarioimagen.net\/index.php?rest_route=\/wp\/v2\/posts\/448224\/revisions"}],"wp:attachment":[{"href":"https:\/\/www.diarioimagen.net\/index.php?rest_route=%2Fwp%2Fv2%2Fmedia&parent=448224"}],"wp:term":[{"taxonomy":"category","embeddable":true,"href":"https:\/\/www.diarioimagen.net\/index.php?rest_route=%2Fwp%2Fv2%2Fcategories&post=448224"},{"taxonomy":"post_tag","embeddable":true,"href":"https:\/\/www.diarioimagen.net\/index.php?rest_route=%2Fwp%2Fv2%2Ftags&post=448224"}],"curies":[{"name":"wp","href":"https:\/\/api.w.org\/{rel}","templated":true}]}}