{"id":448257,"date":"2019-10-30T00:05:32","date_gmt":"2019-10-30T06:05:32","guid":{"rendered":"https:\/\/www.diarioimagen.net\/?p=448257"},"modified":"2019-10-30T01:35:06","modified_gmt":"2019-10-30T07:35:06","slug":"transportistas-se-manifiestan-frente-a-la-camara-de-diputados","status":"publish","type":"post","link":"https:\/\/www.diarioimagen.net\/?p=448257","title":{"rendered":"Transportistas colapsan vialidades en la Ciudad de M\u00e9xico"},"content":{"rendered":"<ul>\n<li><strong><em>Provocan caos en accesos a la capital<\/em><\/strong><\/li>\n<\/ul>\n<p>&nbsp;<\/p>\n<div id=\"attachment_448259\" style=\"width: 470px\" class=\"wp-caption aligncenter\"><img loading=\"lazy\" decoding=\"async\" aria-describedby=\"caption-attachment-448259\" class=\"wp-image-448259 size-large\" src=\"https:\/\/www.diarioimagen.net\/wp-content\/uploads\/2019\/10\/TRANSPORTISTAS30-PORTAL-460x268.jpg\" alt=\"\" width=\"460\" height=\"268\" srcset=\"https:\/\/www.diarioimagen.net\/wp-content\/uploads\/2019\/10\/TRANSPORTISTAS30-PORTAL-460x268.jpg 460w, https:\/\/www.diarioimagen.net\/wp-content\/uploads\/2019\/10\/TRANSPORTISTAS30-PORTAL-240x140.jpg 240w, https:\/\/www.diarioimagen.net\/wp-content\/uploads\/2019\/10\/TRANSPORTISTAS30-PORTAL.jpg 480w\" sizes=\"auto, (max-width: 460px) 100vw, 460px\" \/><p id=\"caption-attachment-448259\" class=\"wp-caption-text\">Transportistas protestaron afuera de la C\u00e1mara de Diputados contra el aumento a los combustibles.<\/p><\/div>\n<p>&nbsp;<\/p>\n<p>Integrantes de la Alianza Mexicana de Organizaciones de Transportistas (Amotac) protestaron afuera de la C\u00e1mara de Diputados contra el aumento a los combustibles.<\/p>\n<p>El contingente lleg\u00f3 al Palacio Legislativo de San L\u00e1zaro a bordo de camiones de carga en los que colgaron mantas con frases como \u201cQue la SCT ponga un alto a tanto abuso\u201d y \u201cNo m\u00e1s cobros excesivos\u201d.<\/p>\n<p>Debido a la presencia de los trasportistas en esta zona de la alcald\u00eda Venustiano Carranza, la polic\u00eda capitalina recomend\u00f3 a la poblaci\u00f3n anticipar su salida y a los automovilistas tomar v\u00edas alternas. En su cuenta @OVIALCDMX en Twitter sugiri\u00f3 tomar Eje 1 Oriente Circunvalaci\u00f3n, H\u00e9roe de Nacozari, Ingeniero Eduardo Molina, calzada Ignacio Zaragoza y Fray Servando Teresa de Mier como alternativa vial.<\/p>\n<p style=\"text-align: center;\"><strong>Colapso vial en<\/strong><strong>\u00a0la M\u00e9xico- Quer\u00e9taro<\/strong><\/p>\n<p>Por la ma\u00f1ana, m\u00e1s de medio centenar de camioneros de la Amotac bloquearon totalmente la autopista M\u00e9xico-Quer\u00e9taro, con direcci\u00f3n a la Ciudad de M\u00e9xico.<\/p>\n<p>A las 10:20 la caravana de Amotac, integrada por unos 55 camiones y camionetas, se detuvieron en los seis carriles, laterales y centrales de la autopista M\u00e9xico-Quer\u00e9taro, deteniendo el flujo vial rumbo a la capital del pa\u00eds.<\/p>\n<p>El bloqueo fue intermitente, pues luego de algunos minutos, vuelven a avanzar lentamente, impidiendo que alg\u00fan veh\u00edculo o cami\u00f3n ajeno a su organizaci\u00f3n, pueda rebasarlos.<\/p>\n<p style=\"text-align: center;\"><strong>AMLO llama al di\u00e1logo<\/strong><strong>\u00a0a transportistas y pide <\/strong><strong>no afectar a terceros<\/strong><\/p>\n<p>Ante el anuncio de los transportistas de bloquear este martes los ingresos a la Ciudad de M\u00e9xico, en protesta por los camiones de doble semirremolque, el presidente Andr\u00e9s Manuel L\u00f3pez Obrador instruy\u00f3 a la secretaria de Gobernaci\u00f3n, Olga S\u00e1nchez Cordero, a recibirlos y escuchar sus demandas.<\/p>\n<p>\u201cLos va a recibir para atenderlos en todos sus planteamientos, se les va a escuchar, vamos a buscar la soluci\u00f3n\u201d, expres\u00f3 el mandatario a los transportistas, a quienes dej\u00f3 en claro que ahora el gobierno es libre y no est\u00e1 sometido a ning\u00fan grupo de inter\u00e9s, \u201cel gobierno est\u00e1 encargado y tiene la encomienda de hacer justicia\u201d.<\/p>\n<p>En conferencia de prensa donde se le pregunt\u00f3 sobre las protestas de los transportistas expuso que este sector tiene derecho a manifestarse, pero les pidi\u00f3 no afectar a terceros, \u201cque no se echen encima a ciertos sectores o personas\u201d.<\/p>\n<p>En ese sentido el mandatario federal sostuvo que por parte de su gobierno hay disposici\u00f3n al di\u00e1logo, con lo que se ayudar\u00e1 a los ciudadanos, para evitar afectaciones, \u201chay la posibilidad de dialogar, di\u00e1logo con compromiso, no solo para salir del paso\u201d.<\/p>\n<p>Refiri\u00f3 que en la reuni\u00f3n que tuvo hoy con su gabinete de seguridad solicit\u00f3 buscar a los transportistas y dialogar con ellos, \u201clo que pido es que no se afecte a terceros, se los pido de manera muy fraterna, ojal\u00e1 me hagan caso, porque eso es lo mejor\u201d.<\/p>\n<p>Tengo en informaci\u00f3n, expuso, de que han estado hablando con el comandante de la Guaria Nacional, en el caso de carreteras, en el tramo de Veracruz a Puebla, se les ha estado atendiendo, tengo la informaci\u00f3n sobre su planteamiento de no permitir la circulaci\u00f3n de doble semirremolque, tambi\u00e9n se les atiene.<\/p>\n<p>Respecto a esa solicitud de evitar la circulaci\u00f3n de ese tipo de transporte, L\u00f3pez Obrador se\u00f1al\u00f3 que hay un legislador federal involucrado en esta petici\u00f3n, por lo cual consider\u00f3 que \u00e9l tendr\u00eda la facultad para proponer una iniciativa en ese sentido ya que se requiere una modificaci\u00f3n legal.<\/p>\n","protected":false},"excerpt":{"rendered":"<p>Integrantes de la Alianza Mexicana de Organizaciones de Transportistas (Amotac) protestaron afuera de la C\u00e1mara de Diputados contra el aumento a los combustibles.<\/p>\n","protected":false},"author":5,"featured_media":448259,"comment_status":"open","ping_status":"open","sticky":false,"template":"","format":"standard","meta":{"_monsterinsights_skip_tracking":false,"_monsterinsights_sitenote_active":false,"_monsterinsights_sitenote_note":"","_monsterinsights_sitenote_category":0,"footnotes":""},"categories":[6],"tags":[98,204,32055,3655,12963],"class_list":["post-448257","post","type-post","status-publish","format-standard","has-post-thumbnail","hentry","category-cd-de-mexico","tag-camara-de-diputados","tag-ciudad-de-mexico","tag-mexico-queretaro","tag-palacio-legislativo","tag-transportistas"],"_links":{"self":[{"href":"https:\/\/www.diarioimagen.net\/index.php?rest_route=\/wp\/v2\/posts\/448257","targetHints":{"allow":["GET"]}}],"collection":[{"href":"https:\/\/www.diarioimagen.net\/index.php?rest_route=\/wp\/v2\/posts"}],"about":[{"href":"https:\/\/www.diarioimagen.net\/index.php?rest_route=\/wp\/v2\/types\/post"}],"author":[{"embeddable":true,"href":"https:\/\/www.diarioimagen.net\/index.php?rest_route=\/wp\/v2\/users\/5"}],"replies":[{"embeddable":true,"href":"https:\/\/www.diarioimagen.net\/index.php?rest_route=%2Fwp%2Fv2%2Fcomments&post=448257"}],"version-history":[{"count":0,"href":"https:\/\/www.diarioimagen.net\/index.php?rest_route=\/wp\/v2\/posts\/448257\/revisions"}],"wp:featuredmedia":[{"embeddable":true,"href":"https:\/\/www.diarioimagen.net\/index.php?rest_route=\/wp\/v2\/media\/448259"}],"wp:attachment":[{"href":"https:\/\/www.diarioimagen.net\/index.php?rest_route=%2Fwp%2Fv2%2Fmedia&parent=448257"}],"wp:term":[{"taxonomy":"category","embeddable":true,"href":"https:\/\/www.diarioimagen.net\/index.php?rest_route=%2Fwp%2Fv2%2Fcategories&post=448257"},{"taxonomy":"post_tag","embeddable":true,"href":"https:\/\/www.diarioimagen.net\/index.php?rest_route=%2Fwp%2Fv2%2Ftags&post=448257"}],"curies":[{"name":"wp","href":"https:\/\/api.w.org\/{rel}","templated":true}]}}