{"id":448316,"date":"2019-10-30T00:13:30","date_gmt":"2019-10-30T06:13:30","guid":{"rendered":"https:\/\/www.diarioimagen.net\/?p=448316"},"modified":"2019-10-31T00:06:18","modified_gmt":"2019-10-31T06:06:18","slug":"fonatur-advierte-sobre-el-riesgo-de-desborde-de-aguas-negras-en-la-zh","status":"publish","type":"post","link":"https:\/\/www.diarioimagen.net\/?p=448316","title":{"rendered":"Fonatur advierte sobre el riesgo de desborde de aguas negras en la ZH"},"content":{"rendered":"<h2>Derecho de r\u00e9plica<\/h2>\n<h5>Jos\u00e9 Luis Monta\u00f1ez<\/h5>\n<p>&nbsp;<\/p>\n<ul>\n<li><strong><em>Plantas de tratamiento de aguas residuales ya se encuentran en su l\u00edmite<\/em><\/strong><\/li>\n<\/ul>\n<p>&nbsp;<\/p>\n<div id=\"attachment_448335\" style=\"width: 470px\" class=\"wp-caption aligncenter\"><a href=\"https:\/\/www.diarioimagen.net\/?attachment_id=448335\" rel=\"attachment wp-att-448335\"><img loading=\"lazy\" decoding=\"async\" aria-describedby=\"caption-attachment-448335\" class=\"size-large wp-image-448335\" src=\"https:\/\/www.diarioimagen.net\/wp-content\/uploads\/2019\/10\/derecho-10-460x259.jpg\" alt=\"\" width=\"460\" height=\"259\" srcset=\"https:\/\/www.diarioimagen.net\/wp-content\/uploads\/2019\/10\/derecho-10-460x259.jpg 460w, https:\/\/www.diarioimagen.net\/wp-content\/uploads\/2019\/10\/derecho-10-240x135.jpg 240w, https:\/\/www.diarioimagen.net\/wp-content\/uploads\/2019\/10\/derecho-10-235x132.jpg 235w, https:\/\/www.diarioimagen.net\/wp-content\/uploads\/2019\/10\/derecho-10-202x114.jpg 202w, https:\/\/www.diarioimagen.net\/wp-content\/uploads\/2019\/10\/derecho-10-350x196.jpg 350w, https:\/\/www.diarioimagen.net\/wp-content\/uploads\/2019\/10\/derecho-10-220x123.jpg 220w, https:\/\/www.diarioimagen.net\/wp-content\/uploads\/2019\/10\/derecho-10-237x132.jpg 237w, https:\/\/www.diarioimagen.net\/wp-content\/uploads\/2019\/10\/derecho-10.jpg 480w\" sizes=\"auto, (max-width: 460px) 100vw, 460px\" \/><\/a><p id=\"caption-attachment-448335\" class=\"wp-caption-text\">La planta de tratamiento de Pok Ta Pok recibe 245 litros de aguas negras por segundo, en tanto que la de El Rey, 100 litros por segundo.<\/p><\/div>\n<p>&nbsp;<\/p>\n<p>Las plantas de tratamiento de aguas residuales de la Zona Hotelera de Canc\u00fan se encuentran a su m\u00e1xima capacidad, seg\u00fan informaron autoridades del Fondo Nacional de Fomento al Turismo (Fonatur), lo cual ha despertado preocupaci\u00f3n entre hoteleros, restauranteros, habitantes de residenciales y autoridades, ya que se ha mencionado incluso que las plantas est\u00e1n a nada del colapso y se deben tomar medidas inmediatas antes de que se desborden.<\/p>\n<p>El director de Fonatur, Rogelio Jim\u00e9nez, reconoci\u00f3 que las plantas de tratamiento de aguas residuales de la zona hotelera de Canc\u00fan ya se encuentran en su l\u00edmite, dado que en la temporada de Semana Santa, verano e invierno, se saturan y argumenta que ya poco les falta para colapsar ante la densidad inmobiliaria existente en la zona hotelera \u201cNo han llegado a colapsar las plantas por sobrecarga, pero s\u00ed est\u00e1n al l\u00edmite. Y est\u00e1n al l\u00edmite por una cosa que fue muy mala, que se autorizaron muchos incrementos de densidad en la zona hotelera por parte de administraciones anteriores\u201d coment\u00f3.<\/p>\n<p>Se sabe que las tres plantas en ZH generan en solo un a\u00f1o: ocho millones 569 mil 911 metros c\u00fabicos de agua tratada de hoteles, restaurantes y residenciales que no est\u00e1n conectados al drenaje. La planta de tratamiento de Pok Ta Pok recibe 245 litros de aguas negras por segundo, en tanto que la de El Rey, 100 litros por segundo.<\/p>\n<p style=\"text-align: center;\"><strong>Infraestructura tur\u00edstica aumenta sin incremento de servicios <\/strong><\/p>\n<p>El problema se encuentra en que la infraestructura tur\u00edstica ha aumentado y lo ha hecho sin un incremento en los servicios. Para hacer frente a esta problem\u00e1tica, el titular de Fonatur, asegur\u00f3 que se reforzar\u00e1 la capacidad de las plantas de tratamiento, en un proyecto a tres a\u00f1os para el que se busca la inversi\u00f3n necesaria.<\/p>\n<p>Indic\u00f3 adem\u00e1s que le preocupa que hoteles y restaurantes que no est\u00e1n conectados al drenaje, no traten sus aguas residuales en destinos de Quintana Roo. Inicialmente, Fonatur fue creado para apoyar 25 kil\u00f3metros de litoral. Y sobre ello recalc\u00f3\u00a0 que es una urgencia solucionar tambi\u00e9n la problem\u00e1tica de Solidaridad y Tulum. Finalmente detall\u00f3 que\u00a0en la zona hotelera ya no queda mucho espacio para seguir construyendo infraestructura tur\u00edstica.<\/p>\n<p>\u201cYo creo que en la zona hotelera ya hay muy pocos lotes, estamos hablando de menos del 10%\u201d, destacando que el problema es que en lotes planeados para determinado n\u00famero de habitaciones se incrementa la capacidad de ocupaci\u00f3n sin modificar la estructura de servicios concluy\u00f3.<\/p>\n<p style=\"text-align: center;\"><strong>Hallan muerta a jovencita desaparecida en Tulum <\/strong><\/p>\n<p>Luego de una ardua b\u00fasqueda de poco m\u00e1s de cuatro meses, fue hallada la joven desaparecida el pasado 15 de junio del a\u00f1o en curso, lastimosamente fue encontrada sin vida y la noticia la dio a conocer su madre a trav\u00e9s de su cuenta de <em>Facebook<\/em>.<\/p>\n<p>\u00c9rika S\u00e1nchez Basald\u00faa, era una joven de 25 a\u00f1os, hab\u00eda desaparecido luego de haber concluido su jornada laboral en el Hotel Azulik Tulum y cuando se dispon\u00eda a viajar a Bacalar. Desde entonces familia y amigos reportaron su desaparici\u00f3n y pusieron en marcha la b\u00fasqueda, que llego a su fin este martes, cuando su madre, la se\u00f1ora Juana S\u00e1nchez,\u00a0 escribi\u00f3 en la mencionada red social: \u201cHola a todos. Como muchos saben, el 15 de junio del 2019, mi hija Erika S\u00e1nchez desapareci\u00f3. Despu\u00e9s de muchos meses de b\u00fasqueda y sin saber nada de ella, finalmente tenemos noticias. Lamentablemente, mi hija Erika fue encontrada sin vida. Como familia, esta es una situaci\u00f3n muy triste y dif\u00edcil, as\u00ed que espero que tengan un poco de comprensi\u00f3n y respeto a lo que estamos pasando y sintiendo en estos momentos\u201d, reza el mensaje.<\/p>\n<p>La se\u00f1ora, a su vez, agradeci\u00f3 a todas las personas que ayudaron en la b\u00fasqueda de su hija, as\u00ed como a las personas que compartieron en redes sociales las publicaciones denunciando la situaci\u00f3n, de la cual no han dado mayores detalles, ni de c\u00f3mo fue encontrada.<\/p>\n<p>De acuerdo con lo que se dijo cuando desapareci\u00f3, la chica hab\u00eda ido de campamento a Bacalar y a su regreso a casa en Playa del Carmen, ya no se supo de ella. De acuerdo con familiares y amigos, \u00c9rika era una joven alegre, quien gustaba de su trabajo, de vivir en el mar y adem\u00e1s era una mujer preocupada por el medio ambiente. Desafortunadamente una vez m\u00e1s los sue\u00f1os e ilusiones de una joven son cuartados por una muerte prematura, hasta ahora por causas desconocidas, ya que la familia no ha dado mayores detalles.<\/p>\n<p style=\"text-align: center;\"><strong>Joven desaparece tras ir a antro en Canc\u00fan <\/strong><\/p>\n<p>Una vez resuelto el paradero de Ericka -m\u00e1s no as\u00ed su muerte- que lamentablemente fue hallada sin vida, hay que destacar que no es por nada el \u00fanico caso de jovenes desaparecidos en el estado, pues a ella se suman muchos que siguen extraviados, como es el caso de Maximiliano Gonz\u00e1lez Rojas, que fue visto por \u00faltima vez la madrugada del domingo 27 de octubre, cuando se encontraba con otro amigo en el antro \u201cDistrito Cavana\u201d, ubicado sobre la avenida Tulum, d\u00eda desde el que amigos y familiares lo est\u00e1n buscando.<\/p>\n<p>De acuerdo a informes extraoficiales, Maximiliano lleg\u00f3 a vacacionar unos d\u00edas a este destino, en compa\u00f1\u00eda de otro amigo de quien se desconoce su identidad, ambos llegaron el s\u00e1bado 26 de octubre al antro Distrito Cavana, sin embargo a las 2:30 horas del d\u00eda siguiente no fueron vistos m\u00e1s.<\/p>\n<p>Entre tantas versiones, se dice, que fueron confundidos con integrantes de un grupo criminal y fueron raptados por sujetos de un bando contrario, adem\u00e1s golpeados, torturados e interrogados, hasta que soltaron al amigo, mientras que a Maximiliano a\u00fan lo ten\u00edan secuestrado. Otros refieren que comenzaron una ri\u00f1a en el interior del antro, donde dos sujetos armados los sacaron el establecimiento, los enca\u00f1onaron y los subieron a un auto para despu\u00e9s llevarlos a un lugar desconocido. No obstante, ninguna de las versiones ha sido confirmada por las autoridades que ya investigan el caso.<\/p>\n<p>Se sabe que la Fiscal\u00eda General del Estado ya cuenta con una denuncia formal, mientras que los agentes de la Polic\u00eda Ministerial esperan una orden de cateo formal para indagar al interior del antro \u201cDistrito Cavana\u201d.<\/p>\n<p style=\"text-align: center;\"><strong>Roberto Borge comparecer\u00e1 ante Fiscal\u00eda el pr\u00f3ximo 7 de noviembre <\/strong><\/p>\n<p>Ser\u00e1 el pr\u00f3ximo jueves 7 de noviembre cuando el ex gobernador de Quintana Roo, Roberto Borge Angulo, deber\u00e1 comparecer y enfrentar las acusaciones por desempe\u00f1o irregular de la funci\u00f3n p\u00fablica y aprovechamiento il\u00edcito del poder. Lo anterior seg\u00fan lo ha dado a conocer la Fiscal\u00eda Especializada en Combate a la Corrupci\u00f3n del estado.<\/p>\n<p>La Fiscal\u00eda a\u00f1adi\u00f3 que la comparecencia de Borge se llevar\u00e1 a cabo a las 13:00 horas, en seguimiento a la carpeta de investigaci\u00f3n 154\/2017, y se realizar\u00e1 mediante una videoconferencia, tal como lo determin\u00f3 el Juzgado Primero de Distrito en la capital del estado.<\/p>\n<p>Borge Angulo no hab\u00eda podido enfrentar estas acusaciones por la existencia de dos suspensiones. No obstante, el 9 de octubre del a\u00f1o en curso, un juez federal determin\u00f3 sobreseer los dos juicios de amparo presentados por la defensa de Borge, pues comprobaron que los documentos no contaban con la firma original del ex mandatario, pese a que estaban a su nombre, la firma no hab\u00eda era de su pu\u00f1o y letra.<\/p>\n<p style=\"text-align: center;\"><strong>Actualmente enfrenta dos a\u00f1os de prisi\u00f3n preventiva<\/strong><\/p>\n<p>En mayo, el ex gobernador fue vinculado a proceso acusado de aprovechamiento il\u00edcito del poder por la subcontrataci\u00f3n ilegal de aviones y helic\u00f3pteros, por una suma de 590 millones de pesos, por lo que Daniel Esteban Farah Godoy, juez de control en Chetumal, le dict\u00f3 un plazo de hasta dos a\u00f1os de prisi\u00f3n preventiva justificada en su contra, sumados a los dos meses para la investigaci\u00f3n complementaria, mientras la Fiscal\u00eda y su defensa presentar\u00edan sus respectivas pruebas.<\/p>\n","protected":false},"excerpt":{"rendered":"<p><span style=\"color: #005497;\">Jos\u00e9 Luis Monta\u00f1ez<\/span><br \/>\n<br \/>\nLas plantas de tratamiento de aguas residuales de la Zona Hotelera de Canc\u00fan se encuentran a su m\u00e1xima capacidad, seg\u00fan informaron autoridades del Fondo Nacional de Fomento al Turismo (Fonatur), lo cual ha despertado preocupaci\u00f3n entre hoteleros, restauranteros, habitantes de residenciales y autoridades, ya que se ha mencionado incluso que las plantas est\u00e1n a nada del colapso y se deben tomar medidas inmediatas antes de que se desborden.<\/p>\n","protected":false},"author":3,"featured_media":448335,"comment_status":"open","ping_status":"open","sticky":false,"template":"","format":"standard","meta":{"_monsterinsights_skip_tracking":false,"_monsterinsights_sitenote_active":false,"_monsterinsights_sitenote_note":"","_monsterinsights_sitenote_category":0,"footnotes":""},"categories":[11622],"tags":[47840,54579,43674],"class_list":["post-448316","post","type-post","status-publish","format-standard","has-post-thumbnail","hentry","category-jose-luis-montanez-aguilar","tag-derecho-de-replica","tag-jose-luis-montanez","tag-opinion"],"_links":{"self":[{"href":"https:\/\/www.diarioimagen.net\/index.php?rest_route=\/wp\/v2\/posts\/448316","targetHints":{"allow":["GET"]}}],"collection":[{"href":"https:\/\/www.diarioimagen.net\/index.php?rest_route=\/wp\/v2\/posts"}],"about":[{"href":"https:\/\/www.diarioimagen.net\/index.php?rest_route=\/wp\/v2\/types\/post"}],"author":[{"embeddable":true,"href":"https:\/\/www.diarioimagen.net\/index.php?rest_route=\/wp\/v2\/users\/3"}],"replies":[{"embeddable":true,"href":"https:\/\/www.diarioimagen.net\/index.php?rest_route=%2Fwp%2Fv2%2Fcomments&post=448316"}],"version-history":[{"count":0,"href":"https:\/\/www.diarioimagen.net\/index.php?rest_route=\/wp\/v2\/posts\/448316\/revisions"}],"wp:featuredmedia":[{"embeddable":true,"href":"https:\/\/www.diarioimagen.net\/index.php?rest_route=\/wp\/v2\/media\/448335"}],"wp:attachment":[{"href":"https:\/\/www.diarioimagen.net\/index.php?rest_route=%2Fwp%2Fv2%2Fmedia&parent=448316"}],"wp:term":[{"taxonomy":"category","embeddable":true,"href":"https:\/\/www.diarioimagen.net\/index.php?rest_route=%2Fwp%2Fv2%2Fcategories&post=448316"},{"taxonomy":"post_tag","embeddable":true,"href":"https:\/\/www.diarioimagen.net\/index.php?rest_route=%2Fwp%2Fv2%2Ftags&post=448316"}],"curies":[{"name":"wp","href":"https:\/\/api.w.org\/{rel}","templated":true}]}}