{"id":448359,"date":"2019-10-30T00:02:57","date_gmt":"2019-10-30T06:02:57","guid":{"rendered":"https:\/\/www.diarioimagen.net\/?p=448359"},"modified":"2019-10-30T03:10:31","modified_gmt":"2019-10-30T09:10:31","slug":"exponen-una-vision-particular-del-agua-en-cuautitlan-izcalli","status":"publish","type":"post","link":"https:\/\/www.diarioimagen.net\/?p=448359","title":{"rendered":"Exponen una visi\u00f3n particular del agua en Cuautitl\u00e1n Izcalli"},"content":{"rendered":"<ul>\n<li><strong><em>En el 28 aniversario de OPERAGUA<\/em><\/strong><\/li>\n<\/ul>\n<p>&nbsp;<\/p>\n<div id=\"attachment_448426\" style=\"width: 470px\" class=\"wp-caption aligncenter\"><a href=\"https:\/\/www.diarioimagen.net\/?attachment_id=448426\" rel=\"attachment wp-att-448426\"><img loading=\"lazy\" decoding=\"async\" aria-describedby=\"caption-attachment-448426\" class=\"size-large wp-image-448426\" src=\"https:\/\/www.diarioimagen.net\/wp-content\/uploads\/2019\/10\/CUAUTITL\u00c1N--460x259.jpg\" alt=\"\" width=\"460\" height=\"259\" srcset=\"https:\/\/www.diarioimagen.net\/wp-content\/uploads\/2019\/10\/CUAUTITL\u00c1N--460x259.jpg 460w, https:\/\/www.diarioimagen.net\/wp-content\/uploads\/2019\/10\/CUAUTITL\u00c1N--240x135.jpg 240w, https:\/\/www.diarioimagen.net\/wp-content\/uploads\/2019\/10\/CUAUTITL\u00c1N--235x132.jpg 235w, https:\/\/www.diarioimagen.net\/wp-content\/uploads\/2019\/10\/CUAUTITL\u00c1N--202x114.jpg 202w, https:\/\/www.diarioimagen.net\/wp-content\/uploads\/2019\/10\/CUAUTITL\u00c1N--350x196.jpg 350w, https:\/\/www.diarioimagen.net\/wp-content\/uploads\/2019\/10\/CUAUTITL\u00c1N--220x123.jpg 220w, https:\/\/www.diarioimagen.net\/wp-content\/uploads\/2019\/10\/CUAUTITL\u00c1N--237x132.jpg 237w, https:\/\/www.diarioimagen.net\/wp-content\/uploads\/2019\/10\/CUAUTITL\u00c1N-.jpg 480w\" sizes=\"auto, (max-width: 460px) 100vw, 460px\" \/><\/a><p id=\"caption-attachment-448426\" class=\"wp-caption-text\">La exposici\u00f3n colectiva de pintura y fotograf\u00eda const\u00f3 de 44 piezas en total, distribuidas en el lobby del organismo.<\/p><\/div>\n<p>&nbsp;<\/p>\n<p><strong>Cuautitl\u00e1n Izcalli, Estado de M\u00e9xico<\/strong>.- Como parte de las actividades alusivas al 28 aniversario de OPERAGUA y como una forma de abrir espacios culturales dentro del municipio, artistas locales montaron una exposici\u00f3n colectiva, donde cada uno de los participantes exhibe la forma particular en que concibe el preciado l\u00edquido y c\u00f3mo lo plasman sobre el lienzo.<\/p>\n<p>Marco Le\u00f3n, curador y encargado de la exposici\u00f3n, indic\u00f3 que esta muestra pict\u00f3rica corri\u00f3 a cargo de destacados artistas de la escena local que frecuentemente exhiben su trabajo en la galer\u00eda de arte de la Casa de Cultura del municipio, \u201ces una exposici\u00f3n de gran valor art\u00edstico, donde cada participante plasma a trav\u00e9s de la pintura o fotograf\u00eda, la visi\u00f3n \u00edntima de lo que representa el agua para ellos, puede ser un significado muy obvio e incluso alguna representaci\u00f3n m\u00e1s introspectiva o rebuscada\u201d. Agreg\u00f3 que el tema del agua es muy noble y se presta para la libre interpretaci\u00f3n, de ah\u00ed que el resultado sea muy halagador y variado.<\/p>\n<p>Los expositores que participan en la muestra fueron: Alexan, Alexander Esp\u00edn, Aleyra P\u00e9rez Corral, Aurelio Lim\u00f3n, Carolina Ibarra, El Doctor Mart\u00ednez, Eva Ibarra Lazo, Ivonne Reynaud Tazzer, Isabel Gonz\u00e1lez, Mar\u00eda de Lourdes Gonz\u00e1lez, Mar\u00eda del Roc\u00edo Arroyo Motilla, Martha Patricia Figueroa y Nalleli Luna.<\/p>\n<p>La exposici\u00f3n colectiva de pintura y fotograf\u00eda const\u00f3 de 44 piezas en total, distribuidas en el lobby del organismo y en los pasillos principales, misma que tuvo apertura gratuita a todo p\u00fablico hasta el 25 de octubre.<\/p>\n","protected":false},"excerpt":{"rendered":"<p>Como parte de las actividades alusivas al 28 aniversario de OPERAGUA y como una forma de abrir espacios culturales dentro del municipio, artistas locales montaron una exposici\u00f3n colectiva, donde cada uno de los participantes exhibe la forma particular en que concibe el preciado l\u00edquido y c\u00f3mo lo plasman sobre el lienzo.<\/p>\n","protected":false},"author":3,"featured_media":448426,"comment_status":"open","ping_status":"open","sticky":false,"template":"","format":"standard","meta":{"_monsterinsights_skip_tracking":false,"_monsterinsights_sitenote_active":false,"_monsterinsights_sitenote_note":"","_monsterinsights_sitenote_category":0,"footnotes":""},"categories":[5],"tags":[162,971,43675,88447,63181],"class_list":["post-448359","post","type-post","status-publish","format-standard","has-post-thumbnail","hentry","category-estado-de-mexico","tag-agua","tag-cuautitlan-izcalli","tag-estado-de-mexico","tag-potable","tag-vision"],"_links":{"self":[{"href":"https:\/\/www.diarioimagen.net\/index.php?rest_route=\/wp\/v2\/posts\/448359","targetHints":{"allow":["GET"]}}],"collection":[{"href":"https:\/\/www.diarioimagen.net\/index.php?rest_route=\/wp\/v2\/posts"}],"about":[{"href":"https:\/\/www.diarioimagen.net\/index.php?rest_route=\/wp\/v2\/types\/post"}],"author":[{"embeddable":true,"href":"https:\/\/www.diarioimagen.net\/index.php?rest_route=\/wp\/v2\/users\/3"}],"replies":[{"embeddable":true,"href":"https:\/\/www.diarioimagen.net\/index.php?rest_route=%2Fwp%2Fv2%2Fcomments&post=448359"}],"version-history":[{"count":0,"href":"https:\/\/www.diarioimagen.net\/index.php?rest_route=\/wp\/v2\/posts\/448359\/revisions"}],"wp:featuredmedia":[{"embeddable":true,"href":"https:\/\/www.diarioimagen.net\/index.php?rest_route=\/wp\/v2\/media\/448426"}],"wp:attachment":[{"href":"https:\/\/www.diarioimagen.net\/index.php?rest_route=%2Fwp%2Fv2%2Fmedia&parent=448359"}],"wp:term":[{"taxonomy":"category","embeddable":true,"href":"https:\/\/www.diarioimagen.net\/index.php?rest_route=%2Fwp%2Fv2%2Fcategories&post=448359"},{"taxonomy":"post_tag","embeddable":true,"href":"https:\/\/www.diarioimagen.net\/index.php?rest_route=%2Fwp%2Fv2%2Ftags&post=448359"}],"curies":[{"name":"wp","href":"https:\/\/api.w.org\/{rel}","templated":true}]}}