{"id":448361,"date":"2019-10-30T00:01:13","date_gmt":"2019-10-30T06:01:13","guid":{"rendered":"https:\/\/www.diarioimagen.net\/?p=448361"},"modified":"2019-10-30T03:11:17","modified_gmt":"2019-10-30T09:11:17","slug":"en-tlalnepantla-edil-dio-banderazo-de-salida-a-operativo-por-la-paz","status":"publish","type":"post","link":"https:\/\/www.diarioimagen.net\/?p=448361","title":{"rendered":"En Tlalnepantla edil dio banderazo de salida a operativo por la paz"},"content":{"rendered":"<p><strong><a href=\"https:\/\/www.diarioimagen.net\/?attachment_id=448429\" rel=\"attachment wp-att-448429\"><img loading=\"lazy\" decoding=\"async\" class=\" wp-image-448429 alignleft\" src=\"https:\/\/www.diarioimagen.net\/wp-content\/uploads\/2019\/10\/TLALNEPANTLA-6-460x259.jpg\" alt=\"\" width=\"274\" height=\"154\" srcset=\"https:\/\/www.diarioimagen.net\/wp-content\/uploads\/2019\/10\/TLALNEPANTLA-6-460x259.jpg 460w, https:\/\/www.diarioimagen.net\/wp-content\/uploads\/2019\/10\/TLALNEPANTLA-6-240x135.jpg 240w, https:\/\/www.diarioimagen.net\/wp-content\/uploads\/2019\/10\/TLALNEPANTLA-6-235x132.jpg 235w, https:\/\/www.diarioimagen.net\/wp-content\/uploads\/2019\/10\/TLALNEPANTLA-6-202x114.jpg 202w, https:\/\/www.diarioimagen.net\/wp-content\/uploads\/2019\/10\/TLALNEPANTLA-6-350x196.jpg 350w, https:\/\/www.diarioimagen.net\/wp-content\/uploads\/2019\/10\/TLALNEPANTLA-6-220x123.jpg 220w, https:\/\/www.diarioimagen.net\/wp-content\/uploads\/2019\/10\/TLALNEPANTLA-6-237x132.jpg 237w, https:\/\/www.diarioimagen.net\/wp-content\/uploads\/2019\/10\/TLALNEPANTLA-6.jpg 480w\" sizes=\"auto, (max-width: 274px) 100vw, 274px\" \/><\/a>Tlalnepantla, Estado de M\u00e9xico.<\/strong><strong>&#8211; <\/strong>Raciel P\u00e9rez Cruz, Presidente Municipal de Tlalnepantla, dio el banderazo de salida al Operativo de Coordinaci\u00f3n por la Paz que realiza la Comisar\u00eda General de Seguridad P\u00fablica y la Secretar\u00eda de la Defensa Nacional (SEDENA) de manera permanente en nuestra ciudad.<\/p>\n<p>El Edil recibi\u00f3 el plan estrat\u00e9gico que implementar\u00e1n en este operativo los elementos del Ej\u00e9rcito y del Grupo Especial T\u00e1ctico de Tlalnepantla, que se desplegar\u00e1n en diversos puntos del municipio para reforzar las acciones de seguridad.<\/p>\n<p>Los Operativos de Coordinaci\u00f3n por la Paz se definen en las mesas de seguridad que se realizan todos los d\u00edas a primera hora, con la participaci\u00f3n del Edil y de autoridades de seguridad de los tres niveles de gobierno.<\/p>\n","protected":false},"excerpt":{"rendered":"<p>Raciel P\u00e9rez Cruz, Presidente Municipal de Tlalnepantla, dio el banderazo de salida al Operativo de Coordinaci\u00f3n por la Paz que realiza la Comisar\u00eda General de Seguridad P\u00fablica y la Secretar\u00eda de la Defensa Nacional (SEDENA) de manera permanente en nuestra ciudad.<\/p>\n","protected":false},"author":3,"featured_media":448429,"comment_status":"open","ping_status":"open","sticky":false,"template":"","format":"standard","meta":{"_monsterinsights_skip_tracking":false,"_monsterinsights_sitenote_active":false,"_monsterinsights_sitenote_note":"","_monsterinsights_sitenote_category":0,"footnotes":""},"categories":[5],"tags":[43675,81517,169],"class_list":["post-448361","post","type-post","status-publish","format-standard","has-post-thumbnail","hentry","category-estado-de-mexico","tag-estado-de-mexico","tag-raciel-perez-cruz","tag-tlalnepantla"],"_links":{"self":[{"href":"https:\/\/www.diarioimagen.net\/index.php?rest_route=\/wp\/v2\/posts\/448361","targetHints":{"allow":["GET"]}}],"collection":[{"href":"https:\/\/www.diarioimagen.net\/index.php?rest_route=\/wp\/v2\/posts"}],"about":[{"href":"https:\/\/www.diarioimagen.net\/index.php?rest_route=\/wp\/v2\/types\/post"}],"author":[{"embeddable":true,"href":"https:\/\/www.diarioimagen.net\/index.php?rest_route=\/wp\/v2\/users\/3"}],"replies":[{"embeddable":true,"href":"https:\/\/www.diarioimagen.net\/index.php?rest_route=%2Fwp%2Fv2%2Fcomments&post=448361"}],"version-history":[{"count":0,"href":"https:\/\/www.diarioimagen.net\/index.php?rest_route=\/wp\/v2\/posts\/448361\/revisions"}],"wp:featuredmedia":[{"embeddable":true,"href":"https:\/\/www.diarioimagen.net\/index.php?rest_route=\/wp\/v2\/media\/448429"}],"wp:attachment":[{"href":"https:\/\/www.diarioimagen.net\/index.php?rest_route=%2Fwp%2Fv2%2Fmedia&parent=448361"}],"wp:term":[{"taxonomy":"category","embeddable":true,"href":"https:\/\/www.diarioimagen.net\/index.php?rest_route=%2Fwp%2Fv2%2Fcategories&post=448361"},{"taxonomy":"post_tag","embeddable":true,"href":"https:\/\/www.diarioimagen.net\/index.php?rest_route=%2Fwp%2Fv2%2Ftags&post=448361"}],"curies":[{"name":"wp","href":"https:\/\/api.w.org\/{rel}","templated":true}]}}