{"id":448397,"date":"2019-10-30T00:03:25","date_gmt":"2019-10-30T06:03:25","guid":{"rendered":"https:\/\/www.diarioimagen.net\/?p=448397"},"modified":"2019-10-30T02:55:18","modified_gmt":"2019-10-30T08:55:18","slug":"morenos-mexiquenses","status":"publish","type":"post","link":"https:\/\/www.diarioimagen.net\/?p=448397","title":{"rendered":"\u201cMorenos\u201d mexiquenses"},"content":{"rendered":"<h2>Espacio Electoral<\/h2>\n<h5>Eleazar Flores<\/h5>\n<p>&nbsp;<\/p>\n<p><strong>PAN, Ni sus luces<\/strong>-. Extra\u00f1a que algunos se escandalicen por los pleitos que provoca la elecci\u00f3n de delegados municipales al consejo nacional de Morena el mes pr\u00f3ximo en municipios otrora tranquilos como Metepec, de Ecatepec ni dudarlo, es su comportamiento constante.<\/p>\n<p>Lo lastimoso es el ostracismo del PAN, anta\u00f1o con clase pol\u00edtica de rango nacional como los Vicencio Tovar,\u00a0 Dur\u00e1n Reveles y dem\u00e1s. Del PRI cuando menos se sabe poco de su proceso interno\u00a0 que tambi\u00e9n est\u00e1 en espera de lineamientos superiores que eviten a sus huestes equivocarse y salirse del carril tricolor que se orquesta desde Lerdo 300.<\/p>\n<p><strong>Morena<\/strong>-. El Movimiento de Regeneraci\u00f3n Nacional en el estado de M\u00e9xico podr\u00eda catalogarse de mayor fuerza y presencia, incluyendo a la capital del pa\u00eds que (des)gobierna Claudia Sheinbaum, que en habitantes y simpatizantes de Morena es menor a la poblaci\u00f3n mexiquense, concretamente diez millones de chilangos contra 16 de paisanos de Sor Juana y Nezahualc\u00f3yotl.<\/p>\n<p>Por si fuera poco, la C\u00e1mara de Diputados mexiquense, la m\u00e1s numerosa del pa\u00eds con 75 legisladores, la domina Morena con su l\u00edder de la Junta de Coordinaci\u00f3n Pol\u00edtica, un ex priista del valle de M\u00e9xico, Maurilio Hern\u00e1ndez, pero que al parecer ha sido muy \u00fatil a la dirigencia nacional del partido, -no forzosamente Yeidckol sino al hijo de ya saben qui\u00e9n-.<\/p>\n<p>Con todo y lo que significa, esta fuerza no es todo pues Morena domina al valle de Toluca con alcald\u00edas ic\u00f3nicas como la misma capital, pero tambi\u00e9n la cuna de seis ex gobernadores y un ex presidente de la rep\u00fablica, Atlacomulco y \u201ca\u00fan hay m\u00e1s\u201d, Metepec, residencia actual de la clase pol\u00edtica de las \u00faltimas tres d\u00e9cadas y tambi\u00e9n del pesado empresariado mexiquense.<\/p>\n<p><strong>PROSPECTOS<\/strong>-. En este momento si algo le sobra a Morena son prospectos para presidir el partido y hasta el gobierno dentro de tres o m\u00e1s a\u00f1os si el PRI o el PAN no se recuperan. Los aspirantes m\u00e1s visibles son el senador texcocano con licencia Higinio Mart\u00ednez, ex candidato a gobernador a fines del siglo posado. Si Higinio dej\u00f3 su esca\u00f1o fue por algo.<\/p>\n<p>Tambi\u00e9n el mismo diputado y l\u00edder de la Jucopo, Mauricio Hern\u00e1ndez y quienes saben creen que la opini\u00f3n de la s\u00faper delgada Delfina G\u00f3mez ser\u00e1 determinante, pues en los dos a\u00f1os que lleva en el cargo ha sabido hacer los amarres suficientes con la naciente clase pol\u00edtica morena, pues hay que considerar que \u00e9sta se form\u00f3 de panistas y priistas de cu\u00f1o.<\/p>\n<p>Del PRI ni hablar pues no obstante que est\u00e1n programadas asambleas municipales electivas, ning\u00fan sector se mueve ni en favor ni en contra de alg\u00fan prospecto. Lo har\u00e1n la semana entrante.<\/p>\n<p><a href=\"mailto:elefa44@gmail.com\" target=\"_blank\" rel=\"noopener noreferrer\"><em>elefa44@gmail.com<\/em><\/a><\/p>\n","protected":false},"excerpt":{"rendered":"<p><span style=\"color: #005497;\"><strong>Eleazar Flores<\/strong><\/span><\/p>\n","protected":false},"author":3,"featured_media":0,"comment_status":"open","ping_status":"open","sticky":false,"template":"","format":"standard","meta":{"_monsterinsights_skip_tracking":false,"_monsterinsights_sitenote_active":false,"_monsterinsights_sitenote_note":"","_monsterinsights_sitenote_category":0,"footnotes":""},"categories":[81743],"tags":[81744,81776,43674],"class_list":["post-448397","post","type-post","status-publish","format-standard","hentry","category-eleazar-flores","tag-eleazar-flores","tag-espacio-electoral","tag-opinion"],"_links":{"self":[{"href":"https:\/\/www.diarioimagen.net\/index.php?rest_route=\/wp\/v2\/posts\/448397","targetHints":{"allow":["GET"]}}],"collection":[{"href":"https:\/\/www.diarioimagen.net\/index.php?rest_route=\/wp\/v2\/posts"}],"about":[{"href":"https:\/\/www.diarioimagen.net\/index.php?rest_route=\/wp\/v2\/types\/post"}],"author":[{"embeddable":true,"href":"https:\/\/www.diarioimagen.net\/index.php?rest_route=\/wp\/v2\/users\/3"}],"replies":[{"embeddable":true,"href":"https:\/\/www.diarioimagen.net\/index.php?rest_route=%2Fwp%2Fv2%2Fcomments&post=448397"}],"version-history":[{"count":0,"href":"https:\/\/www.diarioimagen.net\/index.php?rest_route=\/wp\/v2\/posts\/448397\/revisions"}],"wp:attachment":[{"href":"https:\/\/www.diarioimagen.net\/index.php?rest_route=%2Fwp%2Fv2%2Fmedia&parent=448397"}],"wp:term":[{"taxonomy":"category","embeddable":true,"href":"https:\/\/www.diarioimagen.net\/index.php?rest_route=%2Fwp%2Fv2%2Fcategories&post=448397"},{"taxonomy":"post_tag","embeddable":true,"href":"https:\/\/www.diarioimagen.net\/index.php?rest_route=%2Fwp%2Fv2%2Ftags&post=448397"}],"curies":[{"name":"wp","href":"https:\/\/api.w.org\/{rel}","templated":true}]}}